{"id":6539,"date":"2014-04-30T08:55:00","date_gmt":"2014-04-30T06:55:00","guid":{"rendered":"http:\/\/radsportbezirk-westfalen-mitte.de\/wordpress\/?p=6539"},"modified":"2019-05-04T11:30:52","modified_gmt":"2019-05-04T09:30:52","slug":"abus-ruhrbike-festival-part3","status":"publish","type":"post","link":"https:\/\/radsportbezirk-westfalen-mitte.de\/wordpress\/6539\/","title":{"rendered":"ABUS-Ruhrbike-Festival am 3.-4.Mai 2014 in Wetter (Ruhr)"},"content":{"rendered":"<p><strong>Die letzten Vorbereitungen<\/strong><\/p>\n<p>Fast ist es soweit, denn am Samstag den 3. Mai f\u00e4llt um 13:00 Uhr der Startschuss am Geschwister Scholl Gymnasium zum ABUS-Ruhrbike-Marathon.<\/p>\n<p><!--more--><\/p>\n<p>Neben dem sportlichen Aspekt gibt es viel zu sehen auf dem Harkortberg. F\u00fcr Unterhaltung, Spiel und Spa\u00df ist auf dem Festivalgel\u00e4nde gesorgt, dort geht es ebenfalls um 13:00 Uhr am Samstag los.<\/p>\n<p><strong>Keine Angst vor Schlamm<\/strong><\/p>\n<p>Keine Angst vor dem Schlamm der letzten Regentage hat Ivone Kraft, Profi-Bikerin vom Mountainbike Club Bochum e.V., und kommt zum Marathon am Samstag und zum Cross Country am Sonntag. Die 44j\u00e4hrige Olympiateilnehmerin aus Athen hat schon so einige Kilometer mit ihren groben Stollenreifen abgefahren und stellt sich der Herausforderung in Wetter (Ruhr). Eigentlich \u201eHabe ich mich ja auf Etappenrennen spezialisiert\u201c so Kraft. Sie startete 2013 beim Brasil Ride mit Mateus Ferraz im Mixed Team und konnte dort zum 3. mal einen Sieg einfahren.<\/p>\n<p>Obwohl \u201ezuletzt richtig in Andalusien beim Rennen trainiert wurde\u201c und das \u201eist ja erst 2 Monate her\u201c geht Ivonne Kraft optimistisch an den Start und kann auf eine gute Platzierung hoffen.<\/p>\n<p><strong>F\u00fcr Fotos wird gesorgt<\/strong><\/p>\n<p>Der Foto-Service \u201eSportograf\u201c bietet dieses Jahr einen besonderen Service in Wetter (Ruhr) an und k\u00fcmmert sich um die Aktion-Bilder der Biker. Die Fotografen werden sich an unterschiedlichen Spots auf der Strecke positionieren und einige Schnappsch\u00fcsse von den Fahrern erzielen, also bitte l\u00e4cheln!<\/p>\n<p>&nbsp;<\/p>\n<p><img loading=\"lazy\" decoding=\"async\" class=\"aligncenter wp-image-6536\" src=\"http:\/\/radsportbezirk-westfalen-mitte.de\/wordpress\/wp-content\/uploads\/2014\/04\/14_Fahrer.jpg\" alt=\"\" width=\"500\" height=\"332\" border=\"1\" srcset=\"https:\/\/radsportbezirk-westfalen-mitte.de\/wordpress\/wp-content\/uploads\/2014\/04\/14_Fahrer.jpg 750w, https:\/\/radsportbezirk-westfalen-mitte.de\/wordpress\/wp-content\/uploads\/2014\/04\/14_Fahrer-300x199.jpg 300w\" sizes=\"auto, (max-width: 500px) 100vw, 500px\" \/><\/p>\n<p>&nbsp;<\/p>\n<p style=\"text-align: center;\"><img loading=\"lazy\" decoding=\"async\" class=\"wp-image-6537 aligncenter\" src=\"http:\/\/radsportbezirk-westfalen-mitte.de\/wordpress\/wp-content\/uploads\/2014\/04\/14_Ivonne_Kraft.jpg\" alt=\"\" width=\"500\" height=\"361\" border=\"1\" srcset=\"https:\/\/radsportbezirk-westfalen-mitte.de\/wordpress\/wp-content\/uploads\/2014\/04\/14_Ivonne_Kraft.jpg 750w, https:\/\/radsportbezirk-westfalen-mitte.de\/wordpress\/wp-content\/uploads\/2014\/04\/14_Ivonne_Kraft-300x216.jpg 300w\" sizes=\"auto, (max-width: 500px) 100vw, 500px\" \/><em>Ivonne Kraft, Profi-Bikerin vom Mountainbike Club Bochum e.V.<\/em><\/p>\n<p>&nbsp;<\/p>\n<p style=\"text-align: center;\"><img loading=\"lazy\" decoding=\"async\" class=\"aligncenter wp-image-11734\" src=\"http:\/\/radsportbezirk-westfalen-mitte.de\/wordpress\/wp-content\/uploads\/2019\/03\/14_Start-Marathon-1.jpg\" alt=\"\" width=\"500\" height=\"333\" border=\"1\" srcset=\"https:\/\/radsportbezirk-westfalen-mitte.de\/wordpress\/wp-content\/uploads\/2019\/03\/14_Start-Marathon-1.jpg 750w, https:\/\/radsportbezirk-westfalen-mitte.de\/wordpress\/wp-content\/uploads\/2019\/03\/14_Start-Marathon-1-300x200.jpg 300w\" sizes=\"auto, (max-width: 500px) 100vw, 500px\" \/><em>Start Marathon<\/em><\/p>\n<p>&nbsp;<\/p>\n<p>&nbsp;<\/p>\n<p>&nbsp;<\/p>\n<p>&nbsp;<\/p>\n<p>&nbsp;<\/p>\n","protected":false},"excerpt":{"rendered":"<p>Die letzten Vorbereitungen<\/p>\n<p>Fast ist es soweit, denn am Samstag den 3. Mai f\u00e4llt um 13:00 Uhr der Startschuss am Geschwister Scholl Gymnasium zum ABUS-Ruhrbike-Marathon.<\/p><p><a class=\"more-link btn\" href=\"https:\/\/radsportbezirk-westfalen-mitte.de\/wordpress\/6539\/\">Weiterlesen<\/a><\/p>\n","protected":false},"author":1,"featured_media":0,"comment_status":"closed","ping_status":"closed","sticky":false,"template":"","format":"standard","meta":{"footnotes":""},"categories":[34,43],"tags":[57,214,276,277,477,818],"class_list":["post-6539","post","type-post","status-publish","format-standard","hentry","category-breitensport","category-mtb","tag-57","tag-mtb","tag-abus-ruhrbike-festival","tag-harkortberg","tag-wetter-ruhr","tag-mtb-marathon","wp-image-borders","item-wrap"],"_links":{"self":[{"href":"https:\/\/radsportbezirk-westfalen-mitte.de\/wordpress\/wp-json\/wp\/v2\/posts\/6539","targetHints":{"allow":["GET"]}}],"collection":[{"href":"https:\/\/radsportbezirk-westfalen-mitte.de\/wordpress\/wp-json\/wp\/v2\/posts"}],"about":[{"href":"https:\/\/radsportbezirk-westfalen-mitte.de\/wordpress\/wp-json\/wp\/v2\/types\/post"}],"author":[{"embeddable":true,"href":"https:\/\/radsportbezirk-westfalen-mitte.de\/wordpress\/wp-json\/wp\/v2\/users\/1"}],"replies":[{"embeddable":true,"href":"https:\/\/radsportbezirk-westfalen-mitte.de\/wordpress\/wp-json\/wp\/v2\/comments?post=6539"}],"version-history":[{"count":4,"href":"https:\/\/radsportbezirk-westfalen-mitte.de\/wordpress\/wp-json\/wp\/v2\/posts\/6539\/revisions"}],"predecessor-version":[{"id":11735,"href":"https:\/\/radsportbezirk-westfalen-mitte.de\/wordpress\/wp-json\/wp\/v2\/posts\/6539\/revisions\/11735"}],"wp:attachment":[{"href":"https:\/\/radsportbezirk-westfalen-mitte.de\/wordpress\/wp-json\/wp\/v2\/media?parent=6539"}],"wp:term":[{"taxonomy":"category","embeddable":true,"href":"https:\/\/radsportbezirk-westfalen-mitte.de\/wordpress\/wp-json\/wp\/v2\/categories?post=6539"},{"taxonomy":"post_tag","embeddable":true,"href":"https:\/\/radsportbezirk-westfalen-mitte.de\/wordpress\/wp-json\/wp\/v2\/tags?post=6539"}],"curies":[{"name":"wp","href":"https:\/\/api.w.org\/{rel}","templated":true}]}}