{"id":6515,"date":"2014-04-15T08:54:18","date_gmt":"2014-04-15T06:54:18","guid":{"rendered":"http:\/\/radsportbezirk-westfalen-mitte.de\/wordpress\/?p=6515"},"modified":"2019-04-21T11:42:33","modified_gmt":"2019-04-21T09:42:33","slug":"aaron-grosser-s-traum-wird-wahr","status":"publish","type":"post","link":"https:\/\/radsportbezirk-westfalen-mitte.de\/wordpress\/6515\/","title":{"rendered":"Aaron Grossers Traum wird wahr!"},"content":{"rendered":"<p>Sein Ziel f\u00fcr 2014 hatte Aaron Grosser schon Ende der letzten Saison klar formuliert: <em>Ich will 2014 das Trikot der &#8222;Deutschen Nationalmannschaft&#8220; tragen.<\/em><\/p>\n<p><!--more--><\/p>\n<p>Schon 2013 geh\u00f6rte der erst 16 j\u00e4hrige (er ist einer der j\u00fcngsten Juniorenfahrer im Feld) des RSV Unna zu den Top Fahrern in der Juniorenklasse. Rang 10 in der BDR-Rangliste, Deutscher Vizemeister und mehrfacher NRW-Landesmeister und\u00a0 6facher Saisonsieger waren die Erfolge des Vorjahres.<\/p>\n<p>Die gerade angefangenen Saison 2014 beginnt f\u00fcr ihn mit Top-Erfolgen. Sieg beim Auftakt in Neheim, NRW-Meister auf den Bahn im Omnium, Top-Platzierungen bei gro\u00dfen internationalen Stra\u00dfenrennen und die Kr\u00f6nung: Platz 2 und 3 in der internationalen Cottbuser Junioren Etappenfahrt.<br \/>\nBei dieser Rundfahrt wurde Bundestrainer Wolfgang Ruser auf den jungen Unnaer aufmerksam. 2 Tage sp\u00e4ter kam die Nationalmannschafts-Nominierung.<\/p>\n<p>Die international wertvollste Rennserie, der &#8222;Nationen-Cup&#8220; , wird vom 25. April bis 27. April mit dem schweren Rennen &#8222;Tour of Istria&#8220; in Croatien fortgesetzt.<br \/>\nDiese Rennserie ist wie eine Weltmeisterschaft besetzt. Jeweils 22 Nationen entsenden hier ihre besten Junioren.<\/p>\n<p>Hier wird Aaron erstmals in seiner Laufbahn das Trikot der &#8222;Deutschen Nationalmannschaft&#8220; tragen. Eine gro\u00dfe sportliche Herausforderung f\u00fcr den talentierten Radsportler vom RSV Unna. Aaron setzt damit die Tradition des RSV weiter fort und ist in der Geschichte des RSV Unna 1968 e.V. der 46. Sportler der in die Nationalmannschaft berufen wurde.<\/p>\n<p>&nbsp;<\/p>\n<p style=\"text-align: center;\"><img loading=\"lazy\" decoding=\"async\" class=\"aligncenter wp-image-6514\" src=\"http:\/\/radsportbezirk-westfalen-mitte.de\/wordpress\/wp-content\/uploads\/2014\/04\/Aaron_und_Hannah.jpg\" alt=\"Aaron und seine Schwester Hannah\" width=\"500\" height=\"429\" border=\"1\" srcset=\"https:\/\/radsportbezirk-westfalen-mitte.de\/wordpress\/wp-content\/uploads\/2014\/04\/Aaron_und_Hannah.jpg 750w, https:\/\/radsportbezirk-westfalen-mitte.de\/wordpress\/wp-content\/uploads\/2014\/04\/Aaron_und_Hannah-300x257.jpg 300w\" sizes=\"auto, (max-width: 500px) 100vw, 500px\" \/><br \/>\n<em>Schwester Hannah, Aarons gr\u00f6\u00dfter Fan, freut sich mit ihm<br \/>\n\u00fcber die Nationalmannschafts-Nominierung.<\/em><\/p>\n<p>&nbsp;<\/p>\n<p>&nbsp;<\/p>\n<p>&nbsp;<\/p>\n<p>&nbsp;<\/p>\n<p>&nbsp;<\/p>\n<h2 align=\"center\"><b><i>Text und Foto: RSV Unna<\/i><\/b><\/h2>\n<p>&nbsp;<\/p>\n<p>&nbsp;<\/p>\n<p>&nbsp;<\/p>\n<p>&nbsp;<\/p>\n<p>&nbsp;<\/p>\n","protected":false},"excerpt":{"rendered":"<p>Sein Ziel f\u00fcr 2014 hatte Aaron Grosser schon Ende der letzten Saison klar formuliert: Ich will 2014 das Trikot der &#8222;Deutschen Nationalmannschaft&#8220; tragen.<\/p><p><a class=\"more-link btn\" href=\"https:\/\/radsportbezirk-westfalen-mitte.de\/wordpress\/6515\/\">Weiterlesen<\/a><\/p>\n","protected":false},"author":1,"featured_media":0,"comment_status":"closed","ping_status":"closed","sticky":false,"template":"","format":"standard","meta":{"footnotes":""},"categories":[33],"tags":[57,218,255,685],"class_list":["post-6515","post","type-post","status-publish","format-standard","hentry","category-rennsport","tag-57","tag-strasse","tag-aaron-grosser","tag-tsv-unna","wp-image-borders","item-wrap"],"_links":{"self":[{"href":"https:\/\/radsportbezirk-westfalen-mitte.de\/wordpress\/wp-json\/wp\/v2\/posts\/6515","targetHints":{"allow":["GET"]}}],"collection":[{"href":"https:\/\/radsportbezirk-westfalen-mitte.de\/wordpress\/wp-json\/wp\/v2\/posts"}],"about":[{"href":"https:\/\/radsportbezirk-westfalen-mitte.de\/wordpress\/wp-json\/wp\/v2\/types\/post"}],"author":[{"embeddable":true,"href":"https:\/\/radsportbezirk-westfalen-mitte.de\/wordpress\/wp-json\/wp\/v2\/users\/1"}],"replies":[{"embeddable":true,"href":"https:\/\/radsportbezirk-westfalen-mitte.de\/wordpress\/wp-json\/wp\/v2\/comments?post=6515"}],"version-history":[{"count":4,"href":"https:\/\/radsportbezirk-westfalen-mitte.de\/wordpress\/wp-json\/wp\/v2\/posts\/6515\/revisions"}],"predecessor-version":[{"id":10965,"href":"https:\/\/radsportbezirk-westfalen-mitte.de\/wordpress\/wp-json\/wp\/v2\/posts\/6515\/revisions\/10965"}],"wp:attachment":[{"href":"https:\/\/radsportbezirk-westfalen-mitte.de\/wordpress\/wp-json\/wp\/v2\/media?parent=6515"}],"wp:term":[{"taxonomy":"category","embeddable":true,"href":"https:\/\/radsportbezirk-westfalen-mitte.de\/wordpress\/wp-json\/wp\/v2\/categories?post=6515"},{"taxonomy":"post_tag","embeddable":true,"href":"https:\/\/radsportbezirk-westfalen-mitte.de\/wordpress\/wp-json\/wp\/v2\/tags?post=6515"}],"curies":[{"name":"wp","href":"https:\/\/api.w.org\/{rel}","templated":true}]}}