{"id":6463,"date":"2014-02-11T08:54:18","date_gmt":"2014-02-11T07:54:18","guid":{"rendered":"http:\/\/radsportbezirk-westfalen-mitte.de\/wordpress\/?p=6463"},"modified":"2019-04-21T11:49:04","modified_gmt":"2019-04-21T09:49:04","slug":"cross-duathlon-in-wenden-huensborn-am-27-04-2014","status":"publish","type":"post","link":"https:\/\/radsportbezirk-westfalen-mitte.de\/wordpress\/6463\/","title":{"rendered":"Cross-Duathlon in Wenden-H\u00fcnsborn am 27.04.2014"},"content":{"rendered":"<p><strong>Formtest bei \u201eH\u00fcnsborn to be wild\u201c<br \/>\nCross-Duathlon in Wenden-H\u00fcnsborn am 27.04.2014<\/strong><\/p>\n<p>Wer m\u00f6chte nicht nach den langen und einsamen Trainingswochen in den Wintermonaten seine Form im Wettkampf testen und pr\u00fcfen, ob das absolvierte Training angeschlagen hat?<\/p>\n<p><!--more--><\/p>\n<p>Fragen, die sich jeder Sportler bei seinen Vorbereitungen schon tausendmal gestellt hat:<\/p>\n<ul>\n<li>Schaffe ich es, meine Ziele f\u00fcr die beginnende Saison umzusetzen?<\/li>\n<li>Bin ich auf dem richtigen Weg?<\/li>\n<li>Sind meine Zwischenziele erreichbar?<\/li>\n<li>Muss ich an meinem Training oder der Planung etwas ver\u00e4ndern?<\/li>\n<li>Wie hat sich der Trainingsausfall durch Verletzung oder Krankheit bemerkbar gemacht?<\/li>\n<\/ul>\n<p>F\u00fcr die geplante Saison 2014 stehen f\u00fcr die sportlich ambitionierten Wettk\u00e4mpfer aus den Bereichen Laufsport, Stra\u00dfenrennsport, MTB, Duathlon und Triathlon unterschiedliche Ziele an.<\/p>\n<p>In den Wintermonaten wechseln viele Sportler die Disziplin. Sie halten sich mit langen L\u00e4ufen fit und st\u00e4rken damit ihre Grundlagenausdauer.<br \/>\nDiese gilt es vor der Hauptsaison zu \u00fcberpr\u00fcfen und sich mit vielen anderen Gleichgesinnten in einem Formcheck zu stellen.<\/p>\n<p style=\"text-align: center;\">\u00a0<img loading=\"lazy\" decoding=\"async\" class=\" size-full wp-image-6462\" style=\"border: 0;\" src=\"http:\/\/radsportbezirk-westfalen-mitte.de\/wordpress\/wp-content\/uploads\/2014\/02\/HuensBornLogo-CrossDuathlon.jpg\" alt=\"Logo H\u00fcnsborn CrossDuathlon\" width=\"425\" height=\"207\" border=\"0\" srcset=\"https:\/\/radsportbezirk-westfalen-mitte.de\/wordpress\/wp-content\/uploads\/2014\/02\/HuensBornLogo-CrossDuathlon.jpg 2551w, https:\/\/radsportbezirk-westfalen-mitte.de\/wordpress\/wp-content\/uploads\/2014\/02\/HuensBornLogo-CrossDuathlon-300x146.jpg 300w, https:\/\/radsportbezirk-westfalen-mitte.de\/wordpress\/wp-content\/uploads\/2014\/02\/HuensBornLogo-CrossDuathlon-768x373.jpg 768w, https:\/\/radsportbezirk-westfalen-mitte.de\/wordpress\/wp-content\/uploads\/2014\/02\/HuensBornLogo-CrossDuathlon-1024x498.jpg 1024w, https:\/\/radsportbezirk-westfalen-mitte.de\/wordpress\/wp-content\/uploads\/2014\/02\/HuensBornLogo-CrossDuathlon-1568x762.jpg 1568w\" sizes=\"auto, (max-width: 425px) 100vw, 425px\" \/><\/p>\n<p>Der RSV Osthelden bietet die geeignete M\u00f6glichkeit am Sonntag, dem 27.04.2014 beim 1. H\u00fcnsborner Cross-Duathlon &#8211; \u201eH\u00fcnsborn to be wild\u201c.<\/p>\n<p>Bei einer Cross-Duathlon-Veranstaltung ist es m\u00f6glich, die ganze Familie an den Start zu bekommen. Startm\u00f6glichkeiten werden f\u00fcr alle Altersklassen auf unterschiedlichen Strecken angeboten. Vom Sch\u00fcler B (10 Jahre) bis hin zu den Altersklassen Senioren 7 (70-74 Jahre) k\u00f6nnen sich die Wettk\u00e4mpfer austoben und ihre Fitness unter Beweis stellen.<\/p>\n<p>Bei einer Staffel k\u00f6nnen die Sportler gemeinsam mit ihrer Familie, Freunden oder Arbeitskollegen an den Start gehen, sich der Herausforderung stellen und f\u00fcr ein unvergessliches Erlebnis sorgen.<\/p>\n<p>&nbsp;<\/p>\n<table style=\"text-align: left; width: 100%;\" border=\"0\" cellspacing=\"3\" cellpadding=\"3\">\n<tbody>\n<tr>\n<th><\/th>\n<th style=\"font-weight: bold; font-style: italic; text-align: center;\"><span style=\"font-style: italic;\"><span style=\"font-weight: bold;\">1. Lauf<\/span><\/span><\/th>\n<th style=\"font-weight: bold; font-style: italic; text-align: center;\">MTB<\/th>\n<th style=\"font-weight: bold; font-style: italic; text-align: center;\">2. Lauf<\/th>\n<\/tr>\n<tr>\n<td style=\"width: 25%;\">Mitteldistanz<\/td>\n<td style=\"width: 25%; text-align: center;\">3 x 4,5 km<\/td>\n<td style=\"width: 25%; text-align: center;\">4 x 10 km<\/td>\n<td style=\"width: 25%; text-align: center;\">2 x 4,5 km<\/td>\n<\/tr>\n<tr>\n<td style=\"width: 25%;\">Kurzdistanz<\/td>\n<td style=\"width: 25%; text-align: center;\">2 x 4,5 km<\/td>\n<td style=\"width: 25%; text-align: center;\">3 x 10km<\/td>\n<td style=\"width: 25%; text-align: center;\">1 x 4,5km<\/td>\n<\/tr>\n<tr>\n<td style=\"width: 25%;\">Jedermann<\/td>\n<td style=\"width: 25%; text-align: center;\">1 x 4,5km<\/td>\n<td style=\"width: 25%; text-align: center;\">2 x 4,5km<\/td>\n<td style=\"width: 25%; text-align: center;\">1 x 4,5km<\/td>\n<\/tr>\n<tr>\n<td style=\"width: 25%;\">Junioren \/ Juniorinnen<\/td>\n<td style=\"width: 25%; text-align: center;\">1 x 4,5km<\/td>\n<td style=\"width: 25%; text-align: center;\">2 x 4,5km<\/td>\n<td style=\"width: 25%; text-align: center;\">1 x 4,5km<\/td>\n<\/tr>\n<tr>\n<td style=\"width: 25%;\">Jugend A<\/td>\n<td style=\"width: 25%; text-align: center;\">3 x 1,5 km<\/td>\n<td style=\"width: 25%; text-align: center;\">3 x 3,5 km<\/td>\n<td style=\"width: 25%; text-align: center;\">1 x 1,5 km<\/td>\n<\/tr>\n<tr>\n<td style=\"width: 25%;\">Jugend B \/ Sch\u00fcler A<\/td>\n<td style=\"width: 25%; text-align: center;\">1 x 1,5 km<\/td>\n<td style=\"width: 25%; text-align: center;\">2 x 3,5 km<\/td>\n<td style=\"width: 25%; text-align: center;\">1 x 0,6 km<\/td>\n<\/tr>\n<tr>\n<td style=\"width: 25%;\">Sch\u00fcler B<\/td>\n<td style=\"width: 25%; text-align: center;\">1 x 1,5 km<\/td>\n<td style=\"width: 25%; text-align: center;\">1 x 3,5 km<\/td>\n<td style=\"width: 25%; text-align: center;\">1 x 0,6 km<\/td>\n<\/tr>\n<\/tbody>\n<\/table>\n<p>&nbsp;<\/p>\n<p>Die Anmeldung zu den Wettk\u00e4mpfen kann \u00fcber die Vereinshomepage erfolgen.<\/p>\n<p>Der B\u00fcrgermeister der Gemeinde Wenden, Peter Br\u00fcser, \u00fcber die Veranstaltung:<br \/>\n<em>\u201eIch bin stolz auf die Vielfalt der Sportlandschaft in unserer Gemeinde, die am 27. April um ein ganz besonderes Sportereignis, n\u00e4mlich den 1. H\u00fcnsborner Cross-Duathlon erweitert wird.<\/em><\/p>\n<p>Ich bin mir sicher, dass die Mischung aus tollem Naturerlebnis und sportlichem Wettkampf den Cross-Duathlon zu einem Highlight f\u00fcr Aktive und Zuschauer werden l\u00e4sst.<\/p>\n<p>Ich danke dem Veranstalter und dem Organisationsteam des Radsportvereins Osthelden e.V. f\u00fcr die Durchf\u00fchrung dieses sportlichen Gro\u00dfereignisses und den damit verbundenen Einsatz.<\/p>\n<p>Ich freue mich auf spannende, sportlich faire Wettk\u00e4mpfe und w\u00fcnsche allen Teilnehmern, dass sie ihre besten Leistungen abrufen k\u00f6nnen und von Verletzungen und Ausf\u00e4llen verschont bleiben.\u201c<\/p>\n<p>Um den Teilnehmern und Interessierten aus der heimischen Region die Wettkampfstrecke vorab ein wenig n\u00e4her zu bringen, wird der Radsportverein zwei Termine anbieten, bei der die Streckenf\u00fchrung vorgestellt wird. N\u00e4here Informationen zur Vorabbesichtigung werden in K\u00fcrze auf der Homepage des RSV Osthelden bekanntgegeben: <a href=\"www.rsvosthelden.de\" target=\"_blank\" rel=\"noopener noreferrer\"><em>www.rsvosthelden.de<\/em><br \/>\n<\/a><\/p>\n<p>&nbsp;<\/p>\n<p>&nbsp;<\/p>\n<p>&nbsp;<\/p>\n<p>&nbsp;<\/p>\n<p>&nbsp;<\/p>\n<h2 align=\"center\"><b><i>Text: RSV Osthelden<\/i><\/b><\/h2>\n<p>&nbsp;<\/p>\n<p>&nbsp;<\/p>\n<p>&nbsp;<\/p>\n<p>&nbsp;<\/p>\n<p>&nbsp;<\/p>\n","protected":false},"excerpt":{"rendered":"<p>Formtest bei \u201eH\u00fcnsborn to be wild\u201c Cross-Duathlon in Wenden-H\u00fcnsborn am 27.04.2014<\/p>\n<p>Wer m\u00f6chte nicht nach den langen und einsamen Trainingswochen in den Wintermonaten seine Form im Wettkampf testen und pr\u00fcfen, ob das absolvierte Training angeschlagen hat?<\/p><p><a class=\"more-link btn\" href=\"https:\/\/radsportbezirk-westfalen-mitte.de\/wordpress\/6463\/\">Weiterlesen<\/a><\/p>\n","protected":false},"author":1,"featured_media":0,"comment_status":"closed","ping_status":"closed","sticky":false,"template":"","format":"standard","meta":{"footnotes":""},"categories":[48],"tags":[57,171,318,326],"class_list":["post-6463","post","type-post","status-publish","format-standard","hentry","category-cross-querfeldeinrennen","tag-57","tag-rsv-osthelden","tag-cross-duathlon","tag-huensborn-2-be-wild","wp-image-borders","item-wrap"],"_links":{"self":[{"href":"https:\/\/radsportbezirk-westfalen-mitte.de\/wordpress\/wp-json\/wp\/v2\/posts\/6463","targetHints":{"allow":["GET"]}}],"collection":[{"href":"https:\/\/radsportbezirk-westfalen-mitte.de\/wordpress\/wp-json\/wp\/v2\/posts"}],"about":[{"href":"https:\/\/radsportbezirk-westfalen-mitte.de\/wordpress\/wp-json\/wp\/v2\/types\/post"}],"author":[{"embeddable":true,"href":"https:\/\/radsportbezirk-westfalen-mitte.de\/wordpress\/wp-json\/wp\/v2\/users\/1"}],"replies":[{"embeddable":true,"href":"https:\/\/radsportbezirk-westfalen-mitte.de\/wordpress\/wp-json\/wp\/v2\/comments?post=6463"}],"version-history":[{"count":3,"href":"https:\/\/radsportbezirk-westfalen-mitte.de\/wordpress\/wp-json\/wp\/v2\/posts\/6463\/revisions"}],"predecessor-version":[{"id":10969,"href":"https:\/\/radsportbezirk-westfalen-mitte.de\/wordpress\/wp-json\/wp\/v2\/posts\/6463\/revisions\/10969"}],"wp:attachment":[{"href":"https:\/\/radsportbezirk-westfalen-mitte.de\/wordpress\/wp-json\/wp\/v2\/media?parent=6463"}],"wp:term":[{"taxonomy":"category","embeddable":true,"href":"https:\/\/radsportbezirk-westfalen-mitte.de\/wordpress\/wp-json\/wp\/v2\/categories?post=6463"},{"taxonomy":"post_tag","embeddable":true,"href":"https:\/\/radsportbezirk-westfalen-mitte.de\/wordpress\/wp-json\/wp\/v2\/tags?post=6463"}],"curies":[{"name":"wp","href":"https:\/\/api.w.org\/{rel}","templated":true}]}}