{"id":6405,"date":"2013-10-01T08:55:49","date_gmt":"2013-10-01T06:55:49","guid":{"rendered":"http:\/\/radsportbezirk-westfalen-mitte.de\/wordpress\/?p=6405"},"modified":"2019-05-19T09:50:21","modified_gmt":"2019-05-19T07:50:21","slug":"einladung-zur-letzte-radtourenfahrt-2013-in-dortmund","status":"publish","type":"post","link":"https:\/\/radsportbezirk-westfalen-mitte.de\/wordpress\/6405\/","title":{"rendered":"Einladung zur letzte Radtourenfahrt 2013 in Dortmund"},"content":{"rendered":"<p>Traditionell findet am ersten Oktobersonntag die letzte Radtourenfahrt und das Saisonfinale im Radsport Bezirk Westfalen Mitte in Dortmund statt.<\/p>\n<p><!--more--><\/p>\n<p>Start und Ziel ist am 6. Oktober die Europaschule Dortmund. Veranstalter ist der Radsportbezirk Westfalen Mitte im Zusammenschluss mit Mitgliedsvereinen.<\/p>\n<p>Ab 9.00 Uhr k\u00f6nnen die Teilnehmer auf drei ausgeschilderten Touren \u00fcber 41, 71 und 111 km gehen. Dabei gehen alle Touren durch das s\u00fcdliche M\u00fcnsterland und f\u00fchrt die Radtourenfahrer und Fahrerinnen durch die jetzt Herbstliche Parklandschaft des gr\u00fcn G\u00fcrtels im Dortmund Norden.<\/p>\n<p>Die kleine Tour \u00fcber 41 km f\u00fchrt zum Schloss Schwansbell in L\u00fcnen S\u00fcd und streift auch das ehemalige Gel\u00e4nde der Landesgartenschau. Diese Tour ist besonders geeignet f\u00fcr Familien und Einsteiger des Radtourenfahrens.<\/p>\n<p>Auf der 71 km Runden gibt es als H\u00f6hepunkt den kurze Anstieg nach Schloss Cappenberg zu \u00fcberwinden und auf der gro\u00dfen Runde \u00fcber 111 km k\u00f6nnen die Teilnehmer die ausgedehnte Landschaft des M\u00fcnsterlandes genie\u00dfen.<\/p>\n<p><strong>Als Besonderheit:<\/strong> Tourenfahrer k\u00f6nnen an zwei Kontrollstellen einsteigen. So ist dies an der K1 (Gahmener Hofladen, Gahmener Kamp 105 in 44532 L\u00fcnen) und K3 (Bauerhof Werne, Pagenstr.) m\u00f6glich. Dort liegen f\u00fcr die Einsteiger gr\u00fcne Startkarten bereit. Bitte bei den Mitarbeitern an den Kontroll- und Verpflegungsstelle nachfragen. Dann der Strecke nach Start und Ziel in Dortmund folgen um dort das Startgeld zahlen und die Wertungspunkte in die WK eintragen zu lassen.<\/p>\n<p>An drei Kontroll- und Verpflegungsstellen k\u00f6nnen sich die Teilnehmer erfrischen und neue Kr\u00e4fte sammeln. Die Kontrollstellen befindet sich in L\u00fcnen S\u00fcd, L\u00fcdinghausen und Werne und sind alle auf Bauerh\u00f6fe der Region.<\/p>\n<p>Ach ja, auch wenn die Wettervorhersagen nicht gerade \u201eGoldenes Oktoberwetter\u201c versprechen, w\u00fcrde ich mir w\u00fcnschen, wenn viele Freizeit- und Tourenfahrer die letzte Gelegenheit wahrnehmen um noch mal Organisiert eine Radtourenfahrt zu fahren. Denn der Erl\u00f6s der RTF flie\u00dft in das Jahresfest am 3. Advent des Radsport Bezirk Westfalen Mitte zu.<\/p>\n<p>Wer erfolgreich das Ziel erreicht hat der wird mit Hausgemachten Kuchen, frischem Kaffee und Kaltgetr\u00e4nke belohnt. Weitere Informationen zur Veranstaltung gibt es auf der Internetseite des <strong>BZ WM<\/strong> oder telefonisch unter 0231\/59 46 06<\/p>\n<hr \/>\n<p><strong>14. Europa RTF, 6. Oktober 2013<\/strong> (Radsport Bezirk Westfalen Mitte)<\/p>\n<table border=\"0\" width=\"499\" cellspacing=\"3\" cellpadding=\"3\">\n<tbody>\n<tr>\n<td width=\"31%\">Veranstaltungsnummer:<\/td>\n<td width=\"69%\">2627<\/td>\n<\/tr>\n<tr>\n<td width=\"31%\">Verantwortlich:<\/td>\n<td width=\"69%\">Norbert Schnitzmeier, 0231\/59 46 06<\/td>\n<\/tr>\n<tr>\n<td width=\"31%\">Streckenl\u00e4ngen:<\/td>\n<td width=\"69%\">41 \/ 71 \/ 111 km, Sternfahrt zugelassen<\/td>\n<\/tr>\n<tr>\n<td width=\"31%\">Startzeit \/ Einschreibung:<\/td>\n<td width=\"69%\">09:00 Uhr bis 10:30 Uhr<\/td>\n<\/tr>\n<tr>\n<td width=\"31%\">Anmeldung:<\/td>\n<td width=\"69%\">ab 08:30 Uhr<\/td>\n<\/tr>\n<tr>\n<td width=\"31%\">Startort \/ Zielort:<\/td>\n<td width=\"69%\">Europaschule, Am Gottesacker 64, 44141 Dortmund<\/td>\n<\/tr>\n<tr>\n<td width=\"31%\">Startgeld:<\/td>\n<td width=\"69%\">\u20ac 3 f\u00fcr BDR Wertungskartenfahrer, \u20ac 5 f\u00fcr Freizeitfahrer<\/td>\n<\/tr>\n<tr>\n<td width=\"31%\">Anfahrt:<\/td>\n<td width=\"69%\">B 1 Abfahrt Hauptfriedhof\/Pferderennbahn (ADAC Geb\u00e4ude)<\/td>\n<\/tr>\n<\/tbody>\n<\/table>\n<p><em>Wertungslauf zum \u201eGoldenen Radeck\u201c, Einzel- und Mannschaftswertung des BZ. Wertungslauf zur NRW Mannschaftswertung<\/em><\/p>\n<p>&nbsp;<\/p>\n<p>&nbsp;<\/p>\n<p><b>Norbert Schnitzmeier<\/b><br \/>\n<i>(Koordinator RTF\/CTF)<\/i><\/p>\n<p>&nbsp;<\/p>\n<p>&nbsp;<\/p>\n<p>&nbsp;<\/p>\n<p>&nbsp;<\/p>\n<p>&nbsp;<\/p>\n","protected":false},"excerpt":{"rendered":"<p>Traditionell findet am ersten Oktobersonntag die letzte Radtourenfahrt und das Saisonfinale im Radsport Bezirk Westfalen Mitte in Dortmund statt.<\/p><p><a class=\"more-link btn\" href=\"https:\/\/radsportbezirk-westfalen-mitte.de\/wordpress\/6405\/\">Weiterlesen<\/a><\/p>\n","protected":false},"author":1,"featured_media":0,"comment_status":"closed","ping_status":"closed","sticky":false,"template":"","format":"standard","meta":{"footnotes":""},"categories":[29],"tags":[58,92,141,172],"class_list":["post-6405","post","type-post","status-publish","format-standard","hentry","category-rtfctf","tag-bezirk","tag-dortmund","tag-141","tag-rtf","wp-image-borders","item-wrap"],"_links":{"self":[{"href":"https:\/\/radsportbezirk-westfalen-mitte.de\/wordpress\/wp-json\/wp\/v2\/posts\/6405","targetHints":{"allow":["GET"]}}],"collection":[{"href":"https:\/\/radsportbezirk-westfalen-mitte.de\/wordpress\/wp-json\/wp\/v2\/posts"}],"about":[{"href":"https:\/\/radsportbezirk-westfalen-mitte.de\/wordpress\/wp-json\/wp\/v2\/types\/post"}],"author":[{"embeddable":true,"href":"https:\/\/radsportbezirk-westfalen-mitte.de\/wordpress\/wp-json\/wp\/v2\/users\/1"}],"replies":[{"embeddable":true,"href":"https:\/\/radsportbezirk-westfalen-mitte.de\/wordpress\/wp-json\/wp\/v2\/comments?post=6405"}],"version-history":[{"count":3,"href":"https:\/\/radsportbezirk-westfalen-mitte.de\/wordpress\/wp-json\/wp\/v2\/posts\/6405\/revisions"}],"predecessor-version":[{"id":12542,"href":"https:\/\/radsportbezirk-westfalen-mitte.de\/wordpress\/wp-json\/wp\/v2\/posts\/6405\/revisions\/12542"}],"wp:attachment":[{"href":"https:\/\/radsportbezirk-westfalen-mitte.de\/wordpress\/wp-json\/wp\/v2\/media?parent=6405"}],"wp:term":[{"taxonomy":"category","embeddable":true,"href":"https:\/\/radsportbezirk-westfalen-mitte.de\/wordpress\/wp-json\/wp\/v2\/categories?post=6405"},{"taxonomy":"post_tag","embeddable":true,"href":"https:\/\/radsportbezirk-westfalen-mitte.de\/wordpress\/wp-json\/wp\/v2\/tags?post=6405"}],"curies":[{"name":"wp","href":"https:\/\/api.w.org\/{rel}","templated":true}]}}