{"id":6380,"date":"2013-07-30T08:53:35","date_gmt":"2013-07-30T06:53:35","guid":{"rendered":"http:\/\/radsportbezirk-westfalen-mitte.de\/wordpress\/?p=6380"},"modified":"2019-04-10T13:09:02","modified_gmt":"2019-04-10T11:09:02","slug":"vorstellung-bundesradsporttreffen-werne-in-cottbus","status":"publish","type":"post","link":"https:\/\/radsportbezirk-westfalen-mitte.de\/wordpress\/6380\/","title":{"rendered":"Vorstellung Bundesradsporttreffen Werne in Cottbus"},"content":{"rendered":"<p style=\"text-align: left;\">Der Radsportbezirk Westfalen-Mitte\u00a0pr\u00e4sentiert sich auf dem Bundesradsporttreffen 2013 in Cottbus im Festzelt.<\/p>\n<p><!--more--><\/p>\n<p style=\"text-align: left;\">Am Informationstand k\u00f6nnen sich die Touren- und Wanderfahrer \u00fcber die Region des s\u00fcdlichen M\u00fcnsterlandes und des nord\u00f6stlichen Ruhrgebiets \u00fcber die Tourenwochen und das regionale Angebot von Radwandertouren Informieren. Das Interesse am BRT 2014 in Werne ist respektabel, und die Informationsbrosch\u00fcren und Radwanderkarten sind begehrt.<\/p>\n<p style=\"text-align: left;\">Das BRT 2013 in Cottbus geht noch bis zum kommenden Wochenende, und der BZ WM ist mit \u00fcber 100 Radsportlern und Radsportlerinnen gut vertreten. Die Stimmung ist bei gutem Wetter gut.<\/p>\n<p>&nbsp;<\/p>\n<p style=\"text-align: center;\"><img loading=\"lazy\" decoding=\"async\" class=\"aligncenter wp-image-10255\" src=\"http:\/\/radsportbezirk-westfalen-mitte.de\/wordpress\/wp-content\/uploads\/2019\/03\/BRT2013.jpg\" alt=\"\" width=\"500\" height=\"375\" border=\"1\" srcset=\"https:\/\/radsportbezirk-westfalen-mitte.de\/wordpress\/wp-content\/uploads\/2019\/03\/BRT2013.jpg 640w, https:\/\/radsportbezirk-westfalen-mitte.de\/wordpress\/wp-content\/uploads\/2019\/03\/BRT2013-300x225.jpg 300w, https:\/\/radsportbezirk-westfalen-mitte.de\/wordpress\/wp-content\/uploads\/2019\/03\/BRT2013-326x245.jpg 326w, https:\/\/radsportbezirk-westfalen-mitte.de\/wordpress\/wp-content\/uploads\/2019\/03\/BRT2013-80x60.jpg 80w\" sizes=\"auto, (max-width: 500px) 100vw, 500px\" \/><i>Informationsstand des Bezirks Westfalen-Mitte beim Bundesradsporttreffen in Cottbus 2013<\/i><\/p>\n<p>&nbsp;<\/p>\n<p>&nbsp;<\/p>\n<p>&nbsp;<\/p>\n<p>&nbsp;<\/p>\n<p>&nbsp;<\/p>\n<h2 style=\"text-align: center;\"><b><em>Norbert Schnitzmeier<\/em><\/b><\/h2>\n<p>&nbsp;<\/p>\n<p>&nbsp;<\/p>\n<p>&nbsp;<\/p>\n<p>&nbsp;<\/p>\n<p>&nbsp;<\/p>\n","protected":false},"excerpt":{"rendered":"<p style=\"text-align: left;\">Der Radsportbezirk Westfalen-Mitte\u00a0pr\u00e4sentiert sich auf dem Bundesradsporttreffen 2013 in Cottbus im Festzelt.<\/p><p><a class=\"more-link btn\" href=\"https:\/\/radsportbezirk-westfalen-mitte.de\/wordpress\/6380\/\">Weiterlesen<\/a><\/p>\n","protected":false},"author":1,"featured_media":0,"comment_status":"closed","ping_status":"closed","sticky":false,"template":"","format":"standard","meta":{"footnotes":""},"categories":[41],"tags":[451,523,57,141,310],"class_list":["post-6380","post","type-post","status-publish","format-standard","hentry","category-organisation","tag-brt","tag-cottbus","tag-57","tag-141","tag-werne","wp-image-borders","item-wrap"],"_links":{"self":[{"href":"https:\/\/radsportbezirk-westfalen-mitte.de\/wordpress\/wp-json\/wp\/v2\/posts\/6380","targetHints":{"allow":["GET"]}}],"collection":[{"href":"https:\/\/radsportbezirk-westfalen-mitte.de\/wordpress\/wp-json\/wp\/v2\/posts"}],"about":[{"href":"https:\/\/radsportbezirk-westfalen-mitte.de\/wordpress\/wp-json\/wp\/v2\/types\/post"}],"author":[{"embeddable":true,"href":"https:\/\/radsportbezirk-westfalen-mitte.de\/wordpress\/wp-json\/wp\/v2\/users\/1"}],"replies":[{"embeddable":true,"href":"https:\/\/radsportbezirk-westfalen-mitte.de\/wordpress\/wp-json\/wp\/v2\/comments?post=6380"}],"version-history":[{"count":3,"href":"https:\/\/radsportbezirk-westfalen-mitte.de\/wordpress\/wp-json\/wp\/v2\/posts\/6380\/revisions"}],"predecessor-version":[{"id":10256,"href":"https:\/\/radsportbezirk-westfalen-mitte.de\/wordpress\/wp-json\/wp\/v2\/posts\/6380\/revisions\/10256"}],"wp:attachment":[{"href":"https:\/\/radsportbezirk-westfalen-mitte.de\/wordpress\/wp-json\/wp\/v2\/media?parent=6380"}],"wp:term":[{"taxonomy":"category","embeddable":true,"href":"https:\/\/radsportbezirk-westfalen-mitte.de\/wordpress\/wp-json\/wp\/v2\/categories?post=6380"},{"taxonomy":"post_tag","embeddable":true,"href":"https:\/\/radsportbezirk-westfalen-mitte.de\/wordpress\/wp-json\/wp\/v2\/tags?post=6380"}],"curies":[{"name":"wp","href":"https:\/\/api.w.org\/{rel}","templated":true}]}}