{"id":6344,"date":"2013-07-04T08:54:18","date_gmt":"2013-07-04T06:54:18","guid":{"rendered":"http:\/\/radsportbezirk-westfalen-mitte.de\/wordpress\/?p=6344"},"modified":"2019-04-23T09:55:29","modified_gmt":"2019-04-23T07:55:29","slug":"totgesagte-leben-laenger","status":"publish","type":"post","link":"https:\/\/radsportbezirk-westfalen-mitte.de\/wordpress\/6344\/","title":{"rendered":"Totgesagte leben l\u00e4nger\u2026\u2026."},"content":{"rendered":"<p style=\"text-align: left;\">Ein gro\u00dfer Schreck war es schon f\u00fcr die Dortmunder Vereine, den Radsportverband NRW und sicherlich\u00a0 f\u00fcr ihn selbst, als er durch das Quartalsheft der Bundesehrengilde \u00fcber seinen eigenen Tod informiert wurde.<\/p>\n<p><!--more--><\/p>\n<p style=\"text-align: left;\">Der langj\u00e4hrige Jury-Vorsitzende Georgi von Kolken erfreut sich aber bester Gesundheit! Gerade erst hat er sich in seiner neuenHeimat Ostfriesland eingerichtet.<\/p>\n<p style=\"text-align: left;\">\u201cIch bin sehr froh, dass es sich um eine offensichtliche Falschmeldung handelt,\u201d so J\u00fcrgen Neuhoff, Vorsitzender des Radsportbezirks Westfalen-Mitte. \u201cDie vielen Telefonate und Gespr\u00e4che der vergangenen Tage waren nicht einfach. Doch besser so als anders.\u201d<\/p>\n<p style=\"text-align: left;\">Nun w\u00fcrden sich Georgi von Kolken und auch J\u00fcrgen Neuhoff freuen, wenn wieder Normalit\u00e4t eintritt. Bisher ist seitens der Bundesehrengilde keine Gegendarstellung erfolgt. Deshalb ist es uns sehr wichtig, die Angelegenheit klar zu stellen.<\/p>\n<p>&nbsp;<\/p>\n<p style=\"text-align: left;\">Wir w\u00fcnschen Georgi alles, alles Gute und noch viele Jahre. Totgesagte leben eben l\u00e4nger\u2026\u2026.<\/p>\n<p style=\"text-align: left;\"><strong>Stefan Rosiejak<\/strong><\/p>\n<p>&nbsp;<\/p>\n<p>&nbsp;<\/p>\n<p>&nbsp;<\/p>\n<p>&nbsp;<\/p>\n<p>&nbsp;<\/p>\n","protected":false},"excerpt":{"rendered":"<p style=\"text-align: left;\">Ein gro\u00dfer Schreck war es schon f\u00fcr die Dortmunder Vereine, den Radsportverband NRW und sicherlich\u00a0 f\u00fcr ihn selbst, als er durch das Quartalsheft der Bundesehrengilde \u00fcber seinen eigenen Tod informiert wurde.<\/p><p><a class=\"more-link btn\" href=\"https:\/\/radsportbezirk-westfalen-mitte.de\/wordpress\/6344\/\">Weiterlesen<\/a><\/p>\n","protected":false},"author":1,"featured_media":0,"comment_status":"closed","ping_status":"closed","sticky":false,"template":"","format":"standard","meta":{"footnotes":""},"categories":[41],"tags":[700,701,62,92,141],"class_list":["post-6344","post","type-post","status-publish","format-standard","hentry","category-organisation","tag-georgi-von-kolken","tag-falschmeldung","tag-rsv-nrw","tag-dortmund","tag-141","wp-image-borders","item-wrap"],"_links":{"self":[{"href":"https:\/\/radsportbezirk-westfalen-mitte.de\/wordpress\/wp-json\/wp\/v2\/posts\/6344","targetHints":{"allow":["GET"]}}],"collection":[{"href":"https:\/\/radsportbezirk-westfalen-mitte.de\/wordpress\/wp-json\/wp\/v2\/posts"}],"about":[{"href":"https:\/\/radsportbezirk-westfalen-mitte.de\/wordpress\/wp-json\/wp\/v2\/types\/post"}],"author":[{"embeddable":true,"href":"https:\/\/radsportbezirk-westfalen-mitte.de\/wordpress\/wp-json\/wp\/v2\/users\/1"}],"replies":[{"embeddable":true,"href":"https:\/\/radsportbezirk-westfalen-mitte.de\/wordpress\/wp-json\/wp\/v2\/comments?post=6344"}],"version-history":[{"count":3,"href":"https:\/\/radsportbezirk-westfalen-mitte.de\/wordpress\/wp-json\/wp\/v2\/posts\/6344\/revisions"}],"predecessor-version":[{"id":11058,"href":"https:\/\/radsportbezirk-westfalen-mitte.de\/wordpress\/wp-json\/wp\/v2\/posts\/6344\/revisions\/11058"}],"wp:attachment":[{"href":"https:\/\/radsportbezirk-westfalen-mitte.de\/wordpress\/wp-json\/wp\/v2\/media?parent=6344"}],"wp:term":[{"taxonomy":"category","embeddable":true,"href":"https:\/\/radsportbezirk-westfalen-mitte.de\/wordpress\/wp-json\/wp\/v2\/categories?post=6344"},{"taxonomy":"post_tag","embeddable":true,"href":"https:\/\/radsportbezirk-westfalen-mitte.de\/wordpress\/wp-json\/wp\/v2\/tags?post=6344"}],"curies":[{"name":"wp","href":"https:\/\/api.w.org\/{rel}","templated":true}]}}