{"id":6279,"date":"2013-05-03T08:56:01","date_gmt":"2013-05-03T06:56:01","guid":{"rendered":"http:\/\/radsportbezirk-westfalen-mitte.de\/wordpress\/?p=6279"},"modified":"2019-05-23T10:54:35","modified_gmt":"2019-05-23T08:54:35","slug":"28-hansa-tour-in-soest-am12-mai","status":"publish","type":"post","link":"https:\/\/radsportbezirk-westfalen-mitte.de\/wordpress\/6279\/","title":{"rendered":"28. Hansa Tour in Soest am 12. Mai"},"content":{"rendered":"<p>Am kommenden Sonntag, dem 12. Mai, auf verkehrsarmen Wegen rund um Soest, durch die Soester B\u00f6rde und \u00fcber den Haarstrang.<br \/>\n<!--more--><br \/>\nDer Radsportverein Hansa Soest veranstaltet eine j\u00e4hrliche Radtourenfahrt \u201eHansatour\u201c in diesem Jahr zum 28. Mal. Viele Radsportler aus unserem Bezirk und ganz Nordrhein-Westfalen warten schon darauf, die sch\u00f6ne Landschaft rund um Soest auf ihren R\u00e4dern zu erkunden. Es werden Strecken \u00fcber 45 km, 75 km, 111 km und 151 km angeboten. Start und Ziel ist auch in diesem Jahr wieder das \u201eSchulzentrum\u201c am Paradieser Weg 92 in Soest.<\/p>\n<ul>\n<li>Auf der kleinen Strecke \u00fcber 45 km sind keine Steigungen zu \u00fcberwinden, so dass hier auch weniger ge\u00fcbte durch die Niederb\u00f6rde fahren k\u00f6nnen. Die l\u00e4ngeren Strecken erfordern schon etwas mehr Kondition.<\/li>\n<li>Auf der 111 km langen Strecke ist auch der Haarstrang mit einbezogen. Hier sind einige H\u00f6henmeter zu bew\u00e4ltigen.<\/li>\n<li>Die 151km Strecke erfordert schon einen trainierten Radsportler, hier sind 1100 hm zu \u00fcberwinden.<\/li>\n<li>Auf dem Kurs sind Verpflegungsstellen eingerichtet, an denen Getr\u00e4nke und Verpflegung ausgegeben werden. Teilnehmen kann jeder, der Spa\u00df am Radfahren und am Radsport hat. Ein Radhelm zur eigenen Sicherheit ist erw\u00fcnscht.<\/li>\n<li>Anmeldung und Start kann zwischen 8.00 Uhr und 10.00 Uhr erfolgen. <strong>Start f\u00fcr die 151 km Strecke nur bis 9.00 Uhr.<\/strong><\/li>\n<li>Jeder Teilnehmer sollte um 16.30 Uhr das Ziel wieder erreicht haben.<\/li>\n<li>Das Startgeld inklusive Verpflegung an den Kontrollstellen betr\u00e4gt f\u00fcr BDR Mitglieder 3.00 \u20ac f\u00fcr Erwachsene, frei f\u00fcr Jugendliche bis 18 Jahre.<\/li>\n<li>Jeder Teilnehmer, der die &#8222;28. Hansa Tour 2013&#8220; erfolgreich beendet, erh\u00e4lt eine Urkunde. Die drei gr\u00f6\u00dften Teilnehmergruppen, die an dieser Rad\u00adsportveranstaltung teilnehmen, erhalten Pokale.<\/li>\n<\/ul>\n<p>&nbsp;<\/p>\n<p>F\u00fcr alle Radsportler und interessierten Zuschauer stehen am Ziel W\u00fcrstchen, Kaffee, Kuchen und kalte Getr\u00e4nke bereit, so dass verlorene Kalorien gleich wieder ersetzt werden k\u00f6nnen.<\/p>\n<p>Die Streckenpl\u00e4ne der Veranstaltung findet man auf der Internetseite des Vereins unter <em><a href=\"http:\/\/www.hansatour.de\" target=\"_blank\" rel=\"noopener noreferrer\">www.hansatour.de<\/a><\/em>. Hier k\u00f6nnen auch die Daten f\u00fcr ein GPS Ger\u00e4t heruntergeladen werde.<\/p>\n<p>&nbsp;<\/p>\n<p><strong>Startort:<\/strong> \u00a0\u00a0\u00a0\u00a0\u00a0\u00a0\u00a0\u00a0\u00a0\u00a0\u00a0\u00a0\u00a0\u00a0\u00a0\u00a0 Schulzentrum, Paradieser Weg 92, 59494 Soest<\/p>\n<p><strong>Anfahrt mit Auto:<\/strong> \u00a0\u00a0\u00a0 Autobahn A44 Abfahrt Soest\/M\u00f6hnesee, B 1 Abfahrt ausgeschildert.<\/p>\n<p><strong>Anfahrt mit \u00d6PNV:<\/strong>\u00a0\u00a0 Bahnhof Soest<\/p>\n<p><em><strong><span style=\"color: red;\">Als Sternfahrt zugelassen<\/span><\/strong><\/em><\/p>\n<p><em><strong><span style=\"color: red;\"><br \/>\n<\/span><\/strong><\/em><br \/>\n<img loading=\"lazy\" decoding=\"async\" class=\"aligncenter wp-image-6278\" src=\"http:\/\/radsportbezirk-westfalen-mitte.de\/wordpress\/wp-content\/uploads\/2013\/05\/hansa_bzwm.jpg\" alt=\"hansa bzwm\" width=\"500\" height=\"333\" border=\"1\" srcset=\"https:\/\/radsportbezirk-westfalen-mitte.de\/wordpress\/wp-content\/uploads\/2013\/05\/hansa_bzwm.jpg 3888w, https:\/\/radsportbezirk-westfalen-mitte.de\/wordpress\/wp-content\/uploads\/2013\/05\/hansa_bzwm-300x200.jpg 300w, https:\/\/radsportbezirk-westfalen-mitte.de\/wordpress\/wp-content\/uploads\/2013\/05\/hansa_bzwm-768x512.jpg 768w, https:\/\/radsportbezirk-westfalen-mitte.de\/wordpress\/wp-content\/uploads\/2013\/05\/hansa_bzwm-1024x683.jpg 1024w, https:\/\/radsportbezirk-westfalen-mitte.de\/wordpress\/wp-content\/uploads\/2013\/05\/hansa_bzwm-1568x1045.jpg 1568w\" sizes=\"auto, (max-width: 500px) 100vw, 500px\" \/><br \/>\n&nbsp;<\/p>\n<p>&nbsp;<\/p>\n<p>&nbsp;<\/p>\n<h2 align=\"center\"><b><i>Text und Foto: Hansa Soest<\/i><\/b><\/h2>\n<p>&nbsp;<\/p>\n<p>&nbsp;<\/p>\n<p>&nbsp;<\/p>\n<p>&nbsp;<\/p>\n<p>&nbsp;<\/p>\n","protected":false},"excerpt":{"rendered":"<p>Am kommenden Sonntag, dem 12. Mai, auf verkehrsarmen Wegen rund um Soest, durch die Soester B\u00f6rde und \u00fcber den Haarstrang.<\/p><p><a class=\"more-link btn\" href=\"https:\/\/radsportbezirk-westfalen-mitte.de\/wordpress\/6279\/\">Weiterlesen<\/a><\/p>\n","protected":false},"author":1,"featured_media":0,"comment_status":"closed","ping_status":"closed","sticky":false,"template":"","format":"standard","meta":{"footnotes":""},"categories":[29],"tags":[108,141,172],"class_list":["post-6279","post","type-post","status-publish","format-standard","hentry","category-rtfctf","tag-rsv-hansa-soest","tag-141","tag-rtf","wp-image-borders","item-wrap"],"_links":{"self":[{"href":"https:\/\/radsportbezirk-westfalen-mitte.de\/wordpress\/wp-json\/wp\/v2\/posts\/6279","targetHints":{"allow":["GET"]}}],"collection":[{"href":"https:\/\/radsportbezirk-westfalen-mitte.de\/wordpress\/wp-json\/wp\/v2\/posts"}],"about":[{"href":"https:\/\/radsportbezirk-westfalen-mitte.de\/wordpress\/wp-json\/wp\/v2\/types\/post"}],"author":[{"embeddable":true,"href":"https:\/\/radsportbezirk-westfalen-mitte.de\/wordpress\/wp-json\/wp\/v2\/users\/1"}],"replies":[{"embeddable":true,"href":"https:\/\/radsportbezirk-westfalen-mitte.de\/wordpress\/wp-json\/wp\/v2\/comments?post=6279"}],"version-history":[{"count":4,"href":"https:\/\/radsportbezirk-westfalen-mitte.de\/wordpress\/wp-json\/wp\/v2\/posts\/6279\/revisions"}],"predecessor-version":[{"id":12712,"href":"https:\/\/radsportbezirk-westfalen-mitte.de\/wordpress\/wp-json\/wp\/v2\/posts\/6279\/revisions\/12712"}],"wp:attachment":[{"href":"https:\/\/radsportbezirk-westfalen-mitte.de\/wordpress\/wp-json\/wp\/v2\/media?parent=6279"}],"wp:term":[{"taxonomy":"category","embeddable":true,"href":"https:\/\/radsportbezirk-westfalen-mitte.de\/wordpress\/wp-json\/wp\/v2\/categories?post=6279"},{"taxonomy":"post_tag","embeddable":true,"href":"https:\/\/radsportbezirk-westfalen-mitte.de\/wordpress\/wp-json\/wp\/v2\/tags?post=6279"}],"curies":[{"name":"wp","href":"https:\/\/api.w.org\/{rel}","templated":true}]}}