{"id":6276,"date":"2013-05-02T08:54:04","date_gmt":"2013-05-02T06:54:04","guid":{"rendered":"http:\/\/radsportbezirk-westfalen-mitte.de\/wordpress\/?p=6276"},"modified":"2019-04-12T12:07:42","modified_gmt":"2019-04-12T10:07:42","slug":"auch-tour-der-leiden-kann-spass-nicht-vertreiben","status":"publish","type":"post","link":"https:\/\/radsportbezirk-westfalen-mitte.de\/wordpress\/6276\/","title":{"rendered":"Auch Tour der Leiden kann Spa\u00df nicht vertreiben"},"content":{"rendered":"<p>\u201eTour der Leiden\u201c wird die Tour de France gerne genannt. Nun sind beim Connex-Cup die Etappen nicht so lang wie bei der gro\u00dfen Schleife. Auch erinnern die Berge in Eichlinghofen keinesfalls an die Alpen oder Pyren\u00e4en.<\/p>\n<p><!--more--><\/p>\n<p>Trotzdem hatte die zweite Runde der bundesweit einmaligen Radsport-Nachwuchs-Veranstaltung Z\u00fcge einer Leidenstour. Nach einem Temperatursturz von 10 Grad Celsius und bei str\u00f6mendem Regen wurde die Fahrt um die H\u00f6vel zum Kampf gegen Wasser, K\u00e4lte, Dreck und Schlamm. Aber die Teilnehmerinnen und Teilnehmer lie\u00dfen sich dadurch den Spa\u00df nicht verderben.<\/p>\n<p><img loading=\"lazy\" decoding=\"async\" class=\"aligncenter wp-image-6275\" src=\"http:\/\/radsportbezirk-westfalen-mitte.de\/wordpress\/wp-content\/uploads\/2013\/05\/eichlinghofen_connex-cup_2-1.jpg\" alt=\"eichlinghofen connex-cup 2-1\" width=\"500\" height=\"438\" border=\"1\" srcset=\"https:\/\/radsportbezirk-westfalen-mitte.de\/wordpress\/wp-content\/uploads\/2013\/05\/eichlinghofen_connex-cup_2-1.jpg 640w, https:\/\/radsportbezirk-westfalen-mitte.de\/wordpress\/wp-content\/uploads\/2013\/05\/eichlinghofen_connex-cup_2-1-300x263.jpg 300w\" sizes=\"auto, (max-width: 500px) 100vw, 500px\" \/><\/p>\n<p>Von den \u00fcber 60 angemeldeten Kindern und Jugendlichen traten fast alle zum Start an der st\u00e4dtischen Jugendfreizeitst\u00e4tte (JFS) Eichlinghofen an. \u201eWer die Serie gewinnen will, muss bei jedem Wetter fahren\u201c, sagt Jens Kl\u00fch, Mountainbike-Abteilungsleiter des ASC 09 und stellvertretender Jugendleiter des Radsportbezirks Westfalen-Mitte.<\/p>\n<p>Eine, die garantiert keine Angst vor dem Wetter hat, ist die zehnj\u00e4hrige Hanna. Vor zwei Wochen war sie schon die Beste ihrer Altersklasse. Auch jetzt trotzte sie nicht nur den Unbilden der Witterung, sondern errang erneut den ersten Platz. Kein Wunder, denn das M\u00e4dchen aus Menglinghausen-S\u00fcd trainiert seit dreieinhalb Jahren beim PV Triathlon Witten. Mit dem Fahrrad ist sie gerne sportlich unterwegs, weil man \u201eimmer sch\u00f6n die Berge runter fahren kann.\u201c Und beim Connex-Cup m\u00f6chte sie selbstverst\u00e4ndlich alle zehn Runden mitmachen.<\/p>\n<p>Das hat auch Pepe aus S\u00f6lderholz vor. \u201eMir gef\u00e4llt es gut, dass ich richtig Gas geben und \u00fcberholen kann\u201c, sagt der Neunj\u00e4hrige. Seit einem halben Jahr f\u00e4hrt er beim ASC 09 Mountainbike und konnte die beiden ersten Runden des Connex-Cups jeweils auf dem vierten Platz beenden. Robert ist zwar in keinem Verein, bewegt sich aber seit gef\u00fchlten Ewigkeiten mit dem Fahrrad. Auf der Hombrucher Mountainbike-Strecke hat er den richtigen Um-gang mit Lenker, Pedalen und zwei R\u00e4dern perfektioniert: \u201eDa kann ich richtig hoch springen.\u201c Mit seinen sieben Jahren ist er der Zweitj\u00fcngste des Starterfeldes. Vor zwei Wochen erreichte er den zweiten Platz. Jetzt sollte es etwas mehr werden. Regen? Kein Problem! \u201eDas ist sch\u00f6n f\u00fcr mein Mountainbike \u201c, meint der Junge aus Wichlinghofen. Am Ende kam er auf einen ebenfalls guten vierten Platz.<\/p>\n<p>Kinder wie Hanna, Pepe und Robert, Teens und Jugendliche bis 16 Jahren sind genau die Zielgruppe, die die Veranstalter erreichen m\u00f6chten. \u201eMit dem Connex-Cup wollen wir neue Wege der Nachwuchsgewinnung beschreiten; der Spa\u00df soll auf jeden Fall im Vordergrund stehen\u201c, erkl\u00e4rt Jens Kl\u00fch f\u00fcr den ASC 09 und den Radsportbezirk Westfalen-Mitte. Dieses Konzept passt genau zum Angebot der JFS Eichlinghofen, die das p\u00e4dagogisch-sportliche Begleitprogramm von den Getr\u00e4nken bis zur Kreativwerkstatt organisiert.<\/p>\n<p>\u201eUnsere inhaltlichen Schwerpunkte sind Abenteuer, Bewegung, Sport und Ern\u00e4hrung\u201c, betont der Einrichtungsleiter Thilo Frebel. Die Zusammenarbeit? Klappt vorbildlich! \u201eImmerhin kennen wir uns seit Jahren und haben schon verschiedene Projekte gemeinsam gestemmt\u201c, sagen die Kooperationspartner. Connex-Cup &#8211; kurz und knapp \u2022 Gestartet wird mit verschiedenen Streckenl\u00e4ngen in den Altersklassen U9, U11, U13, U15 und U17. F\u00fcr M\u00e4dchen und Jungen gibt es getrennte Wertungen.<\/p>\n<ul>\n<li>Die n\u00e4chsten Runden finden am 10. und 31. Mai, 21. Juni, 5. und 19. Juli, 13. und 27. September sowie am 11. Oktober statt. Beginn ist jeweils um 17.30 Uhr.<\/li>\n<li>Die Teilnahme ist kostenfrei. Anmeldungen sind jederzeit m\u00f6glich.<\/li>\n<li>Die gesamte Veranstaltung wird vom Hagener Ketten-Hersteller Connex gesponsert.<\/li>\n<li>Teilnehmerinnen und Teilnehmer bringen ihr eigenes Rad mit. Das Rad muss \u201efette Reifen\u201c haben: Die Reifen m\u00fcssen dicker als 30 Millimeter sein. Daher sind keine Rennr\u00e4der erlaubt. Alle anderen Fahrradtypen sind zugelassen.<\/li>\n<li>Alle, die mitmachen, erhalten eine Urkunde und ein kleines Pr\u00e4sent.<\/li>\n<li>Bei jeder Veranstaltung gewinnen die Siegerin und der Sieger jeder Altersklasse ein kostenloses Mountainbike-Trainingslager in Luxemburg.<\/li>\n<li>Den Gesamtsiegerinnen und Siegern des Connex-Cups winken sch\u00f6ne Pokale.<\/li>\n<li>Weitere Informationen und Anmeldungen im Internet bei <em><a href=\"http:\/\/www.connex-cup.de\" target=\"_blank\" rel=\"noopener noreferrer\">www.connex-cup.de<\/a><\/em>, pers\u00f6nlich in der JFS Eichlinghofen an der Persebecker Stra\u00dfe 89 oder telefonisch unter 0231\/ 75 08 55.<\/li>\n<\/ul>\n<p>&nbsp;<\/p>\n<p>&nbsp;<\/p>\n<p>&nbsp;<\/p>\n<p>&nbsp;<\/p>\n<p>&nbsp;<\/p>\n<h2 align=\"center\"><b><i>Bilder und Text:<br \/>\nPeter Otworowski\/Jugendamt Dortmund<\/i><\/b><\/h2>\n<p>&nbsp;<\/p>\n<p>&nbsp;<\/p>\n<p>&nbsp;<\/p>\n<p>&nbsp;<\/p>\n<p>&nbsp;<\/p>\n","protected":false},"excerpt":{"rendered":"<p>\u201eTour der Leiden\u201c wird die Tour de France gerne genannt. Nun sind beim Connex-Cup die Etappen nicht so lang wie bei der gro\u00dfen Schleife. Auch erinnern die Berge in Eichlinghofen keinesfalls an die Alpen oder Pyren\u00e4en.<\/p><p><a class=\"more-link btn\" href=\"https:\/\/radsportbezirk-westfalen-mitte.de\/wordpress\/6276\/\">Weiterlesen<\/a><\/p>\n","protected":false},"author":1,"featured_media":0,"comment_status":"closed","ping_status":"closed","sticky":false,"template":"","format":"standard","meta":{"footnotes":""},"categories":[31],"tags":[83,141,179,214],"class_list":["post-6276","post","type-post","status-publish","format-standard","hentry","category-schuelerjugendjunioren","tag-asc-dortmund","tag-141","tag-connex-cup","tag-mtb","wp-image-borders","item-wrap"],"_links":{"self":[{"href":"https:\/\/radsportbezirk-westfalen-mitte.de\/wordpress\/wp-json\/wp\/v2\/posts\/6276","targetHints":{"allow":["GET"]}}],"collection":[{"href":"https:\/\/radsportbezirk-westfalen-mitte.de\/wordpress\/wp-json\/wp\/v2\/posts"}],"about":[{"href":"https:\/\/radsportbezirk-westfalen-mitte.de\/wordpress\/wp-json\/wp\/v2\/types\/post"}],"author":[{"embeddable":true,"href":"https:\/\/radsportbezirk-westfalen-mitte.de\/wordpress\/wp-json\/wp\/v2\/users\/1"}],"replies":[{"embeddable":true,"href":"https:\/\/radsportbezirk-westfalen-mitte.de\/wordpress\/wp-json\/wp\/v2\/comments?post=6276"}],"version-history":[{"count":3,"href":"https:\/\/radsportbezirk-westfalen-mitte.de\/wordpress\/wp-json\/wp\/v2\/posts\/6276\/revisions"}],"predecessor-version":[{"id":10476,"href":"https:\/\/radsportbezirk-westfalen-mitte.de\/wordpress\/wp-json\/wp\/v2\/posts\/6276\/revisions\/10476"}],"wp:attachment":[{"href":"https:\/\/radsportbezirk-westfalen-mitte.de\/wordpress\/wp-json\/wp\/v2\/media?parent=6276"}],"wp:term":[{"taxonomy":"category","embeddable":true,"href":"https:\/\/radsportbezirk-westfalen-mitte.de\/wordpress\/wp-json\/wp\/v2\/categories?post=6276"},{"taxonomy":"post_tag","embeddable":true,"href":"https:\/\/radsportbezirk-westfalen-mitte.de\/wordpress\/wp-json\/wp\/v2\/tags?post=6276"}],"curies":[{"name":"wp","href":"https:\/\/api.w.org\/{rel}","templated":true}]}}