{"id":6272,"date":"2013-04-25T08:54:04","date_gmt":"2013-04-25T06:54:04","guid":{"rendered":"http:\/\/radsportbezirk-westfalen-mitte.de\/wordpress\/?p=6272"},"modified":"2019-04-13T12:24:01","modified_gmt":"2019-04-13T10:24:01","slug":"2-lauf-zum-connex-cup-fette-reifen-rennen-fuer-kids-am-26042013","status":"publish","type":"post","link":"https:\/\/radsportbezirk-westfalen-mitte.de\/wordpress\/6272\/","title":{"rendered":"2. Lauf zum Connex-Cup (Fette-Reifen-Rennen f\u00fcr Kids) am 26.04.2013"},"content":{"rendered":"<p style=\"text-align: left;\">Nach dem erfolgreichen Start des Connex-Cups, an dem bereits mehr als 40 Kinder\/Jugendliche teilgenommen haben, geht es am 26.04.2013 in die 2. Runde.<!--more--><\/p>\n<p style=\"text-align: left;\">Startort ist die Jugendfreizeitst\u00e4tte in DO-Eichlinghofen, Persebecker Stra\u00dfe 89, 44227 Dortmund<\/p>\n<p style=\"text-align: left;\"><strong>Zeitplan:<\/strong><\/p>\n<p style=\"text-align: left;\">ab 17:15 Uhr &#8211; Anmeldung und Startnummernausgabe<\/p>\n<p style=\"text-align: left;\">ca. 17:30 Uhr: U9\u00a0 &#8211; ca. 10 Minuten (verk\u00fcrzte Strecke)<br \/>\nca. 17:45 Uhr: U11 &#8211; ca. 15 Minuten<br \/>\nca. 18:05 Uhr: U13 &#8211; ca. 20 Minuten<br \/>\nca. 18:30 Uhr: U15- ca. 25 Minuten<br \/>\nca. 18:30 Uhr: U17 &#8211; ca. 30 Minuten<\/p>\n<p><!--more--><\/p>\n<p style=\"text-align: left;\"><strong>Infos zum Connex-Cup:<\/strong><br \/>\nIn diesem Jahr findet zum ersten Mal der &#8222;Connex-Nachwuchs-Cup&#8220; im Dortmunder Stadtwald statt. Alle Sch\u00fcler und Jugendliche bis 16 Jahren k\u00f6nnen in 10 L\u00e4ufen und in 5 Altersklassen Bekanntschaft mit dem Radsport machen.<br \/>\nVeranstaltet werden die Nachwuchs-Rennen von der Radsportjugend des Radsportbezirks Westfalen-Mitte, die sich f\u00fcr eine F\u00f6rderung des Sch\u00fcler- und Jugendradsports einsetzt.<br \/>\nDie Teilnahme an den Rennen ist kostenlos und alle Teilnehmer sind \u00fcber den Ausrichter, den ASC 09 Dortmund &#8211; MTB bei der Sporthilfe versichert.<br \/>\nGefahren wird mit Fahrr\u00e4dern jeder Art, lediglich Rennr\u00e4der sind vom Wettbewerb ausgeschlossen. Schlie\u00dflich sollen alle Teilnehmer ann\u00e4hernd gleiche Materialbedingungen haben und auf R\u00e4dern starten wie sie zuhause schon vorhanden sind, also Mountainbikes- Touren- oder Trekkingr\u00e4der.<br \/>\nAlle Teilnehmer erhalten am Ende der Veranstaltungsreihe eine Urkunde und ein Pr\u00e4sent als kleine Aufmerksamkeit f\u00fcr ihre Beteiligung. Den Siegern in der Gesamtwertung winken Pokale, die im Rahmen einer Abschlussveranstaltung \u00fcberreicht werden.<\/p>\n<p style=\"text-align: left;\"><strong>Zuschauer sind immer gern gesehene G\u00e4ste.<\/strong><\/p>\n<p>&nbsp;<\/p>\n<p style=\"text-align: left;\">Willst auch Du den ersten Schritt zum guten Rennfahrer machen? Wir helfen Dir dabei. Deshalb, nutz\u00b4 Deine Chance! Der \u201eConnex-Nachwuchs-Cup&#8220; besteht aus einer Serie von zehn Rennen, die im Dortmunder Stadtwald ausgetragen werden.<\/p>\n<p style=\"text-align: left;\">Die Rennen starten freitags jeweils um 17.00 Uhr.<br \/>\nEin Einstieg in die Serie ist an jedem Veranstaltungstag m\u00f6glich.<br \/>\nTeilnehmen k\u00f6nnen Sch\u00fcler und Jugendliche bis zu 16 Jahren, egal ob weiblich oder m\u00e4nnlich. Eine Vereinszugeh\u00f6rigkeit ist nicht erforderlich.<\/p>\n<p style=\"text-align: left;\">Zum Ende der Serie gibt es eine Gesamtwertung. Alle Teilnehmer erhalten zum Abschluss eine Urkunde. Nat\u00fcrlich gibt es auch Siegerpokale sowie wertvolle Sachpreise f\u00fcr alle.<\/p>\n<p style=\"text-align: left;\">Teilnehmen kann man mit Fahrr\u00e4dern jeder Art, au\u00dfer mit Rennr\u00e4dern (Reifenbreite min. 30 mm). Wichtig ist, dass das Rad \u00fcber 2 voneinander unabh\u00e4ngig funktionierende Bremsen verf\u00fcgt.<br \/>\nTeilnahmeberechtigt sind die Jahrg\u00e4nge 1997 und j\u00fcnger, ohne Rennlizenz des BDR.<br \/>\nZur eigenen Sicherheit der Teilnehmer besteht bei allen Veranstaltungen Helmpflicht!<\/p>\n<p style=\"text-align: left;\"><strong>Weitere Termine f\u00fcr den Connex-Cup 2013:<\/strong><\/p>\n<ul>\n<li style=\"text-align: left;\"><strong>10.05.2013<\/strong><\/li>\n<li style=\"text-align: left;\"><strong>31.05.2013<\/strong><\/li>\n<li style=\"text-align: left;\"><strong>21.06.2013<\/strong><\/li>\n<li style=\"text-align: left;\"><strong>05.07.2013<\/strong><\/li>\n<li style=\"text-align: left;\"><strong>19.07.2013<\/strong><\/li>\n<li style=\"text-align: left;\"><strong>13.09.2013<\/strong><\/li>\n<li style=\"text-align: left;\"><strong>27.09.2013<\/strong><\/li>\n<li style=\"text-align: left;\"><strong>11.10.2013<\/strong><\/li>\n<\/ul>\n<p>&nbsp;<\/p>\n<p style=\"text-align: center;\"><strong>Mehr Infos und Anmeldung auf:<br \/>\n<i><a href=\"http:\/\/www.connex-cup.de\" target=\"_blank\" rel=\"noopener noreferrer\">www.connex-cup.de<\/a><\/i><\/strong><\/p>\n<p>&nbsp;<\/p>\n<p>&nbsp;<\/p>\n<p>&nbsp;<\/p>\n<p>&nbsp;<\/p>\n<p>&nbsp;<\/p>\n","protected":false},"excerpt":{"rendered":"<p style=\"text-align: left;\">Nach dem erfolgreichen Start des Connex-Cups, an dem bereits mehr als 40 Kinder\/Jugendliche teilgenommen haben, geht es am 26.04.2013 in die 2. Runde.<\/p><p><a class=\"more-link btn\" href=\"https:\/\/radsportbezirk-westfalen-mitte.de\/wordpress\/6272\/\">Weiterlesen<\/a><\/p>\n","protected":false},"author":1,"featured_media":0,"comment_status":"closed","ping_status":"closed","sticky":false,"template":"","format":"standard","meta":{"footnotes":""},"categories":[31],"tags":[83,141,179],"class_list":["post-6272","post","type-post","status-publish","format-standard","hentry","category-schuelerjugendjunioren","tag-asc-dortmund","tag-141","tag-connex-cup","wp-image-borders","item-wrap"],"_links":{"self":[{"href":"https:\/\/radsportbezirk-westfalen-mitte.de\/wordpress\/wp-json\/wp\/v2\/posts\/6272","targetHints":{"allow":["GET"]}}],"collection":[{"href":"https:\/\/radsportbezirk-westfalen-mitte.de\/wordpress\/wp-json\/wp\/v2\/posts"}],"about":[{"href":"https:\/\/radsportbezirk-westfalen-mitte.de\/wordpress\/wp-json\/wp\/v2\/types\/post"}],"author":[{"embeddable":true,"href":"https:\/\/radsportbezirk-westfalen-mitte.de\/wordpress\/wp-json\/wp\/v2\/users\/1"}],"replies":[{"embeddable":true,"href":"https:\/\/radsportbezirk-westfalen-mitte.de\/wordpress\/wp-json\/wp\/v2\/comments?post=6272"}],"version-history":[{"count":3,"href":"https:\/\/radsportbezirk-westfalen-mitte.de\/wordpress\/wp-json\/wp\/v2\/posts\/6272\/revisions"}],"predecessor-version":[{"id":10516,"href":"https:\/\/radsportbezirk-westfalen-mitte.de\/wordpress\/wp-json\/wp\/v2\/posts\/6272\/revisions\/10516"}],"wp:attachment":[{"href":"https:\/\/radsportbezirk-westfalen-mitte.de\/wordpress\/wp-json\/wp\/v2\/media?parent=6272"}],"wp:term":[{"taxonomy":"category","embeddable":true,"href":"https:\/\/radsportbezirk-westfalen-mitte.de\/wordpress\/wp-json\/wp\/v2\/categories?post=6272"},{"taxonomy":"post_tag","embeddable":true,"href":"https:\/\/radsportbezirk-westfalen-mitte.de\/wordpress\/wp-json\/wp\/v2\/tags?post=6272"}],"curies":[{"name":"wp","href":"https:\/\/api.w.org\/{rel}","templated":true}]}}