{"id":6271,"date":"2013-04-25T08:56:01","date_gmt":"2013-04-25T06:56:01","guid":{"rendered":"http:\/\/radsportbezirk-westfalen-mitte.de\/wordpress\/?p=6271"},"modified":"2019-05-23T11:15:17","modified_gmt":"2019-05-23T09:15:17","slug":"radtourenfahrt-am-2842013-vom-radsportverein-werl-wickede","status":"publish","type":"post","link":"https:\/\/radsportbezirk-westfalen-mitte.de\/wordpress\/6271\/","title":{"rendered":"Radtourenfahrt am 28.4.2013 vom Radsportverein Werl-Wickede"},"content":{"rendered":"<p style=\"text-align: left;\">Am Sonntag l\u00e4dt der RSV-Werl\/Wickede die heimischen Radsportler zur 30. M\u00f6hnesee-Rundfahrt ein.<\/p>\n<p><!--more--><\/p>\n<p style=\"text-align: left;\">Es werden vier landschaftliche sch\u00f6ne und sehr verkehrsarme Strecken \u00fcber 46, 71, 116 und 151 Kilometer durch die Soester B\u00f6rde ausgeschildert.<\/p>\n<p style=\"text-align: left;\">Die 45km Strecke f\u00fchrt ins flache Werler Hinterland, diese Strecken sind f\u00fcr Radanf\u00e4nger mit Ehrgeiz zu mehr gedacht. Die zweite Strecke f\u00fchrt schon hoch zum Haarstrang, die dritte und vierte Strecke gehen um den M\u00f6hnesee und bis nach Neuhaus. Die Strecken sind alle nach den Bedingungen des Bundes Deutscher Radfahrer ausgesucht. Alle 30 Kilometer sind Verpflegungsstellen eingerichtet, an denen Obst, M\u00fcsliriegel und Getr\u00e4nke angereicht werden. Der Start erfolgt am Sonntag dem 28. April, an der Petri-Hauptschule am Langenwiedenweg 18 zwischen 7:30 Uhr und 9:30 Uhr. Starten kann jeder, der Spa\u00df hat am Radfahren \u2013 egal ob mit Tourenrad, Rennrad oder Mountainbike. Das Startgeld betr\u00e4gt f\u00fcr Erwachsene BDR-Mitglieder 4 Euro, Jugendliche bis 18 Jahre fahren frei. Trimm-dich Fahrern werden 6 Euro berechnet ( plus 2 Euro R\u00fcckennummer Pfand).Jeder Teilnehmer, der die M\u00f6hnesee Rundfahrt erfolgreich beendet, erh\u00e4lt eine Urkunde. Des- weiteren werden die drei gr\u00f6\u00dften Teilnehmergruppen mit Pokalen ausgezeichnet.<\/p>\n<p>&nbsp;<\/p>\n<p>&nbsp;<\/p>\n<p>&nbsp;<\/p>\n<p>&nbsp;<\/p>\n<p>&nbsp;<\/p>\n","protected":false},"excerpt":{"rendered":"<p style=\"text-align: left;\">Am Sonntag l\u00e4dt der RSV-Werl\/Wickede die heimischen Radsportler zur 30. M\u00f6hnesee-Rundfahrt ein.<\/p><p><a class=\"more-link btn\" href=\"https:\/\/radsportbezirk-westfalen-mitte.de\/wordpress\/6271\/\">Weiterlesen<\/a><\/p>\n","protected":false},"author":1,"featured_media":0,"comment_status":"closed","ping_status":"closed","sticky":false,"template":"","format":"standard","meta":{"footnotes":""},"categories":[29],"tags":[141,172,388],"class_list":["post-6271","post","type-post","status-publish","format-standard","hentry","category-rtfctf","tag-141","tag-rtf","tag-rsv-werl-wickede","wp-image-borders","item-wrap"],"_links":{"self":[{"href":"https:\/\/radsportbezirk-westfalen-mitte.de\/wordpress\/wp-json\/wp\/v2\/posts\/6271","targetHints":{"allow":["GET"]}}],"collection":[{"href":"https:\/\/radsportbezirk-westfalen-mitte.de\/wordpress\/wp-json\/wp\/v2\/posts"}],"about":[{"href":"https:\/\/radsportbezirk-westfalen-mitte.de\/wordpress\/wp-json\/wp\/v2\/types\/post"}],"author":[{"embeddable":true,"href":"https:\/\/radsportbezirk-westfalen-mitte.de\/wordpress\/wp-json\/wp\/v2\/users\/1"}],"replies":[{"embeddable":true,"href":"https:\/\/radsportbezirk-westfalen-mitte.de\/wordpress\/wp-json\/wp\/v2\/comments?post=6271"}],"version-history":[{"count":3,"href":"https:\/\/radsportbezirk-westfalen-mitte.de\/wordpress\/wp-json\/wp\/v2\/posts\/6271\/revisions"}],"predecessor-version":[{"id":12724,"href":"https:\/\/radsportbezirk-westfalen-mitte.de\/wordpress\/wp-json\/wp\/v2\/posts\/6271\/revisions\/12724"}],"wp:attachment":[{"href":"https:\/\/radsportbezirk-westfalen-mitte.de\/wordpress\/wp-json\/wp\/v2\/media?parent=6271"}],"wp:term":[{"taxonomy":"category","embeddable":true,"href":"https:\/\/radsportbezirk-westfalen-mitte.de\/wordpress\/wp-json\/wp\/v2\/categories?post=6271"},{"taxonomy":"post_tag","embeddable":true,"href":"https:\/\/radsportbezirk-westfalen-mitte.de\/wordpress\/wp-json\/wp\/v2\/tags?post=6271"}],"curies":[{"name":"wp","href":"https:\/\/api.w.org\/{rel}","templated":true}]}}