{"id":6048,"date":"2012-09-24T08:56:19","date_gmt":"2012-09-24T06:56:19","guid":{"rendered":"http:\/\/radsportbezirk-westfalen-mitte.de\/wordpress\/?p=6048"},"modified":"2019-05-31T12:46:51","modified_gmt":"2019-05-31T10:46:51","slug":"bezirks-zielfahrt-nach-hamm-heesen","status":"publish","type":"post","link":"https:\/\/radsportbezirk-westfalen-mitte.de\/wordpress\/6048\/","title":{"rendered":"Bezirks-Zielfahrt nach Hamm-Heesen."},"content":{"rendered":"<p>Als <strong>Pilot-Projekt<\/strong> veranstaltet der Radsportbezirk Westfalen Mitte und das Radteam Hamm am 3. Oktober die erste Bezirks-Zielfahrt nach Hamm-Heesen.<!--more--><\/p>\n<p><strong>Zielort ist: das Feuerwehr Ger\u00e4tehaus Heessen, Am Pieprockskamp 3 in 59073 Hamm.<\/strong><\/p>\n<p>Einschreibung und Punkteeintragung in der Zeit von 10:30 \u2013 12:00 Uhr<\/p>\n<p><strong>Startgeb\u00fchren:<\/strong> Sch\u00fcler unter 18 Jahren: frei<\/p>\n<p>BDR Mitglieder 3,- \u20ac<\/p>\n<p>Trimmfahrer (ohne Vereinsmitgliedschaft)\u00a0 5,- \u20ac<\/p>\n<p>&nbsp;<\/p>\n<p>Im Ger\u00e4tehaus der Feuerwehr sorgt das Radteam Hamm f\u00fcr Essen und Trinken.<\/p>\n<p><strong>Die Anreise erfolgt ausschlie\u00dflich mit dem Rad!<\/strong><\/p>\n<div>Es werden je nach An- und Abfahrtsweg maximal drei Punkte zur RTF-Jahreswertung gutgeschrieben.<\/div>\n<div>Diese Punkte z\u00e4hlen <strong>ausschlie\u00dflich<\/strong> f\u00fcr die <strong>BZ Einzel- und Mannschaftswertung 2012<\/strong>.<\/div>\n<div><strong>Keine Punktevergabe<\/strong> an bezirksfremde RTF-Fahrer und Fahrerinnen, dies ist aus Ausschreibung Gr\u00fcnden nicht m\u00f6glich und auch nicht gew\u00fcnscht.<\/div>\n<p>Das Radteam Hamm und der BZ WM w\u00fcnscht euch eine gute und sichere Anfahrt<\/p>\n<p>&nbsp;<\/p>\n<p><strong>Claudia Krause<\/strong> <em>(RTF Fachwartin) \u00a0\u00a0\u00a0\u00a0\u00a0<\/em>\u00a0\u00a0\u00a0\u00a0\u00a0\u00a0\u00a0\u00a0\u00a0\u00a0\u00a0\u00a0\u00a0\u00a0\u00a0\u00a0\u00a0\u00a0\u00a0\u00a0\u00a0\u00a0\u00a0\u00a0\u00a0\u00a0\u00a0\u00a0\u00a0\u00a0\u00a0\u00a0\u00a0\u00a0\u00a0\u00a0\u00a0\u00a0 \u00a0 \u00a0 \u00a0 \u00a0 \u00a0\u00a0<strong> Norbert Schnitzmeier<\/strong>\u00a0<em> (RTF Koordinator BZ WM)<\/em><\/p>\n<p>&nbsp;<\/p>\n<hr \/>\n<p>&nbsp;<\/p>\n<p><em>Allen interessierten Tourenfahrer rufe ich noch mal die Ausschreibung in Erinnerung, die auf der BZ Seite ver\u00f6ffentlicht worden ist.<\/em><\/p>\n<p>&nbsp;<\/p>\n<p>&nbsp;<\/p>\n<p>&nbsp;<\/p>\n<p>&nbsp;<\/p>\n<p>&nbsp;<\/p>\n","protected":false},"excerpt":{"rendered":"<p>Als Pilot-Projekt veranstaltet der Radsportbezirk Westfalen Mitte und das Radteam Hamm am 3. Oktober die erste Bezirks-Zielfahrt nach Hamm-Heesen.<\/p><p><a class=\"more-link btn\" href=\"https:\/\/radsportbezirk-westfalen-mitte.de\/wordpress\/6048\/\">Weiterlesen<\/a><\/p>\n","protected":false},"author":1,"featured_media":0,"comment_status":"closed","ping_status":"closed","sticky":false,"template":"","format":"standard","meta":{"footnotes":""},"categories":[29],"tags":[116,172,174,529],"class_list":["post-6048","post","type-post","status-publish","format-standard","hentry","category-rtfctf","tag-116","tag-rtf","tag-bezirkszielfahrt","tag-radteam-hamm","wp-image-borders","item-wrap"],"_links":{"self":[{"href":"https:\/\/radsportbezirk-westfalen-mitte.de\/wordpress\/wp-json\/wp\/v2\/posts\/6048","targetHints":{"allow":["GET"]}}],"collection":[{"href":"https:\/\/radsportbezirk-westfalen-mitte.de\/wordpress\/wp-json\/wp\/v2\/posts"}],"about":[{"href":"https:\/\/radsportbezirk-westfalen-mitte.de\/wordpress\/wp-json\/wp\/v2\/types\/post"}],"author":[{"embeddable":true,"href":"https:\/\/radsportbezirk-westfalen-mitte.de\/wordpress\/wp-json\/wp\/v2\/users\/1"}],"replies":[{"embeddable":true,"href":"https:\/\/radsportbezirk-westfalen-mitte.de\/wordpress\/wp-json\/wp\/v2\/comments?post=6048"}],"version-history":[{"count":3,"href":"https:\/\/radsportbezirk-westfalen-mitte.de\/wordpress\/wp-json\/wp\/v2\/posts\/6048\/revisions"}],"predecessor-version":[{"id":12969,"href":"https:\/\/radsportbezirk-westfalen-mitte.de\/wordpress\/wp-json\/wp\/v2\/posts\/6048\/revisions\/12969"}],"wp:attachment":[{"href":"https:\/\/radsportbezirk-westfalen-mitte.de\/wordpress\/wp-json\/wp\/v2\/media?parent=6048"}],"wp:term":[{"taxonomy":"category","embeddable":true,"href":"https:\/\/radsportbezirk-westfalen-mitte.de\/wordpress\/wp-json\/wp\/v2\/categories?post=6048"},{"taxonomy":"post_tag","embeddable":true,"href":"https:\/\/radsportbezirk-westfalen-mitte.de\/wordpress\/wp-json\/wp\/v2\/tags?post=6048"}],"curies":[{"name":"wp","href":"https:\/\/api.w.org\/{rel}","templated":true}]}}