{"id":5969,"date":"2012-07-30T08:56:19","date_gmt":"2012-07-30T06:56:19","guid":{"rendered":"http:\/\/radsportbezirk-westfalen-mitte.de\/wordpress\/?p=5969"},"modified":"2019-06-02T09:39:10","modified_gmt":"2019-06-02T07:39:10","slug":"tour-de-sauerland-des-tus-neuenrade","status":"publish","type":"post","link":"https:\/\/radsportbezirk-westfalen-mitte.de\/wordpress\/5969\/","title":{"rendered":"Tour de Sauerland des TuS Neuenrade"},"content":{"rendered":"<p><b>Tour de Sauerland &#8211; Sonntag, den 5.8.2012<\/b><\/p>\n<p>Es ist wieder so weit! Tour de Sauerland, einer der sch\u00f6nsten RTF\u00b4s im Sauerland.<!--more--><\/p>\n<p>Die Streckenf\u00fchrung l\u00e4dt zum Genussradeln \u00fcber gut ausgebaute, verkehrsarme Nebenstrecken zu den sch\u00f6nsten Aussichtspunkten des Sauerlandes ein.<\/p>\n<p><b> <a href=\"http:\/\/www.tus-neuenrade-radsport.de\/2012_Flyer_RTF.pdf\" target=\"_blank\" rel=\"noopener noreferrer\">Hier <\/a>geht es zum aktuellen Flyer zu unserer RTF 2012.<\/b><\/p>\n<p align=\"left\"><b> GPS Daten der 5 Strecken findet ihr auf <em><a href=\"http:\/\/www.gpsies.com\/viewTracks.do?fileId=lbqqakzpwtjeluhs&amp;fileId=uqnmzpxjiqpyangw&amp;fileId=qjdftpljehsrtgib&amp;fileId=hanoykciwbtacqmx&amp;fileId=igttzkrsnbwhvwzu&amp;fileId=grkueyxdcznsyxwu\" target=\"_blank\" rel=\"noopener noreferrer\">www.gpsies.de<\/a><\/em><a href=\"http:\/\/www.gpsies.com\/viewTracks.do?fileId=dodwqcxmgafsbrsa&amp;fileId=yktxqludzqjfwziq&amp;fileId=hanoykciwbtacqmx&amp;fileId=igttzkrsnbwhvwzu&amp;fileId=grkueyxdcznsyxwu\" target=\"_blank\" rel=\"noopener noreferrer\"> .<\/a><\/b><\/p>\n<p align=\"left\">Achtung: Wegen einer Baustelle im Neuenrader Stadtgebiet ist dort die<br \/>\nStreckenf\u00fchrung noch nicht endg\u00fcltig.<br \/>\nBitte beachten beim herunterladen der Strecken von www.gpsies.com.<\/p>\n<p>&nbsp;<\/p>\n<p align=\"left\">Wir freuen uns auf viele Teilnehmer.<\/p>\n<p>&nbsp;<\/p>\n<p>gez. <em>Pressewart<\/em> <strong>Olaf Klose<\/strong>, <em>TuS Neuenrade Radsport<\/em><\/p>\n<p>&nbsp;<\/p>\n<p>&nbsp;<\/p>\n<p><img loading=\"lazy\" decoding=\"async\" class=\"aligncenter wp-image-5968\" src=\"http:\/\/radsportbezirk-westfalen-mitte.de\/wordpress\/wp-content\/uploads\/2012\/07\/rtfNeuenrade2012.jpg\" alt=\"rtfNeuenrade2012\" width=\"500\" height=\"375\" border=\"1\" srcset=\"https:\/\/radsportbezirk-westfalen-mitte.de\/wordpress\/wp-content\/uploads\/2012\/07\/rtfNeuenrade2012.jpg 600w, https:\/\/radsportbezirk-westfalen-mitte.de\/wordpress\/wp-content\/uploads\/2012\/07\/rtfNeuenrade2012-300x225.jpg 300w\" sizes=\"auto, (max-width: 500px) 100vw, 500px\" \/><\/p>\n<p>&nbsp;<\/p>\n<p>&nbsp;<\/p>\n<p>&nbsp;<\/p>\n<p>&nbsp;<\/p>\n<p>&nbsp;<\/p>\n","protected":false},"excerpt":{"rendered":"<p><b>Tour de Sauerland &#8211; Sonntag, den 5.8.2012<\/b><\/p>\n<p>Es ist wieder so weit! Tour de Sauerland, einer der sch\u00f6nsten RTF\u00b4s im Sauerland.<\/p><p><a class=\"more-link btn\" href=\"https:\/\/radsportbezirk-westfalen-mitte.de\/wordpress\/5969\/\">Weiterlesen<\/a><\/p>\n","protected":false},"author":1,"featured_media":0,"comment_status":"closed","ping_status":"closed","sticky":false,"template":"","format":"standard","meta":{"footnotes":""},"categories":[29],"tags":[1148,78,116,172],"class_list":["post-5969","post","type-post","status-publish","format-standard","hentry","category-rtfctf","tag-sauerland","tag-tus-neuenrade","tag-116","tag-rtf","wp-image-borders","item-wrap"],"_links":{"self":[{"href":"https:\/\/radsportbezirk-westfalen-mitte.de\/wordpress\/wp-json\/wp\/v2\/posts\/5969","targetHints":{"allow":["GET"]}}],"collection":[{"href":"https:\/\/radsportbezirk-westfalen-mitte.de\/wordpress\/wp-json\/wp\/v2\/posts"}],"about":[{"href":"https:\/\/radsportbezirk-westfalen-mitte.de\/wordpress\/wp-json\/wp\/v2\/types\/post"}],"author":[{"embeddable":true,"href":"https:\/\/radsportbezirk-westfalen-mitte.de\/wordpress\/wp-json\/wp\/v2\/users\/1"}],"replies":[{"embeddable":true,"href":"https:\/\/radsportbezirk-westfalen-mitte.de\/wordpress\/wp-json\/wp\/v2\/comments?post=5969"}],"version-history":[{"count":4,"href":"https:\/\/radsportbezirk-westfalen-mitte.de\/wordpress\/wp-json\/wp\/v2\/posts\/5969\/revisions"}],"predecessor-version":[{"id":13006,"href":"https:\/\/radsportbezirk-westfalen-mitte.de\/wordpress\/wp-json\/wp\/v2\/posts\/5969\/revisions\/13006"}],"wp:attachment":[{"href":"https:\/\/radsportbezirk-westfalen-mitte.de\/wordpress\/wp-json\/wp\/v2\/media?parent=5969"}],"wp:term":[{"taxonomy":"category","embeddable":true,"href":"https:\/\/radsportbezirk-westfalen-mitte.de\/wordpress\/wp-json\/wp\/v2\/categories?post=5969"},{"taxonomy":"post_tag","embeddable":true,"href":"https:\/\/radsportbezirk-westfalen-mitte.de\/wordpress\/wp-json\/wp\/v2\/tags?post=5969"}],"curies":[{"name":"wp","href":"https:\/\/api.w.org\/{rel}","templated":true}]}}