{"id":5960,"date":"2012-07-14T08:56:19","date_gmt":"2012-07-14T06:56:19","guid":{"rendered":"http:\/\/radsportbezirk-westfalen-mitte.de\/wordpress\/?p=5960"},"modified":"2019-06-02T09:48:37","modified_gmt":"2019-06-02T07:48:37","slug":"radsportler-des-rsv-hansa-soest-starteten-bei-einem-extrem-radmarathon","status":"publish","type":"post","link":"https:\/\/radsportbezirk-westfalen-mitte.de\/wordpress\/5960\/","title":{"rendered":"Radsportler des RSV Hansa Soest starteten bei einem Extrem-Radmarathon"},"content":{"rendered":"<p>616 km vom Fichtelberg im Erzgebirge bis zum Kap Arkona auf R\u00fcgen. Diesen Radmarathon \u201eFichKona\u201c, den l\u00e4ngste in Deutschland, haben drei Radsportler des RSV Hansa Soest, Markus Kunz, Josef Sch\u00e4fermeier und Andreas R\u00fchl, absolviert. <!--more--><\/p>\n<p>Gestartet wurde am Samstag um 10.00 Uhr auf dem Fichtelberg im Erzgebirge, das Ziel auf der Insel R\u00fcgen wurde am Sonntag um 14.00 Uhr erreicht. In der Nacht musste aufgrund der schweren Gewitter im Mecklenburger Raum eine Zwangspause von fast 2 Stunden gemacht werden. Insgesamt haben 175 Teilnehmer am Radmarathon teilgenommen und fast alle haben Kap Arkona mit dem Rad erreicht. Die RSV Fahrer ben\u00f6tigten f\u00fcr die Strecke 21 Stunden, f\u00fcr die drei war es die bisher l\u00e4ngste durchgefahrene Distanz bei einem Radmarathon.<\/p>\n<p>&nbsp;<\/p>\n<p>&nbsp;<\/p>\n<p>&nbsp;<\/p>\n<p>&nbsp;<\/p>\n<p>&nbsp;<\/p>\n","protected":false},"excerpt":{"rendered":"<p>616 km vom Fichtelberg im Erzgebirge bis zum Kap Arkona auf R\u00fcgen. Diesen Radmarathon \u201eFichKona\u201c, den l\u00e4ngste in Deutschland, haben drei Radsportler des RSV Hansa Soest, Markus Kunz, Josef Sch\u00e4fermeier und Andreas R\u00fchl, absolviert. <\/p><p><a class=\"more-link btn\" href=\"https:\/\/radsportbezirk-westfalen-mitte.de\/wordpress\/5960\/\">Weiterlesen<\/a><\/p>\n","protected":false},"author":1,"featured_media":0,"comment_status":"closed","ping_status":"closed","sticky":false,"template":"","format":"standard","meta":{"footnotes":""},"categories":[32,34],"tags":[108,116,708],"class_list":["post-5960","post","type-post","status-publish","format-standard","hentry","category-vereine","category-breitensport","tag-rsv-hansa-soest","tag-116","tag-marathon","wp-image-borders","item-wrap"],"_links":{"self":[{"href":"https:\/\/radsportbezirk-westfalen-mitte.de\/wordpress\/wp-json\/wp\/v2\/posts\/5960","targetHints":{"allow":["GET"]}}],"collection":[{"href":"https:\/\/radsportbezirk-westfalen-mitte.de\/wordpress\/wp-json\/wp\/v2\/posts"}],"about":[{"href":"https:\/\/radsportbezirk-westfalen-mitte.de\/wordpress\/wp-json\/wp\/v2\/types\/post"}],"author":[{"embeddable":true,"href":"https:\/\/radsportbezirk-westfalen-mitte.de\/wordpress\/wp-json\/wp\/v2\/users\/1"}],"replies":[{"embeddable":true,"href":"https:\/\/radsportbezirk-westfalen-mitte.de\/wordpress\/wp-json\/wp\/v2\/comments?post=5960"}],"version-history":[{"count":3,"href":"https:\/\/radsportbezirk-westfalen-mitte.de\/wordpress\/wp-json\/wp\/v2\/posts\/5960\/revisions"}],"predecessor-version":[{"id":13008,"href":"https:\/\/radsportbezirk-westfalen-mitte.de\/wordpress\/wp-json\/wp\/v2\/posts\/5960\/revisions\/13008"}],"wp:attachment":[{"href":"https:\/\/radsportbezirk-westfalen-mitte.de\/wordpress\/wp-json\/wp\/v2\/media?parent=5960"}],"wp:term":[{"taxonomy":"category","embeddable":true,"href":"https:\/\/radsportbezirk-westfalen-mitte.de\/wordpress\/wp-json\/wp\/v2\/categories?post=5960"},{"taxonomy":"post_tag","embeddable":true,"href":"https:\/\/radsportbezirk-westfalen-mitte.de\/wordpress\/wp-json\/wp\/v2\/tags?post=5960"}],"curies":[{"name":"wp","href":"https:\/\/api.w.org\/{rel}","templated":true}]}}