{"id":5847,"date":"2012-05-04T08:56:31","date_gmt":"2012-05-04T06:56:31","guid":{"rendered":"http:\/\/radsportbezirk-westfalen-mitte.de\/wordpress\/?p=5847"},"modified":"2019-06-02T11:32:15","modified_gmt":"2019-06-02T09:32:15","slug":"16-rtf-qoevert-platte-landq","status":"publish","type":"post","link":"https:\/\/radsportbezirk-westfalen-mitte.de\/wordpress\/5847\/","title":{"rendered":"16. RTF &#8222;\u00d6vert platte Land&#8220;"},"content":{"rendered":"<p>Am kommenden Sonntag veranstalten die Radsportfreunde Bochum die 16. RTF &#8222;\u00d6vert Platte Land&#8220; und hoffen, den Radsportfreundinnen und Radsportfreunden neben 4 Strecken von 28 bis 111 Kilometern auch wieder eine gute Betreuung\/Bewirtung vor, w\u00e4hrend und nach der RTF bieten zu k\u00f6nnen. <!--more--><\/p>\n<p>Fr\u00fchaufsteher haben bei uns nat\u00fcrlich die M\u00f6glichkeit, vor dem noch ein Fr\u00fchst\u00fcck einzunehmen. W\u00e4hrend der RTF sind wir selbstverst\u00e4ndlich auch bem\u00fcht die Teilnehmerinnen und Teilnehmer zu st\u00e4rken und bei Laune zu halten und im Ziel stehen alkoholfreie Getr\u00e4nke genau so wie Bier und Bratwurst zur Verf\u00fcgung. Bez\u00fcglich der Strecken kann man sich auf unserer Homepage unter<\/p>\n<p><strong><em><a href=\"http:\/\/www.rsf-bochum.net\/index.php\/unsere-rtf.html\" target=\"_blank\" rel=\"noopener noreferrer\">http:\/\/www.rsf-bochum.net\/index.php\/unsere-rtf.html<\/a><\/em><\/strong><\/p>\n<p>informieren.<\/p>\n<p>&nbsp;<\/p>\n<p><b><i>6. Mai<\/i><\/b><\/p>\n<p>16. \u00d6vert Platte Land<\/p>\n<p>RSF Bochum<\/p>\n<p>Veranstaltungsnummer: <b><i>2129<\/i><\/b><\/p>\n<p>Verantwortlich: J\u00fcrgen Bosselmann Tel.: 0234 461172<\/p>\n<p>Streckenl\u00e4ngen: 25\/45\/75\/111km\u00a0\u00a0\u00a0\u00a0\u00a0\u00a0 <b><i>Sternfahrt zugelassen!<\/i><\/b><\/p>\n<p>Startzeit: 8.00 \u2013 10.00 Uhr<\/p>\n<p>Anmeldung: ab 7.30 Uhr<\/p>\n<p>Startort: Schulzentrum, Heinrichstr. 2, 44805 Bochum \u2013 Gerthe<\/p>\n<p>Startgeld: 3\u20ac BDR Wertungskartenfahrer \/ 5\u20ac Freizeitfahrer<\/p>\n<p>Anfahrt: BAB A43 Ausfahrt 17, Bochum \u2013 Gerthe<\/p>\n<p><i>Wertungslauf zum \u201eGoldenen Radeck\u201c, Einzel- und Mannschaftswertung des BZ.<br \/>\nWertungslauf zur NRW Mannschaftswertung<\/i><\/p>\n<p>&nbsp;<\/p>\n<p><strong>RSF Bochum\/Norbert Schnitzmeier<\/strong><\/p>\n<p>&nbsp;<\/p>\n<p>&nbsp;<\/p>\n<p>&nbsp;<\/p>\n<p>&nbsp;<\/p>\n<p>&nbsp;<\/p>\n","protected":false},"excerpt":{"rendered":"<p>Am kommenden Sonntag veranstalten die Radsportfreunde Bochum die 16. RTF &#8222;\u00d6vert Platte Land&#8220; und hoffen, den Radsportfreundinnen und Radsportfreunden neben 4 Strecken von 28 bis 111 Kilometern auch wieder eine gute Betreuung\/Bewirtung vor, w\u00e4hrend und nach der RTF bieten zu k\u00f6nnen. <\/p><p><a class=\"more-link btn\" href=\"https:\/\/radsportbezirk-westfalen-mitte.de\/wordpress\/5847\/\">Weiterlesen<\/a><\/p>\n","protected":false},"author":1,"featured_media":0,"comment_status":"closed","ping_status":"closed","sticky":false,"template":"","format":"standard","meta":{"footnotes":""},"categories":[29],"tags":[116,172,1047],"class_list":["post-5847","post","type-post","status-publish","format-standard","hentry","category-rtfctf","tag-116","tag-rtf","tag-rsf-bochum","wp-image-borders","item-wrap"],"_links":{"self":[{"href":"https:\/\/radsportbezirk-westfalen-mitte.de\/wordpress\/wp-json\/wp\/v2\/posts\/5847","targetHints":{"allow":["GET"]}}],"collection":[{"href":"https:\/\/radsportbezirk-westfalen-mitte.de\/wordpress\/wp-json\/wp\/v2\/posts"}],"about":[{"href":"https:\/\/radsportbezirk-westfalen-mitte.de\/wordpress\/wp-json\/wp\/v2\/types\/post"}],"author":[{"embeddable":true,"href":"https:\/\/radsportbezirk-westfalen-mitte.de\/wordpress\/wp-json\/wp\/v2\/users\/1"}],"replies":[{"embeddable":true,"href":"https:\/\/radsportbezirk-westfalen-mitte.de\/wordpress\/wp-json\/wp\/v2\/comments?post=5847"}],"version-history":[{"count":4,"href":"https:\/\/radsportbezirk-westfalen-mitte.de\/wordpress\/wp-json\/wp\/v2\/posts\/5847\/revisions"}],"predecessor-version":[{"id":13063,"href":"https:\/\/radsportbezirk-westfalen-mitte.de\/wordpress\/wp-json\/wp\/v2\/posts\/5847\/revisions\/13063"}],"wp:attachment":[{"href":"https:\/\/radsportbezirk-westfalen-mitte.de\/wordpress\/wp-json\/wp\/v2\/media?parent=5847"}],"wp:term":[{"taxonomy":"category","embeddable":true,"href":"https:\/\/radsportbezirk-westfalen-mitte.de\/wordpress\/wp-json\/wp\/v2\/categories?post=5847"},{"taxonomy":"post_tag","embeddable":true,"href":"https:\/\/radsportbezirk-westfalen-mitte.de\/wordpress\/wp-json\/wp\/v2\/tags?post=5847"}],"curies":[{"name":"wp","href":"https:\/\/api.w.org\/{rel}","templated":true}]}}