{"id":5822,"date":"2012-04-18T08:56:31","date_gmt":"2012-04-18T06:56:31","guid":{"rendered":"http:\/\/radsportbezirk-westfalen-mitte.de\/wordpress\/?p=5822"},"modified":"2019-06-02T12:18:34","modified_gmt":"2019-06-02T10:18:34","slug":"traditionelle-aprilfahrt-des-rsv-unna","status":"publish","type":"post","link":"https:\/\/radsportbezirk-westfalen-mitte.de\/wordpress\/5822\/","title":{"rendered":"Traditionelle Aprilfahrt des RSV Unna"},"content":{"rendered":"<p>Am 22.04.2012 ist es wieder so weit. Dann begr\u00fc\u00dft der RSV Unna seine G\u00e4ste zur \u201e33. Unnaer-Radtourenfahrt\u201c.<!--more--><\/p>\n<p>\u201eChef\u201c Walter Blank und sein Team haben die Planungen abgeschlossen. So k\u00f6nnen die Teilnehmer eine der f\u00fcnf angebotenen Strecken, 21, 46, 73, 111 oder 152 km, ausw\u00e4hlen. Geht es bei den ersten drei Strecken durchweg flach zu, sollte man bei den beiden langen Strecken doch gut trainiert sein. Hier geht es \u00fcber den Haarstrang nach Niederense und weiter bis zur M\u00f6hnetalsperre. Start und Ziel ist wieder das Geschwister-Scholl-Gynasium, an der Berliner Allee in Unna.<\/p>\n<p>Auf den einzelnen Strecken sind zur St\u00e4rkung Verpflegungsstellen eingerichtet. Weiter setzt der RSV Unna f\u00fcr kleine Pannen einen Materialwagen ein. Teilnehmen kann jeder. Gestartet werden kann in der Zeit von 08.00 bis 10.00 Uhr.<\/p>\n<p>Traditionell hat sich auch wieder eine Gruppe aus der Partnerstadt Waalwijk angemeldet, die schon am Samstag mit ihren Rennr\u00e4dern die Strecke von 240 km nach Unna zur\u00fccklegt. Walter Blank und seine Mannen hoffen jetzt auf gutes Wetter, so dass auch die 33. Veranstaltung ein voller Erfolg wird.<\/p>\n<p><b><span style=\"text-decoration: underline;\">\u00a0<\/span><\/b><\/p>\n<p><b><i>22. April<\/i><\/b><\/p>\n<p>33. Unnaer Radtourenfahrt des RSV Unna<\/p>\n<p>Veranstaltungsnummer: <b><i>2077<\/i><\/b><\/p>\n<p>Verantwortlich: Peter Tiefenbach, Tel. 02307\u00a0\u00a0\u00a0 87227<\/p>\n<p>Streckenl\u00e4ngen: 21\/46\/74\/111\/152km\u00a0\u00a0\u00a0\u00a0 <b><i>Sternfahrt zugelassen!<\/i><\/b><\/p>\n<p>Startzeit :\u00a0 8.00 \u2013 10.00 Uhr<\/p>\n<p>Anmeldung:\u00a0 ab 7.30 Uhr<\/p>\n<p>Startort: Geschwister Scholl-Gymnasium, Palaiseaustr. 2, 59425 Unna<\/p>\n<p>Anfahrt : BAB 1 Ausfahrt 84 Unna-K\u00f6nigsborn\/Kamen Zentrum<\/p>\n<p><i>Wertungslauf zum \u201eGoldenen Radeck\u201c, Einzel- und Mannschaftswertung des BZ. Wertungslauf zur NRW Mannschaftswertung<\/i><\/p>\n<p>&nbsp;<\/p>\n<p><em>Angabe ohne Gew\u00e4hr<\/em><\/p>\n<p><strong>Norbert Schnitzmeier<\/strong><\/p>\n<p>&nbsp;<\/p>\n<p>&nbsp;<\/p>\n<p><img loading=\"lazy\" decoding=\"async\" class=\"aligncenter wp-image-5821\" src=\"http:\/\/radsportbezirk-westfalen-mitte.de\/wordpress\/wp-content\/uploads\/2012\/04\/WalterBlank_RSV_Unna.jpg\" alt=\"-WalterBlank_RSV_Unna\" width=\"333\" height=\"500\" border=\"1\" \/><\/p>\n<p>&nbsp;<\/p>\n<p>&nbsp;<\/p>\n<p>&nbsp;<\/p>\n<p>&nbsp;<\/p>\n<p>&nbsp;<\/p>\n","protected":false},"excerpt":{"rendered":"<p>Am 22.04.2012 ist es wieder so weit. Dann begr\u00fc\u00dft der RSV Unna seine G\u00e4ste zur \u201e33. Unnaer-Radtourenfahrt\u201c.<\/p><p><a class=\"more-link btn\" href=\"https:\/\/radsportbezirk-westfalen-mitte.de\/wordpress\/5822\/\">Weiterlesen<\/a><\/p>\n","protected":false},"author":1,"featured_media":0,"comment_status":"closed","ping_status":"closed","sticky":false,"template":"","format":"standard","meta":{"footnotes":""},"categories":[29],"tags":[116,172,71],"class_list":["post-5822","post","type-post","status-publish","format-standard","hentry","category-rtfctf","tag-116","tag-rtf","tag-rsv-unna","wp-image-borders","item-wrap"],"_links":{"self":[{"href":"https:\/\/radsportbezirk-westfalen-mitte.de\/wordpress\/wp-json\/wp\/v2\/posts\/5822","targetHints":{"allow":["GET"]}}],"collection":[{"href":"https:\/\/radsportbezirk-westfalen-mitte.de\/wordpress\/wp-json\/wp\/v2\/posts"}],"about":[{"href":"https:\/\/radsportbezirk-westfalen-mitte.de\/wordpress\/wp-json\/wp\/v2\/types\/post"}],"author":[{"embeddable":true,"href":"https:\/\/radsportbezirk-westfalen-mitte.de\/wordpress\/wp-json\/wp\/v2\/users\/1"}],"replies":[{"embeddable":true,"href":"https:\/\/radsportbezirk-westfalen-mitte.de\/wordpress\/wp-json\/wp\/v2\/comments?post=5822"}],"version-history":[{"count":4,"href":"https:\/\/radsportbezirk-westfalen-mitte.de\/wordpress\/wp-json\/wp\/v2\/posts\/5822\/revisions"}],"predecessor-version":[{"id":13089,"href":"https:\/\/radsportbezirk-westfalen-mitte.de\/wordpress\/wp-json\/wp\/v2\/posts\/5822\/revisions\/13089"}],"wp:attachment":[{"href":"https:\/\/radsportbezirk-westfalen-mitte.de\/wordpress\/wp-json\/wp\/v2\/media?parent=5822"}],"wp:term":[{"taxonomy":"category","embeddable":true,"href":"https:\/\/radsportbezirk-westfalen-mitte.de\/wordpress\/wp-json\/wp\/v2\/categories?post=5822"},{"taxonomy":"post_tag","embeddable":true,"href":"https:\/\/radsportbezirk-westfalen-mitte.de\/wordpress\/wp-json\/wp\/v2\/tags?post=5822"}],"curies":[{"name":"wp","href":"https:\/\/api.w.org\/{rel}","templated":true}]}}