{"id":5704,"date":"2012-01-12T08:55:00","date_gmt":"2012-01-12T07:55:00","guid":{"rendered":"http:\/\/radsportbezirk-westfalen-mitte.de\/wordpress\/?p=5704"},"modified":"2019-05-05T12:15:13","modified_gmt":"2019-05-05T10:15:13","slug":"grossartiges-geburtstagsgeschenk-fuer-lucas-liss","status":"publish","type":"post","link":"https:\/\/radsportbezirk-westfalen-mitte.de\/wordpress\/5704\/","title":{"rendered":"Gro\u00dfartiges Geburtstagsgeschenk f\u00fcr Lucas Li\u00df"},"content":{"rendered":"<p>Der mehrfache deutsche Meister, Medaillengewinner bei Europa- und Weltmeisterschaften im Juniorenbereich, Lucas Li\u00df (Rad-Sport-Verein Unna) wurde am 12. Januar 20 Jahre alt. Als Mitglied der Deutschen Elite Nationalmannschaft konnte er seinen Geburtstag nicht zu Hause in Bergkamen feiern, sondern im fernen China.<!--more--><\/p>\n<p>In Peking auf der Olympia Bahn von 2008 fand der 3. Bahn-Weltcup der Saison statt. Seit Anfang der Saison geh\u00f6rt Lucas dem Olympia-Kader des Bundes Deutscher Radfahrer an und wurde an seinem Geburtstag erstmals vom Bundestrainer Sven Meyer in den Vierer mit eingebaut. In Peking hat er seine &#8222;Sache&#8220; sehr gut gemacht.<\/p>\n<p>Der deutsche Bahnvierer ist in Peking mit einer Zeit von 4:09,512 Minuten auf den siebten Platz gefahren. Mit dieser Platzierung konnte der Bund Deutscher Radfahrer (BDR) den R\u00fcckstand in der Olympiaqualifikation auf die Belgier, die Zehnte wurden und den wichtigen sechsten europ\u00e4ischen Startplatz derzeit belegen, um 40 Punkte reduzieren. Der R\u00fcckstand betr\u00e4gt aber immer noch 646 Punkte. F\u00fcr den BDR wird es nun schwer diesen R\u00fcckstand bei den letzten beiden Qualifikationsrennen f\u00fcr die Olympischen Spiele 2012 in London noch aufzuholen. Die letzten beiden M\u00f6glichkeiten daf\u00fcr sind beim Weltcup in London vom 17. bis 19. Februar 2012 und der Bahn-Weltmeisterschaft in Melbourne vom 04. bis 08. April 2012. Hier wird Lucas Li\u00df ebenfalls eingesetzt, so dass er nach Kolumbien und China nun nach London und Australien fliegen wird.<\/p>\n<p>Der RSV Unna ist stolz auf seinen Nationalfahrer, der die Farben des RSV international hervorragend vertritt.<\/p>\n<p>&nbsp;<\/p>\n<p style=\"text-align: center;\"><img loading=\"lazy\" decoding=\"async\" class=\"aligncenter wp-image-5703\" src=\"http:\/\/radsportbezirk-westfalen-mitte.de\/wordpress\/wp-content\/uploads\/2012\/01\/LISS_BAHNT19694.jpg\" alt=\"LISS_BAHNT19694\" width=\"492\" height=\"500\" border=\"1\" srcset=\"https:\/\/radsportbezirk-westfalen-mitte.de\/wordpress\/wp-content\/uploads\/2012\/01\/LISS_BAHNT19694.jpg 640w, https:\/\/radsportbezirk-westfalen-mitte.de\/wordpress\/wp-content\/uploads\/2012\/01\/LISS_BAHNT19694-295x300.jpg 295w\" sizes=\"auto, (max-width: 492px) 100vw, 492px\" \/><\/p>\n<p>&nbsp;<\/p>\n<p>&nbsp;<\/p>\n<p>&nbsp;<\/p>\n<p>&nbsp;<\/p>\n<p>&nbsp;<\/p>\n<h2 align=\"center\"><b><i>Text und Foto: RSV Unna<\/i><\/b><\/h2>\n<p>&nbsp;<\/p>\n<p>&nbsp;<\/p>\n<p>&nbsp;<\/p>\n<p>&nbsp;<\/p>\n<p>&nbsp;<\/p>\n","protected":false},"excerpt":{"rendered":"<p>Der mehrfache deutsche Meister, Medaillengewinner bei Europa- und Weltmeisterschaften im Juniorenbereich, Lucas Li\u00df (Rad-Sport-Verein Unna) wurde am 12. Januar 20 Jahre alt. Als Mitglied der Deutschen Elite Nationalmannschaft konnte er seinen Geburtstag nicht zu Hause in Bergkamen feiern, sondern im fernen China.<\/p><p><a class=\"more-link btn\" href=\"https:\/\/radsportbezirk-westfalen-mitte.de\/wordpress\/5704\/\">Weiterlesen<\/a><\/p>\n","protected":false},"author":1,"featured_media":0,"comment_status":"closed","ping_status":"closed","sticky":false,"template":"","format":"standard","meta":{"footnotes":""},"categories":[27],"tags":[71,116,266,335],"class_list":["post-5704","post","type-post","status-publish","format-standard","hentry","category-bahnrennsport","tag-rsv-unna","tag-116","tag-bahn","tag-lucas-liss","wp-image-borders","item-wrap"],"_links":{"self":[{"href":"https:\/\/radsportbezirk-westfalen-mitte.de\/wordpress\/wp-json\/wp\/v2\/posts\/5704","targetHints":{"allow":["GET"]}}],"collection":[{"href":"https:\/\/radsportbezirk-westfalen-mitte.de\/wordpress\/wp-json\/wp\/v2\/posts"}],"about":[{"href":"https:\/\/radsportbezirk-westfalen-mitte.de\/wordpress\/wp-json\/wp\/v2\/types\/post"}],"author":[{"embeddable":true,"href":"https:\/\/radsportbezirk-westfalen-mitte.de\/wordpress\/wp-json\/wp\/v2\/users\/1"}],"replies":[{"embeddable":true,"href":"https:\/\/radsportbezirk-westfalen-mitte.de\/wordpress\/wp-json\/wp\/v2\/comments?post=5704"}],"version-history":[{"count":3,"href":"https:\/\/radsportbezirk-westfalen-mitte.de\/wordpress\/wp-json\/wp\/v2\/posts\/5704\/revisions"}],"predecessor-version":[{"id":11801,"href":"https:\/\/radsportbezirk-westfalen-mitte.de\/wordpress\/wp-json\/wp\/v2\/posts\/5704\/revisions\/11801"}],"wp:attachment":[{"href":"https:\/\/radsportbezirk-westfalen-mitte.de\/wordpress\/wp-json\/wp\/v2\/media?parent=5704"}],"wp:term":[{"taxonomy":"category","embeddable":true,"href":"https:\/\/radsportbezirk-westfalen-mitte.de\/wordpress\/wp-json\/wp\/v2\/categories?post=5704"},{"taxonomy":"post_tag","embeddable":true,"href":"https:\/\/radsportbezirk-westfalen-mitte.de\/wordpress\/wp-json\/wp\/v2\/tags?post=5704"}],"curies":[{"name":"wp","href":"https:\/\/api.w.org\/{rel}","templated":true}]}}