{"id":5612,"date":"2011-10-10T08:56:31","date_gmt":"2011-10-10T06:56:31","guid":{"rendered":"http:\/\/radsportbezirk-westfalen-mitte.de\/wordpress\/?p=5612"},"modified":"2019-06-04T08:57:58","modified_gmt":"2019-06-04T06:57:58","slug":"radler-trotzen-der-kaelte","status":"publish","type":"post","link":"https:\/\/radsportbezirk-westfalen-mitte.de\/wordpress\/5612\/","title":{"rendered":"Radler trotzen der K\u00e4lte"},"content":{"rendered":"<p>Bei der 12. Europa Radtourenfahrt zeigten die Tourenfahrer schon ihre H\u00e4rte gegen\u00fcber K\u00e4lte. In und um Dortmund sank das Thermometer auf die 0 Grad-Grenze und somit mussten viele Radsportler die Wintersachen raus suchen. <!--more-->Trotz dieser schwierigen \u00e4u\u00dferen Bedingungen kamen 368 Teilnehmer zur Veranstaltung.<\/p>\n<p>Leider \u00fcberschattete ein Unfall in L\u00fcnen die Veranstaltung. Ein Autofahrer \u00fcbersah an einer Lichtzeichenanlage zwei Radfahrer und fuhr sie an. Der Autofahrer ist nach \u00fcbereinstimmenden Zeugenaussagen bei Rot in die Kreuzung gefahren. N\u00e4heres wird durch die Polizei ermittelt. Entwarnung konnte schon am Abend f\u00fcr einen Teilnehmer gegeben werden, denn dieser konnte das Krankenhaus verlassen. Der zweite Teilnehmer wird wegen einer Knochenfraktur weiter station\u00e4r behandelt.<\/p>\n<p>Nach R\u00fcckkehr durch das s\u00fcdliche M\u00fcnsterland waren die Teilnehmer froh, am Morgen die 12. Europa RTF unter die R\u00e4der genommen zu haben, denn das Wetter zeigte sich von seiner sch\u00f6nsten Seite. In der gro\u00dfen Mensa der Schule lie\u00dfen sich es dann alle gut gehen.<\/p>\n<p>Die Mannschaftswertung sicherte sich der RSV Dortmund Nord vor Sprinter Waltrop, PSV Iserlohn, RSG Herne und RC Buer\/Wersterholt.<\/p>\n<p>Der Rucksack und das 10\u20ac-Gutscheinheft wurde von den Teilnehmer mit Freude entgegengenommen und fanden gro\u00dfe Zustimmung.<\/p>\n<p>&nbsp;<\/p>\n<p>Das Team der 12. Europa RTF m\u00f6chte sich f\u00fcr die Auszeichnung nochmals recht herzlich bedanken.<\/p>\n<p>&nbsp;<\/p>\n<p><strong>Norbert Schnitzmeier<\/strong><br \/>\n<em>Koordinator RTF\/CTF<\/em><\/p>\n<p>&nbsp;<\/p>\n<p><img loading=\"lazy\" decoding=\"async\" class=\"aligncenter wp-image-5610\" style=\"display: block; margin-left: auto; margin-right: auto;\" src=\"http:\/\/radsportbezirk-westfalen-mitte.de\/wordpress\/wp-content\/uploads\/2011\/10\/EuropaRTF2011-2.jpg\" alt=\"EuropaRTF2011-2\" width=\"500\" height=\"281\" border=\"1\" srcset=\"https:\/\/radsportbezirk-westfalen-mitte.de\/wordpress\/wp-content\/uploads\/2011\/10\/EuropaRTF2011-2.jpg 640w, https:\/\/radsportbezirk-westfalen-mitte.de\/wordpress\/wp-content\/uploads\/2011\/10\/EuropaRTF2011-2-300x169.jpg 300w\" sizes=\"auto, (max-width: 500px) 100vw, 500px\" \/><\/p>\n<p><img loading=\"lazy\" decoding=\"async\" class=\"aligncenter wp-image-5611\" style=\"display: block; margin-left: auto; margin-right: auto;\" src=\"http:\/\/radsportbezirk-westfalen-mitte.de\/wordpress\/wp-content\/uploads\/2011\/10\/EuropaRTF2011-1.jpg\" alt=\"EuropaRTF2011-1\" width=\"500\" height=\"281\" border=\"1\" srcset=\"https:\/\/radsportbezirk-westfalen-mitte.de\/wordpress\/wp-content\/uploads\/2011\/10\/EuropaRTF2011-1.jpg 640w, https:\/\/radsportbezirk-westfalen-mitte.de\/wordpress\/wp-content\/uploads\/2011\/10\/EuropaRTF2011-1-300x169.jpg 300w\" sizes=\"auto, (max-width: 500px) 100vw, 500px\" \/><\/p>\n<p>&nbsp;<\/p>\n<p>&nbsp;<\/p>\n<p>&nbsp;<\/p>\n<p>&nbsp;<\/p>\n<p>&nbsp;<\/p>\n","protected":false},"excerpt":{"rendered":"<p>Bei der 12. Europa Radtourenfahrt zeigten die Tourenfahrer schon ihre H\u00e4rte gegen\u00fcber K\u00e4lte. In und um Dortmund sank das Thermometer auf die 0 Grad-Grenze und somit mussten viele Radsportler die Wintersachen raus suchen. <\/p><p><a class=\"more-link btn\" href=\"https:\/\/radsportbezirk-westfalen-mitte.de\/wordpress\/5612\/\">Weiterlesen<\/a><\/p>\n","protected":false},"author":1,"featured_media":0,"comment_status":"closed","ping_status":"closed","sticky":false,"template":"","format":"standard","meta":{"footnotes":""},"categories":[29],"tags":[58,98,172],"class_list":["post-5612","post","type-post","status-publish","format-standard","hentry","category-rtfctf","tag-bezirk","tag-98","tag-rtf","wp-image-borders","item-wrap"],"_links":{"self":[{"href":"https:\/\/radsportbezirk-westfalen-mitte.de\/wordpress\/wp-json\/wp\/v2\/posts\/5612","targetHints":{"allow":["GET"]}}],"collection":[{"href":"https:\/\/radsportbezirk-westfalen-mitte.de\/wordpress\/wp-json\/wp\/v2\/posts"}],"about":[{"href":"https:\/\/radsportbezirk-westfalen-mitte.de\/wordpress\/wp-json\/wp\/v2\/types\/post"}],"author":[{"embeddable":true,"href":"https:\/\/radsportbezirk-westfalen-mitte.de\/wordpress\/wp-json\/wp\/v2\/users\/1"}],"replies":[{"embeddable":true,"href":"https:\/\/radsportbezirk-westfalen-mitte.de\/wordpress\/wp-json\/wp\/v2\/comments?post=5612"}],"version-history":[{"count":3,"href":"https:\/\/radsportbezirk-westfalen-mitte.de\/wordpress\/wp-json\/wp\/v2\/posts\/5612\/revisions"}],"predecessor-version":[{"id":13189,"href":"https:\/\/radsportbezirk-westfalen-mitte.de\/wordpress\/wp-json\/wp\/v2\/posts\/5612\/revisions\/13189"}],"wp:attachment":[{"href":"https:\/\/radsportbezirk-westfalen-mitte.de\/wordpress\/wp-json\/wp\/v2\/media?parent=5612"}],"wp:term":[{"taxonomy":"category","embeddable":true,"href":"https:\/\/radsportbezirk-westfalen-mitte.de\/wordpress\/wp-json\/wp\/v2\/categories?post=5612"},{"taxonomy":"post_tag","embeddable":true,"href":"https:\/\/radsportbezirk-westfalen-mitte.de\/wordpress\/wp-json\/wp\/v2\/tags?post=5612"}],"curies":[{"name":"wp","href":"https:\/\/api.w.org\/{rel}","templated":true}]}}