{"id":5590,"date":"2011-09-19T08:55:00","date_gmt":"2011-09-19T06:55:00","guid":{"rendered":"http:\/\/radsportbezirk-westfalen-mitte.de\/wordpress\/?p=5590"},"modified":"2019-05-06T11:12:54","modified_gmt":"2019-05-06T09:12:54","slug":"finale-des-nrw-und-berg-junior-cup-in-grafschaft","status":"publish","type":"post","link":"https:\/\/radsportbezirk-westfalen-mitte.de\/wordpress\/5590\/","title":{"rendered":"Finale des NRW- und Berg-Junior Cup in Grafschaft"},"content":{"rendered":"<p>Im sch\u00f6nen Sauerland fanden die finalen L\u00e4ufe der beiden Cup-Serien bei kaltem und teils nassem Wetter statt. <!--more--><\/p>\n<p>Der erste Fahrer, der fr\u00fch morgens am Start stand, war Timo Steinbrecher ( U 17 ). Anders als in der Vorwoche kam Timo ohne Sturz durch das Rennen und belegte am Ende Rang 7 in der Tageswertung gleichbedeutend mit\u00a0Platz 6 in der Gesamtwertung.<\/p>\n<p>Mittags rollte dann Florian Kort\u00fcm ( Team Bergamont ) in der U 19 an den Start. P\u00fcnktlich zum Rennen setzte auch der Regen ein, der die Strecke in den Wiesenabfahrten schlammig und glatt werden lie\u00df. In den ersten 2 von 5 Runden sah es so aus als wenn Platz 3 m\u00f6glich w\u00e4re. Am Ende reichte es nur f\u00fcr Rang 4, diese Platzierung wurde es auch in der Gesamtwertung.<\/p>\n<p>Am fr\u00fchen Nachmittag waren dann 3 Kids des MBC Bochum an der Reihe. Lars Goldmann und Timo Kort\u00fcm in der U 13 m\u00e4nnlich sowie Nina Kornatzki in der U 13 weiblich. Timo fuhr auf den 17\u00b4ten Platz und Lars ,der einen starken Tag erwischte finishte auf Platz 9. In der Gesamtwertung reicht es f\u00fcr beide nur f\u00fcr die hinteren Pl\u00e4tze, beide sind nur die H\u00e4lfte aller Rennen gefahren. Nina Kornatzki hatte mit dem Wetter ein Problem und wurde 4\u00b4ter in der Tageswertung, es reichte aber f\u00fcr Platz 3 in der Gesamtwertung. Die in das Rennen intregierte Sprintwertung konnte Nina aber f\u00fcr sich entscheiden.<\/p>\n<p><img loading=\"lazy\" decoding=\"async\" class=\"aligncenter wp-image-5589\" style=\"display: block; margin-left: auto; margin-right: auto;\" src=\"http:\/\/radsportbezirk-westfalen-mitte.de\/wordpress\/wp-content\/uploads\/2011\/09\/Grafschaft_Bochum.jpg\" alt=\"Grafschaft_Bochum\" width=\"500\" height=\"332\" border=\"1\" srcset=\"https:\/\/radsportbezirk-westfalen-mitte.de\/wordpress\/wp-content\/uploads\/2011\/09\/Grafschaft_Bochum.jpg 640w, https:\/\/radsportbezirk-westfalen-mitte.de\/wordpress\/wp-content\/uploads\/2011\/09\/Grafschaft_Bochum-300x199.jpg 300w\" sizes=\"auto, (max-width: 500px) 100vw, 500px\" \/><\/p>\n<p>&nbsp;<\/p>\n<p>&nbsp;<\/p>\n<p>&nbsp;<\/p>\n<p>&nbsp;<\/p>\n<p>&nbsp;<\/p>\n<h2 style=\"text-align: center;\"><em><strong>Text und Foto: MBC Bochum<\/strong><\/em><\/h2>\n<p>&nbsp;<\/p>\n<p>&nbsp;<\/p>\n<p>&nbsp;<\/p>\n<p>&nbsp;<\/p>\n<p>&nbsp;<\/p>\n","protected":false},"excerpt":{"rendered":"<p>Im sch\u00f6nen Sauerland fanden die finalen L\u00e4ufe der beiden Cup-Serien bei kaltem und teils nassem Wetter statt. <\/p><p><a class=\"more-link btn\" href=\"https:\/\/radsportbezirk-westfalen-mitte.de\/wordpress\/5590\/\">Weiterlesen<\/a><\/p>\n","protected":false},"author":1,"featured_media":0,"comment_status":"closed","ping_status":"closed","sticky":false,"template":"","format":"standard","meta":{"footnotes":""},"categories":[43],"tags":[98,214,330,572,593,642,643,658,900,914],"class_list":["post-5590","post","type-post","status-publish","format-standard","hentry","category-mtb","tag-98","tag-mtb","tag-mbc-bochum","tag-florian-kortuem","tag-nina-kornatzki","tag-timo-kortuem","tag-lars-goldmann","tag-nrw-cup","tag-berg-junior-cup","tag-timo-steinbrecher","wp-image-borders","item-wrap"],"_links":{"self":[{"href":"https:\/\/radsportbezirk-westfalen-mitte.de\/wordpress\/wp-json\/wp\/v2\/posts\/5590","targetHints":{"allow":["GET"]}}],"collection":[{"href":"https:\/\/radsportbezirk-westfalen-mitte.de\/wordpress\/wp-json\/wp\/v2\/posts"}],"about":[{"href":"https:\/\/radsportbezirk-westfalen-mitte.de\/wordpress\/wp-json\/wp\/v2\/types\/post"}],"author":[{"embeddable":true,"href":"https:\/\/radsportbezirk-westfalen-mitte.de\/wordpress\/wp-json\/wp\/v2\/users\/1"}],"replies":[{"embeddable":true,"href":"https:\/\/radsportbezirk-westfalen-mitte.de\/wordpress\/wp-json\/wp\/v2\/comments?post=5590"}],"version-history":[{"count":3,"href":"https:\/\/radsportbezirk-westfalen-mitte.de\/wordpress\/wp-json\/wp\/v2\/posts\/5590\/revisions"}],"predecessor-version":[{"id":11877,"href":"https:\/\/radsportbezirk-westfalen-mitte.de\/wordpress\/wp-json\/wp\/v2\/posts\/5590\/revisions\/11877"}],"wp:attachment":[{"href":"https:\/\/radsportbezirk-westfalen-mitte.de\/wordpress\/wp-json\/wp\/v2\/media?parent=5590"}],"wp:term":[{"taxonomy":"category","embeddable":true,"href":"https:\/\/radsportbezirk-westfalen-mitte.de\/wordpress\/wp-json\/wp\/v2\/categories?post=5590"},{"taxonomy":"post_tag","embeddable":true,"href":"https:\/\/radsportbezirk-westfalen-mitte.de\/wordpress\/wp-json\/wp\/v2\/tags?post=5590"}],"curies":[{"name":"wp","href":"https:\/\/api.w.org\/{rel}","templated":true}]}}