{"id":5563,"date":"2011-08-09T08:56:31","date_gmt":"2011-08-09T06:56:31","guid":{"rendered":"http:\/\/radsportbezirk-westfalen-mitte.de\/wordpress\/?p=5563"},"modified":"2019-06-06T11:06:48","modified_gmt":"2019-06-06T09:06:48","slug":"familientour-volksradfahren-und-rtf-des-psv-iserlohn","status":"publish","type":"post","link":"https:\/\/radsportbezirk-westfalen-mitte.de\/wordpress\/5563\/","title":{"rendered":"Familientour \/ Volksradfahren und RTF des PSV Iserlohn"},"content":{"rendered":"<p><b>PSV: Traditionelle Radsport-Veranstaltung am 28. August <\/b><\/p>\n<p>Am Sonntag, 28. August veranstaltet der PSV Iserlohn (Abteilung Radsport) zum 24. Mal die Radtouristik-Fahrt mit Strecken \u00fcber 41, 71 oder 111 km.<!--more--><\/p>\n<p>Die Teilnahme an der \u201eIserlohner-Radsport-Traditionsveranstaltung\u201c steht schon seit langem in den Kalendern der Radsportbegeisterten aus Iserlohn und Umgebung !<\/p>\n<p>\u00dcbrigens: Teilnehmen kann jeder, der gern Fahrrad f\u00e4hrt und Kondition f\u00fcr die 41, 71 oder auch die 111 km hat. Die Strecken sind gut ausgeschildert und f\u00fchren auf \u00fcberwiegend ruhigen Stra\u00dfen durch den n\u00f6rdlichen M\u00e4rkischen Kreis, am Rand des Haarstrangs und den Ausl\u00e4ufern des Sauerlandes.<\/p>\n<p>Die teilnahmest\u00e4rksten Vereinsmannschaften aber auch der\/die j\u00fcngste und \u00e4lteste Teilnehmer \/ Teilnehmerin werden mit einem Pokal ausgezeichnet.<\/p>\n<p>Essen und Trinken gibt es an den Kontrollpunkten sowie im Start &#8211; und Zielbereich.<\/p>\n<p><strong>Gestartet wird zwischen 08.00 und 10.00 Uhr.<\/strong><\/p>\n<p>Start und Ziel: Iserlohn-Kalthof, Grundschule Leckingser Stra\u00dfe 229<\/p>\n<p>Startgeld: BDR Mitglieder: \u20ac 3, Trimmfahrer: \u20ac 5, Kinder\/Jugendliche BDR- Mitglieder: frei<\/p>\n<p><a href=\"http:\/\/www.gpsies.com\/mapUser.do?username=psv-radsport\" target=\"_blank\" rel=\"noopener noreferrer\"><b><i>\u00a0<\/i><\/b><\/a><\/p>\n<p><strong><em><a href=\"http:\/\/www.gpsies.com\/mapUser.do?username=psv-radsport\" target=\"_blank\" rel=\"noopener noreferrer\">Bitte beachten: RTF GPS Tracks ge\u00e4ndert !<\/a><\/em><\/strong><\/p>\n<p><b>Leider wurde die bisherige Streckenf\u00fchrung nicht genehmigt. <\/b><\/p>\n<p>&nbsp;<\/p>\n<p><b>Die GPS Tracks sind entsprechend angepasst.<\/b><\/p>\n<p>&nbsp;<\/p>\n<hr \/>\n<p>&nbsp;<\/p>\n<p><b>Familientour:<\/b><\/p>\n<p>&nbsp;<\/p>\n<p><b>Runter vom Sofa ! Rauf auf\u00b4s Rad !<\/b><\/p>\n<p>Am <strong>Sonntag, 28. August <\/strong> veranstaltet der PSV Iserlohn, Abteilung Radsport,<\/p>\n<p>zum 9. Mal die `Familientour\u00b4 (Volksradfahren). F\u00fcr Familien mit Kindern, aber auch f\u00fcr alle Einzel-Teilnehmerinnen\/Teilnehmer, die sich radelnd an der frischen Luft bewegen wollen, d i e Gelegenheit sich zu bet\u00e4tigen.<\/p>\n<p>Die Familientour f\u00fchrt auf ruhigen Stra\u00dfen und Wegen \u00fcber 21 km, auf einer landschaftlich reizvollen (ausgeschilderten) Strecke \u00fcber die Ruhr nach Altendorf und zur\u00fcck. Am Kontrollpunkt erhalten die \u201eFamilien-Tourer\u201c ihre Streckenverpflegung.<\/p>\n<p>Nach R\u00fcckkehr (Start und Ziel) erhalten die Teilnehmer die Urkunden f\u00fcr erfolgreiche Teilnahme. F\u00fcr die gr\u00f6\u00dfte Gruppe gibt es einen Pokal.<\/p>\n<p><strong>Start: \u00a0\u00a0\u00a0\u00a0\u00a0\u00a0\u00a0\u00a0\u00a0\u00a0\u00a0\u00a0 10.30 Uhr bis 12.00 Uhr<\/strong><\/p>\n<p>Start und Ziel: Iserlohn-Kalthof, Grundschule Leckingser Stra\u00dfe 229<\/p>\n<p>Startgeld: Sch\u00fcler\/Jugendliche \u20ac 2, Erwachsene \u20ac 3, Familien \u20ac 6<\/p>\n<p>Weitere Informationen auf der Homepage des PSV (<em><a href=\"http:\/\/www.polizeisv-iserlohn.de\/\" target=\"_blank\" rel=\"noopener noreferrer\">www.polizeisv-iserlohn.de<\/a><\/em>)<\/p>\n<p>-Abteilung: Radsport-<\/p>\n<p>Ausk\u00fcnfte: <strong>Peter Rentel<\/strong><\/p>\n<p>Telf.: 02374-3481<\/p>\n<p>&nbsp;<\/p>\n<p>&nbsp;<\/p>\n<p>&nbsp;<\/p>\n<p>&nbsp;<\/p>\n<p>&nbsp;<\/p>\n","protected":false},"excerpt":{"rendered":"<p><b>PSV: Traditionelle Radsport-Veranstaltung am 28. August <\/b><\/p>\n<p>Am Sonntag, 28. August veranstaltet der PSV Iserlohn (Abteilung Radsport) zum 24. Mal die Radtouristik-Fahrt mit Strecken \u00fcber 41, 71 oder 111 km.<\/p><p><a class=\"more-link btn\" href=\"https:\/\/radsportbezirk-westfalen-mitte.de\/wordpress\/5563\/\">Weiterlesen<\/a><\/p>\n","protected":false},"author":1,"featured_media":0,"comment_status":"closed","ping_status":"closed","sticky":false,"template":"","format":"standard","meta":{"footnotes":""},"categories":[29],"tags":[98,115,172],"class_list":["post-5563","post","type-post","status-publish","format-standard","hentry","category-rtfctf","tag-98","tag-psv-iserlohn","tag-rtf","wp-image-borders","item-wrap"],"_links":{"self":[{"href":"https:\/\/radsportbezirk-westfalen-mitte.de\/wordpress\/wp-json\/wp\/v2\/posts\/5563","targetHints":{"allow":["GET"]}}],"collection":[{"href":"https:\/\/radsportbezirk-westfalen-mitte.de\/wordpress\/wp-json\/wp\/v2\/posts"}],"about":[{"href":"https:\/\/radsportbezirk-westfalen-mitte.de\/wordpress\/wp-json\/wp\/v2\/types\/post"}],"author":[{"embeddable":true,"href":"https:\/\/radsportbezirk-westfalen-mitte.de\/wordpress\/wp-json\/wp\/v2\/users\/1"}],"replies":[{"embeddable":true,"href":"https:\/\/radsportbezirk-westfalen-mitte.de\/wordpress\/wp-json\/wp\/v2\/comments?post=5563"}],"version-history":[{"count":4,"href":"https:\/\/radsportbezirk-westfalen-mitte.de\/wordpress\/wp-json\/wp\/v2\/posts\/5563\/revisions"}],"predecessor-version":[{"id":13217,"href":"https:\/\/radsportbezirk-westfalen-mitte.de\/wordpress\/wp-json\/wp\/v2\/posts\/5563\/revisions\/13217"}],"wp:attachment":[{"href":"https:\/\/radsportbezirk-westfalen-mitte.de\/wordpress\/wp-json\/wp\/v2\/media?parent=5563"}],"wp:term":[{"taxonomy":"category","embeddable":true,"href":"https:\/\/radsportbezirk-westfalen-mitte.de\/wordpress\/wp-json\/wp\/v2\/categories?post=5563"},{"taxonomy":"post_tag","embeddable":true,"href":"https:\/\/radsportbezirk-westfalen-mitte.de\/wordpress\/wp-json\/wp\/v2\/tags?post=5563"}],"curies":[{"name":"wp","href":"https:\/\/api.w.org\/{rel}","templated":true}]}}