{"id":5260,"date":"2010-12-22T08:56:54","date_gmt":"2010-12-22T07:56:54","guid":{"rendered":"http:\/\/radsportbezirk-westfalen-mitte.de\/wordpress\/?p=5260"},"modified":"2019-06-07T11:50:30","modified_gmt":"2019-06-07T09:50:30","slug":"rtf-jahresehrung-2010-des-bz-westfalen-mitte","status":"publish","type":"post","link":"https:\/\/radsportbezirk-westfalen-mitte.de\/wordpress\/5260\/","title":{"rendered":"RTF-Jahresehrung 2010 des BZ Westfalen Mitte"},"content":{"rendered":"<p>Am vergangenen Samstag fand in den R\u00e4umen der Europaschule Dortmund die traditionelle Ehrung der Jahresbesten im Freizeit- und Radtourenbereich statt.<br \/>\n<!--more--><br \/>\nNeben den Alterssiegern in den vier Altersklassen Frauen\/M\u00e4nner wurden auch die besten Sch\u00fcler- und Jugendfahrer f\u00fcr ihre sportliche Leistung mit Pokalen belohnt. Dazu gab es Pokale f\u00fcr den Bartz-Bikesysteme-Mannschafts-Cup 2010.<\/p>\n<p>Dr. Hans Gerd Schoofs hat in seiner bew\u00e4hrten Art als Bezirks-Radsport-Nikolaus Sportlerinnen und Sportler mit Geschenken ausgezeichnet.<\/p>\n<p>Mein besonderer Dank gilt Norbert Adam, der mir erneut seine Technik zur Verf\u00fcgung gestellt hat und mit Musik und guten Spr\u00fcchen seinen Teil zur gelungenen Veranstaltung beigetragen hat.<\/p>\n<p>&nbsp;<\/p>\n<p>Die Jahresbesten der einzelnen Klassen :<\/p>\n<table border=\"0\">\n<tbody>\n<tr>\n<td style=\"text-align: left;\"><strong>Frauen I <\/strong><\/td>\n<td>Katy Kister<\/td>\n<td style=\"text-align: left;\"><strong>M\u00e4nner I <\/strong><\/td>\n<td>Christian Lamberty<\/td>\n<\/tr>\n<tr>\n<td style=\"text-align: left;\"><strong>Frauen II <\/strong><\/td>\n<td>Sabine Malke<\/td>\n<td style=\"text-align: left;\"><strong>M\u00e4nner II <\/strong><\/td>\n<td>Peter Ohm<\/td>\n<\/tr>\n<tr>\n<td style=\"text-align: left;\"><strong>Frauen III <\/strong><\/td>\n<td>Angelika Gebauer<\/td>\n<td style=\"text-align: left;\"><strong>M\u00e4nner III<br \/>\n<\/strong><\/td>\n<td>Heinz J\u00fcrgen Melzig<\/td>\n<\/tr>\n<tr>\n<td style=\"text-align: left;\"><strong>Frauen IV <\/strong><\/td>\n<td>Luise Sohn<\/td>\n<td style=\"text-align: left;\"><strong>M\u00e4nner IV <\/strong><\/td>\n<td>Wilhelm Bork<\/td>\n<\/tr>\n<tr>\n<td style=\"text-align: left;\"><strong>Jugend <\/strong><\/td>\n<td>Jan Malke<\/td>\n<td style=\"text-align: left;\"><\/td>\n<td><\/td>\n<\/tr>\n<tr>\n<td style=\"text-align: left;\"><strong>Sch\u00fcler <\/strong><\/td>\n<td>Denis Bak<\/td>\n<td style=\"text-align: left;\"><\/td>\n<td><\/td>\n<\/tr>\n<tr>\n<td style=\"text-align: left;\"><strong>Beste M\u00e4nnermannschaft <\/strong><\/td>\n<td>RSG Herne<\/td>\n<td style=\"text-align: left;\"><strong>Beste Frauenmannschaft <\/strong><\/td>\n<td>RMC Dortmund<\/td>\n<\/tr>\n<tr>\n<td style=\"text-align: left;\"><strong>Beste Jugendmannschaft <\/strong><\/td>\n<td>ASC 09 Dortmund MTB<\/td>\n<td><\/td>\n<td><\/td>\n<\/tr>\n<\/tbody>\n<\/table>\n<p>&nbsp;<\/p>\n<p><strong>TOP 100<\/strong><\/p>\n<p>Doris B\u00f6meke\u00a0\u00a0 \u00a0\u00a0\u00a0 \u00a0\u00a0\u00a0 \u00a0Gerd Glowacki\u00a0 beide RSG Herne<\/p>\n<p>&nbsp;<\/p>\n<p>Allen ausgezeichneten Sportlern nochmals meinen herzlichen Gl\u00fcckwunsch!<\/p>\n<p>&nbsp;<\/p>\n<p style=\"text-align: center;\">Die kompletten Ergebnislisten sind hier einzusehen:<\/p>\n<p style=\"text-align: center;\"><em><a href=\"http:\/\/radsportbezirk-westfalen-mitte.de\/wordpress\/wp-content\/uploads\/2010\/12\/2010_JahreswertungRTFBZWM.xls\" target=\"_blank\" rel=\"noopener noreferrer\">Jahreswertung 2010<\/a><\/em><br \/>\n<em><a href=\"http:\/\/radsportbezirk-westfalen-mitte.de\/wordpress\/wp-content\/uploads\/2010\/12\/2010_Top100BezWM1999-2010.xls\" target=\"_blank\" rel=\"noopener noreferrer\">Top100 Bez WM 1999-2010<\/a><\/em><br \/>\n<em><a href=\"http:\/\/radsportbezirk-westfalen-mitte.de\/wordpress\/wp-content\/uploads\/2010\/12\/MannschaftswertungBZWM2010.xls\" target=\"_blank\" rel=\"noopener noreferrer\">Mannschaftswertung BZ WM 2010<\/a><\/em><br \/>\n<em><a href=\"http:\/\/radsportbezirk-westfalen-mitte.de\/wordpress\/wp-content\/uploads\/2010\/12\/RTFWertungskartenVereineBZMitteStand2010.xls\" target=\"_blank\" rel=\"noopener noreferrer\">RTF Wertungskarten Vereine BZ Mitte Stand 2010<\/a><\/em><\/p>\n<p>&nbsp;<\/p>\n<p>Ich w\u00fcnsche allen Freizeit- und Breitensportlern ein ruhiges Weihnachtsfest.<\/p>\n<p><strong>Norbert Schnitzmeier<\/strong><br \/>\n<em>Koordinator RTF\/CTF<\/em><\/p>\n<p>&nbsp;<\/p>\n<p><img loading=\"lazy\" decoding=\"async\" class=\"aligncenter wp-image-5255\" style=\"display: block; margin-left: auto; margin-right: auto;\" src=\"http:\/\/radsportbezirk-westfalen-mitte.de\/wordpress\/wp-content\/uploads\/2010\/12\/IMG_1408.jpg\" alt=\"IMG_1408\" width=\"500\" height=\"375\" border=\"1\" srcset=\"https:\/\/radsportbezirk-westfalen-mitte.de\/wordpress\/wp-content\/uploads\/2010\/12\/IMG_1408.jpg 1024w, https:\/\/radsportbezirk-westfalen-mitte.de\/wordpress\/wp-content\/uploads\/2010\/12\/IMG_1408-300x225.jpg 300w, https:\/\/radsportbezirk-westfalen-mitte.de\/wordpress\/wp-content\/uploads\/2010\/12\/IMG_1408-768x576.jpg 768w\" sizes=\"auto, (max-width: 500px) 100vw, 500px\" \/><\/p>\n<p>&nbsp;<\/p>\n<p>&nbsp;<\/p>\n<p>&nbsp;<\/p>\n<p>&nbsp;<\/p>\n<!-- WP Attachments -->\r\n        <div style=\"width:100%;margin:10px 0 10px 0;\">\r\n            <h3>***<\/h3>\r\n        <ul class=\"post-attachments\"><li class=\"post-attachment mime-application-vnd-ms-excel\"><small><i><a target=\"_blank\" rel=\"noopener noreferrer\" href=\"https:\/\/radsportbezirk-westfalen-mitte.de\/wordpress\/wp-content\/uploads\/2010\/12\/2010_JahreswertungRTFBZWM.xls\">2010_JahreswertungRTFBZWM<\/a><\/i><\/small><\/li><li class=\"post-attachment mime-application-vnd-ms-excel\"><small><i><a target=\"_blank\" rel=\"noopener noreferrer\" href=\"https:\/\/radsportbezirk-westfalen-mitte.de\/wordpress\/wp-content\/uploads\/2010\/12\/2010_Top100BezWM1999-2010.xls\">2010_Top100BezWM1999-2010<\/a><\/i><\/small><\/li><li class=\"post-attachment mime-application-vnd-ms-excel\"><small><i><a target=\"_blank\" rel=\"noopener noreferrer\" href=\"https:\/\/radsportbezirk-westfalen-mitte.de\/wordpress\/wp-content\/uploads\/2010\/12\/MannschaftswertungBZWM2010.xls\">MannschaftswertungBZWM2010<\/a><\/i><\/small><\/li><li class=\"post-attachment mime-application-vnd-ms-excel\"><small><i><a target=\"_blank\" rel=\"noopener noreferrer\" href=\"https:\/\/radsportbezirk-westfalen-mitte.de\/wordpress\/wp-content\/uploads\/2010\/12\/RTFWertungskartenVereineBZMitteStand2010.xls\">RTFWertungskartenVereineBZMitteStand2010<\/a><\/i><\/small><\/li><\/ul><\/div>","protected":false},"excerpt":{"rendered":"<p>Am vergangenen Samstag fand in den R\u00e4umen der Europaschule Dortmund die traditionelle Ehrung der Jahresbesten im Freizeit- und Radtourenbereich statt.<\/p>\n<p> *** <\/p><p><a class=\"more-link btn\" href=\"https:\/\/radsportbezirk-westfalen-mitte.de\/wordpress\/5260\/\">Weiterlesen<\/a><\/p>\n<ul class=\"post-attachments\">\n<li class=\"post-attachment mime-application-vnd-ms-excel\"><i>2010_JahreswertungRTFBZWM<\/i><\/li>\n<li class=\"post-attachment mime-application-vnd-ms-excel\"><i>2010_Top100BezWM1999-2010<\/i><\/li>\n<li class=\"post-attachment mime-application-vnd-ms-excel\"><i>MannschaftswertungBZWM2010<\/i><\/li>\n<li class=\"post-attachment mime-application-vnd-ms-excel\"><i>RTFWertungskartenVereineBZMitteStand2010<\/i><\/li>\n<\/ul>\n","protected":false},"author":1,"featured_media":0,"comment_status":"closed","ping_status":"closed","sticky":false,"template":"","format":"standard","meta":{"footnotes":""},"categories":[29,41],"tags":[58,63,86],"class_list":["post-5260","post","type-post","status-publish","format-standard","hentry","category-rtfctf","category-organisation","tag-bezirk","tag-jahresehrung","tag-86","wp-image-borders","item-wrap"],"_links":{"self":[{"href":"https:\/\/radsportbezirk-westfalen-mitte.de\/wordpress\/wp-json\/wp\/v2\/posts\/5260","targetHints":{"allow":["GET"]}}],"collection":[{"href":"https:\/\/radsportbezirk-westfalen-mitte.de\/wordpress\/wp-json\/wp\/v2\/posts"}],"about":[{"href":"https:\/\/radsportbezirk-westfalen-mitte.de\/wordpress\/wp-json\/wp\/v2\/types\/post"}],"author":[{"embeddable":true,"href":"https:\/\/radsportbezirk-westfalen-mitte.de\/wordpress\/wp-json\/wp\/v2\/users\/1"}],"replies":[{"embeddable":true,"href":"https:\/\/radsportbezirk-westfalen-mitte.de\/wordpress\/wp-json\/wp\/v2\/comments?post=5260"}],"version-history":[{"count":3,"href":"https:\/\/radsportbezirk-westfalen-mitte.de\/wordpress\/wp-json\/wp\/v2\/posts\/5260\/revisions"}],"predecessor-version":[{"id":13350,"href":"https:\/\/radsportbezirk-westfalen-mitte.de\/wordpress\/wp-json\/wp\/v2\/posts\/5260\/revisions\/13350"}],"wp:attachment":[{"href":"https:\/\/radsportbezirk-westfalen-mitte.de\/wordpress\/wp-json\/wp\/v2\/media?parent=5260"}],"wp:term":[{"taxonomy":"category","embeddable":true,"href":"https:\/\/radsportbezirk-westfalen-mitte.de\/wordpress\/wp-json\/wp\/v2\/categories?post=5260"},{"taxonomy":"post_tag","embeddable":true,"href":"https:\/\/radsportbezirk-westfalen-mitte.de\/wordpress\/wp-json\/wp\/v2\/tags?post=5260"}],"curies":[{"name":"wp","href":"https:\/\/api.w.org\/{rel}","templated":true}]}}