{"id":5245,"date":"2010-12-07T08:56:54","date_gmt":"2010-12-07T07:56:54","guid":{"rendered":"http:\/\/radsportbezirk-westfalen-mitte.de\/wordpress\/?p=5245"},"modified":"2019-06-07T12:14:17","modified_gmt":"2019-06-07T10:14:17","slug":"fahrt-zur-landesehrung-nrw-2010-in-niederzier-bei-aachen","status":"publish","type":"post","link":"https:\/\/radsportbezirk-westfalen-mitte.de\/wordpress\/5245\/","title":{"rendered":"Fahrt zur Landesehrung NRW 2010 in Niederzier bei Aachen"},"content":{"rendered":"<p>Wie schon vor zwei Jahren bei der Ehrung in M\u00f6nchengladbach, setzte der Bezirk auch in diesem Jahr wieder in Kooperation mit der Radsportabteilung des ASC 09 Dortmund e.V. und den DSW21 einen Bus ein, um m\u00f6glichst vielen zu ehrenden Radsportlern die M\u00f6glichkeit zu geben, gemeinsam zu dieser Veranstaltung zu kommen.<!--more--><\/p>\n<p>Schon Wochen vor dem eigentlichen Ereignis waren kurz nach Ver\u00f6ffentlichung des Fahrplans fast die H\u00e4lfte der m\u00f6glichen Pl\u00e4tze belegt. Im Laufe der folgenden Wochen waren dann auch die letzten Pl\u00e4tze schnell ausgebucht. \u00dcber eine Woche vor der Ehrung h\u00e4tte man bereits einen zweiten Bus chartern k\u00f6nnen, wenn denn einer zur Verf\u00fcgung gestanden h\u00e4tte.<\/p>\n<p>Am Samstag, den 5. Dezember wurde es ernst. Die letzte Verpflegung wie auch Getr\u00e4nke f\u00fcr unterwegs wurden eingekauft und dann zusammen mit dem aktuellen Radsportspiegel in einen Transporter verladen.<\/p>\n<p>Am fr\u00fchen Sonntagmorgen dann meldete sich der Wecker bereits um 4.30 Uhr.<br \/>\nAufstehen, wach werden, anziehen, waschen und schon geht\u2019s los. Schnell noch in der Backstube der B\u00e4ckerei Feldkamp die vorbestellten Br\u00f6tchen abholen, bevor sich die Versorger vom Dienst, die Familie Malke &amp; der Pfannenschwenker, an die Arbeit machen. 110 Br\u00f6tchen aufschneiden, Margarine drauf, belegen, zuklappen, eint\u00fcten und die T\u00fcten beschriften. Kurz vor 7.00 Uhr: endlich fertig! Nun schnell die Kisten mit den T\u00fcten wieder in den Transporter und ab zum Betriebshof der DSW21 in Br\u00fcnninghausen.<br \/>\nDort hatte der Fahrer Uwe den Bus bereits angeworfen und die \u00fcbliche Fahrzeugkontrolle erledigt. Die Klappen zum Laderaum standen offen. Schnell und konzentriert wurde alles verladen: Nach oben in den Fahrgastraum reichlich Verpflegung und in den unteren Laderaum etliche Kisten mit Radsportspiegeln und der Verpflegungsnachschub f\u00fcr die R\u00fcckfahrt.<\/p>\n<p>Ab ging die Fahrt zun\u00e4chst einmal um halb Dortmund herum, um alle an den angegeben Haltepunkten einzusammeln. Trotz sehr bescheidenem Wetter und noch schlechteren Vorhersagen waren alle p\u00fcnktlich da und der Bus rollte seinem ersten Tagesziel entgegen. Bereits auf der A 43 wurden die Bedingungen schlechter und der Bus musste immer langsamer fahren.<\/p>\n<p>Da meldete sich unser Scout \u201eNoSch\u201c und teilte uns mit, auf keinen Fall weiter \u00fcber die A 1 zu fahren, sondern die A 46 zu benutzen. Bei teilweise fast 20 cm Schneeh\u00f6he kein leichtes Unterfangen. Nach einer kleinen Pause erreichte der Bus dann bei \u2013 ACHTUNG &#8211; Regen die Veranstaltungshalle.<br \/>\nWelche Freude nicht nur beim Veranstalter. Der gr\u00f6\u00dfte Bezirk war fast vollz\u00e4hlig erschienen, die vorher von dem Scout in der Halle reservierten Pl\u00e4tze komplett belegt, und das neue Bezirksbanner hing auch schon. \u00dcber ein Drittel der anwesenden Radsportler allein aus dem Bezirk Westfalen-Mitte. Nein, so gro\u00df war der Bus nun auch wieder nicht. Etliche Sportler aus dem Bezirk hatten sich auch noch mit Dutzenden von PKW auf den beschwerlichen Weg gemacht.<br \/>\n\u00dcber die Anzahl der erreichten Pokale und die sportlichen Erfolge der Mannschaften wurde <a href=\"http:\/\/www.radsport-westfalen-mitte.de\/joomla\/index.php?\/tourenfahrer-des-radsportbezirks-auf-nrw-jahresfest-erfolgreich.htm\">an anderer Stelle<\/a> schon ausf\u00fchrlich berichtet.<br \/>\nAm Ende der Ehrung fuhr der Bezirks-Bus noch zum Werksverkauf der Schokoladenfabrik Lindt, fast in der Innenstadt von Aachen. Bei diesem \u00fcberw\u00e4ltigenden Angebot konnte keiner widerstehen, und die k\u00f6stlichen Schokoladen wurden gleich Kiloweise im Bus verstaut.<br \/>\nDie Verkehrsnachrichten im Radio und die Meldung unseres vorausfahrenden Scouts n\u00f6tigten uns zu einem Umweg. Das Bergische Land war nicht mehr befahrbar. Auf diesem Umweg erkl\u00e4rte sich dann einer der Mitfahrenden aus Bochum bereit, den Kollegen, der in Witten-Heven zugestiegen war, mit seinem PKW vom Haltepunkt Waltrop\/Mengede dort hin zur\u00fcck zu bringen. Zeitersparnis f\u00fcr den Gro\u00dfteil der Gruppe: mindestens eine Stunde!<\/p>\n<p>Etwa gegen 18.30 Uhr stand der Bus dann wieder auf dem Betriebshof der DSW21 in Br\u00fcnninghausen. Viele helfende H\u00e4nde waren nochmals n\u00f6tig: Reste und Leergut ausladen, M\u00fcll entsorgen, Bus von innen reinigen. Aber auch das war dann irgendwann endlich geschafft.<\/p>\n<p style=\"text-align: center;\"><em>(Weitere\u00a0 Bilder im <a href=\"http:\/\/picasaweb.google.com\/Radsportbezirk.Westfalen.Mitte\/NRWEhrung2010Niederzier\" target=\"_blank\" rel=\"noopener noreferrer\">Album<\/a>)<\/em><\/p>\n<p>&nbsp;<\/p>\n<p>Mein pers\u00f6nliches Fazit dieser Ehrung:<br \/>\nDer Bezirk hat sich wieder einmal mehr als gut aufgestellt, organisiert und vor allem als Einheit pr\u00e4sentiert. \u201eWestfalen-Mitte &#8211; Ein Bezirk &#8211; Ein Team\u201c war bisher das alleinige Motto, das immer wieder stolz auf Veranstaltungen offen gelebt wurde und wird.<br \/>\nSeit dieser Ehrung kann man, frei nach diesem Motto, noch selbstbewusster in die Zukunft schauen, zumindest was den Breitensport betrifft.<\/p>\n<p>&nbsp;<\/p>\n<p>Mit vorweihnachtlichem &amp; radsportlichem Gru\u00df<br \/>\n<strong>Der Pfannenschwenker (Norbert)<\/strong><\/p>\n<p>&nbsp;<\/p>\n<p><img loading=\"lazy\" decoding=\"async\" class=\"aligncenter wp-image-5244\" style=\"display: block; margin-left: auto; margin-right: auto;\" src=\"http:\/\/radsportbezirk-westfalen-mitte.de\/wordpress\/wp-content\/uploads\/2010\/12\/NRW-Landesehrung_Niederzier_2010_052b.jpg\" alt=\"NRW-Landesehrung_Niederzier_2010_052b\" width=\"500\" height=\"422\" border=\"1\" \/><\/p>\n<p><img loading=\"lazy\" decoding=\"async\" class=\"aligncenter wp-image-13357\" src=\"http:\/\/radsportbezirk-westfalen-mitte.de\/wordpress\/wp-content\/uploads\/2010\/12\/NRW-Landesehrung_Niederzier-Autobahn-min.jpg\" alt=\"\" width=\"500\" height=\"375\" border=\"1\" srcset=\"https:\/\/radsportbezirk-westfalen-mitte.de\/wordpress\/wp-content\/uploads\/2010\/12\/NRW-Landesehrung_Niederzier-Autobahn-min.jpg 512w, https:\/\/radsportbezirk-westfalen-mitte.de\/wordpress\/wp-content\/uploads\/2010\/12\/NRW-Landesehrung_Niederzier-Autobahn-min-300x225.jpg 300w\" sizes=\"auto, (max-width: 500px) 100vw, 500px\" \/><\/p>\n<p>&nbsp;<\/p>\n<p>&nbsp;<\/p>\n<p>&nbsp;<\/p>\n<p>&nbsp;<\/p>\n<p>&nbsp;<\/p>\n","protected":false},"excerpt":{"rendered":"<p>Wie schon vor zwei Jahren bei der Ehrung in M\u00f6nchengladbach, setzte der Bezirk auch in diesem Jahr wieder in Kooperation mit der Radsportabteilung des ASC 09 Dortmund e.V. und den DSW21 einen Bus ein, um m\u00f6glichst vielen zu ehrenden Radsportlern die M\u00f6glichkeit zu geben, gemeinsam zu dieser Veranstaltung zu kommen.<\/p><p><a class=\"more-link btn\" href=\"https:\/\/radsportbezirk-westfalen-mitte.de\/wordpress\/5245\/\">Weiterlesen<\/a><\/p>\n","protected":false},"author":1,"featured_media":0,"comment_status":"closed","ping_status":"closed","sticky":false,"template":"","format":"standard","meta":{"footnotes":""},"categories":[29,41],"tags":[58,62,63,86,1176],"class_list":["post-5245","post","type-post","status-publish","format-standard","hentry","category-rtfctf","category-organisation","tag-bezirk","tag-rsv-nrw","tag-jahresehrung","tag-86","tag-niederzier","wp-image-borders","item-wrap"],"_links":{"self":[{"href":"https:\/\/radsportbezirk-westfalen-mitte.de\/wordpress\/wp-json\/wp\/v2\/posts\/5245","targetHints":{"allow":["GET"]}}],"collection":[{"href":"https:\/\/radsportbezirk-westfalen-mitte.de\/wordpress\/wp-json\/wp\/v2\/posts"}],"about":[{"href":"https:\/\/radsportbezirk-westfalen-mitte.de\/wordpress\/wp-json\/wp\/v2\/types\/post"}],"author":[{"embeddable":true,"href":"https:\/\/radsportbezirk-westfalen-mitte.de\/wordpress\/wp-json\/wp\/v2\/users\/1"}],"replies":[{"embeddable":true,"href":"https:\/\/radsportbezirk-westfalen-mitte.de\/wordpress\/wp-json\/wp\/v2\/comments?post=5245"}],"version-history":[{"count":6,"href":"https:\/\/radsportbezirk-westfalen-mitte.de\/wordpress\/wp-json\/wp\/v2\/posts\/5245\/revisions"}],"predecessor-version":[{"id":13358,"href":"https:\/\/radsportbezirk-westfalen-mitte.de\/wordpress\/wp-json\/wp\/v2\/posts\/5245\/revisions\/13358"}],"wp:attachment":[{"href":"https:\/\/radsportbezirk-westfalen-mitte.de\/wordpress\/wp-json\/wp\/v2\/media?parent=5245"}],"wp:term":[{"taxonomy":"category","embeddable":true,"href":"https:\/\/radsportbezirk-westfalen-mitte.de\/wordpress\/wp-json\/wp\/v2\/categories?post=5245"},{"taxonomy":"post_tag","embeddable":true,"href":"https:\/\/radsportbezirk-westfalen-mitte.de\/wordpress\/wp-json\/wp\/v2\/tags?post=5245"}],"curies":[{"name":"wp","href":"https:\/\/api.w.org\/{rel}","templated":true}]}}