{"id":5243,"date":"2010-12-06T08:56:54","date_gmt":"2010-12-06T07:56:54","guid":{"rendered":"http:\/\/radsportbezirk-westfalen-mitte.de\/wordpress\/?p=5243"},"modified":"2019-06-07T12:21:23","modified_gmt":"2019-06-07T10:21:23","slug":"einladung-rtfctf-jahresehrung-2010","status":"publish","type":"post","link":"https:\/\/radsportbezirk-westfalen-mitte.de\/wordpress\/5243\/","title":{"rendered":"Einladung RTF\/CTF-Jahresehrung 2010"},"content":{"rendered":"<p>Nach der RTF\/CTF-Jahresehrung des Radsportverbandes Nordrhein-Westfalen, bei der die Radsportlerinnen und Radsportler erfolgreich abgeschnitten haben, folgt am Samstag, den 18. Dezember 2010 die Ehrung der besten Sportlerinnen und Sportler des gr\u00f6\u00dften Radsportbezirks in Nordrhein-Westfalen.<!--more--> In vier verschiedenen Altersklassen, getrennt nach Frauen und M\u00e4nnern, dazu eine Sch\u00fcler- und Jugendwertung, werden Pokale und Auszeichnungen \u00fcberreicht. Dazu noch alle Vereins-, Jugend-, Damen- und Herrenmannschaften, die f\u00fcr den Bartz-Bikesysteme-Cup gemeldet haben.<\/p>\n<p>Einlass zur RTF-Jahresehrung ist ab 15 Uhr, Beginn 16 Uhr. Traditionell endet die Veranstaltung mit einem rustikalen Grillschinkenessen.<\/p>\n<p>&nbsp;<\/p>\n<p>Nachfolgend sind alle Sportler und Sportlerinnen aufgef\u00fchrt, die am 18. Dezember geehrt werden. Dazu noch die Vereinsmannschaften.<\/p>\n<p><strong>M\u00e4nner<\/strong><\/p>\n<p>Christian Lamberty\u00a0\u00a0 \u00a0\u00a0\u00a0 \u00a0RC Velo Castrop Rauxel<br \/>\nDr. Hans Gerd Schoofs\u00a0\u00a0 \u00a0Radteam Hamm<br \/>\nG\u00fcnter Knack\u00a0\u00a0 \u00a0\u00a0\u00a0 \u00a0ASC 09 Dortmund MTB<br \/>\nHarry Romberg\u00a0\u00a0 \u00a0\u00a0\u00a0 \u00a0RMC Dortmund<br \/>\nHeinz-J\u00fcrgen Melzig\u00a0\u00a0 \u00a0RSV Wellinghofen<br \/>\nHendrik Malke\u00a0\u00a0 \u00a0\u00a0\u00a0 \u00a0RMC Dortmund<br \/>\nMathias Kister\u00a0\u00a0 \u00a0\u00a0\u00a0 \u00a0Kurbel Dortmund<br \/>\nNorbert Adam\u00a0\u00a0 \u00a0\u00a0\u00a0 \u00a0ASC 09 Dortmund Radsport<br \/>\nPeter Ohm\u00a0\u00a0 \u00a0\u00a0\u00a0 \u00a0RV Flottweg Langendreer<br \/>\nRalf Runte\u00a0\u00a0 \u00a0\u00a0\u00a0 \u00a0Radteam Hamm<br \/>\nStefan Weirich\u00a0\u00a0 \u00a0\u00a0\u00a0 \u00a0RSV Dortmund Nord<br \/>\nWilhelm Bork\u00a0\u00a0 \u00a0\u00a0\u00a0 \u00a0RSG Herne<\/p>\n<p>&nbsp;<\/p>\n<p><strong>Damen<\/strong><\/p>\n<p>Angelika Gebauer\u00a0\u00a0 \u00a0\u00a0\u00a0 \u00a0RSV Dortmund Nord<br \/>\nB\u00e4rbel Koulaxidis\u00a0\u00a0 \u00a0\u00a0\u00a0 \u00a0TV Attendorn<br \/>\nBerrit Bothe\u00a0\u00a0 \u00a0\u00a0\u00a0 \u00a0RSC Dortmund Nord<br \/>\nBrigitte Schrick\u00a0\u00a0 \u00a0\u00a0\u00a0 \u00a0RC Sprinter Waltrop<br \/>\nIngrid Nienhaus\u00a0\u00a0 \u00a0\u00a0\u00a0 \u00a0Radteam Hamm<br \/>\nKaty Kister\u00a0\u00a0 \u00a0\u00a0\u00a0 \u00a0Kurbel Dortmund<br \/>\nJulika Gang\u00a0\u00a0 \u00a0\u00a0\u00a0 \u00a0RSF Bochum<br \/>\nLuise Sohn\u00a0\u00a0 \u00a0\u00a0\u00a0 \u00a0RMC Dortmund<br \/>\nMartina Romberg\u00a0\u00a0 \u00a0\u00a0\u00a0 \u00a0RMC Dortmund<br \/>\nPetra Wendt\u00a0\u00a0 \u00a0\u00a0\u00a0 \u00a0TuS Scharnhorst<br \/>\nRabea Hupertz\u00a0\u00a0 \u00a0\u00a0\u00a0 \u00a0RSV Werl Wickede<br \/>\nSabine Malke\u00a0\u00a0 \u00a0\u00a0\u00a0 \u00a0RMC Dortmund<\/p>\n<p><strong>Sch\u00fcler und Jugend<\/strong><\/p>\n<p>Deborah Blome\u00a0\u00a0 \u00a0\u00a0\u00a0 \u00a0RSF Bochum<br \/>\nDennis Bak\u00a0\u00a0 \u00a0\u00a0\u00a0 \u00a0RC Sprinter Waltrop<br \/>\nDominik Kandula\u00a0\u00a0 \u00a0\u00a0\u00a0 \u00a0SG Holzwickede<br \/>\nJan Malke\u00a0\u00a0 \u00a0\u00a0\u00a0 \u00a0RMC Dortmund<br \/>\nLaura M\u00f6ller\u00a0\u00a0 \u00a0\u00a0\u00a0 \u00a0ASC 09 Dortmund MTB<br \/>\nLukas Nierath\u00a0\u00a0 \u00a0\u00a0\u00a0 \u00a0ASC 09 Dortmund MTB<br \/>\nMalte Bleckmann\u00a0\u00a0 \u00a0\u00a0\u00a0 \u00a0ASC 09 Dortmund MTB<br \/>\nMarkus Adomeit\u00a0\u00a0 \u00a0\u00a0\u00a0 \u00a0RSV Dortmund Nord<\/p>\n<p>&nbsp;<\/p>\n<p>Tim Ittermann\u00a0\u00a0 \u00a0\u00a0\u00a0 \u00a0RSG Herne<br \/>\nTobias Jasper\u00a0\u00a0 \u00a0\u00a0\u00a0 \u00a0Radteam Hamm<\/p>\n<h3>Bartz Biksysteme Cup 2010<\/h3>\n<p><strong>M\u00e4nner<\/strong><\/p>\n<p>Kurbel Dortmund<br \/>\nRadteam Hamm<br \/>\nRC Sprinter Waltrop I + II<br \/>\nRMC Dortmund<br \/>\nRSF Bochum<br \/>\nRSG Herne<br \/>\nRSV Wellinghofen<br \/>\nRV Flottweg Langendreer<br \/>\nTuS Scharnhorst<\/p>\n<p><strong>Damen<\/strong><\/p>\n<p>Radteam Hamm<br \/>\nRC Pfeil Mengede<br \/>\nRC Sprinter Waltrop I + II<br \/>\nRMC Dortmund<br \/>\nRSG Herne<br \/>\nRSV Dortmund Nord<br \/>\nSG Holzwickede<\/p>\n<p>&nbsp;<\/p>\n<p><strong>Jugendmannschaft<\/strong><\/p>\n<p>ASC 09 Dortmund MTB I + II<br \/>\nRC Sprinter Waltrop<br \/>\nRSG Herne<br \/>\nRSV Dortmund Nord<br \/>\nSG Holzwickede<\/p>\n<p>&nbsp;<\/p>\n<p>An diesem Tag gibt es wie in den vergangenen Jahren die BDR Jahresauszeichnung, die bestellten NRW Jahreshefte und die Wertungskarten der Sportler.<\/p>\n<p>Ich freue mich auf zahlreiches Erscheinen.<\/p>\n<p>&nbsp;<\/p>\n<p><strong>Norbert Schnitzmeier<\/strong><br \/>\n<em>Koordinator RTF\/CTF<\/em><br \/>\n<em>BZ Westfalen Mitte<\/em><\/p>\n<p>&nbsp;<\/p>\n<p><img loading=\"lazy\" decoding=\"async\" class=\"aligncenter wp-image-13362\" src=\"http:\/\/radsportbezirk-westfalen-mitte.de\/wordpress\/wp-content\/uploads\/2010\/12\/DSC_0272-min.jpg\" alt=\"\" width=\"332\" height=\"500\" srcset=\"https:\/\/radsportbezirk-westfalen-mitte.de\/wordpress\/wp-content\/uploads\/2010\/12\/DSC_0272-min.jpg 340w, https:\/\/radsportbezirk-westfalen-mitte.de\/wordpress\/wp-content\/uploads\/2010\/12\/DSC_0272-min-199x300.jpg 199w\" sizes=\"auto, (max-width: 332px) 100vw, 332px\" \/><\/p>\n<p>&nbsp;<\/p>\n<p>&nbsp;<\/p>\n<p>&nbsp;<\/p>\n<p>&nbsp;<\/p>\n<p>&nbsp;<\/p>\n","protected":false},"excerpt":{"rendered":"<p>Nach der RTF\/CTF-Jahresehrung des Radsportverbandes Nordrhein-Westfalen, bei der die Radsportlerinnen und Radsportler erfolgreich abgeschnitten haben, folgt am Samstag, den 18. Dezember 2010 die Ehrung der besten Sportlerinnen und Sportler des gr\u00f6\u00dften Radsportbezirks in Nordrhein-Westfalen.<\/p><p><a class=\"more-link btn\" href=\"https:\/\/radsportbezirk-westfalen-mitte.de\/wordpress\/5243\/\">Weiterlesen<\/a><\/p>\n","protected":false},"author":1,"featured_media":0,"comment_status":"closed","ping_status":"closed","sticky":false,"template":"","format":"standard","meta":{"footnotes":""},"categories":[29,35],"tags":[55,58,63,86],"class_list":["post-5243","post","type-post","status-publish","format-standard","hentry","category-rtfctf","category-bezirk","tag-einladung","tag-bezirk","tag-jahresehrung","tag-86","wp-image-borders","item-wrap"],"_links":{"self":[{"href":"https:\/\/radsportbezirk-westfalen-mitte.de\/wordpress\/wp-json\/wp\/v2\/posts\/5243","targetHints":{"allow":["GET"]}}],"collection":[{"href":"https:\/\/radsportbezirk-westfalen-mitte.de\/wordpress\/wp-json\/wp\/v2\/posts"}],"about":[{"href":"https:\/\/radsportbezirk-westfalen-mitte.de\/wordpress\/wp-json\/wp\/v2\/types\/post"}],"author":[{"embeddable":true,"href":"https:\/\/radsportbezirk-westfalen-mitte.de\/wordpress\/wp-json\/wp\/v2\/users\/1"}],"replies":[{"embeddable":true,"href":"https:\/\/radsportbezirk-westfalen-mitte.de\/wordpress\/wp-json\/wp\/v2\/comments?post=5243"}],"version-history":[{"count":7,"href":"https:\/\/radsportbezirk-westfalen-mitte.de\/wordpress\/wp-json\/wp\/v2\/posts\/5243\/revisions"}],"predecessor-version":[{"id":13365,"href":"https:\/\/radsportbezirk-westfalen-mitte.de\/wordpress\/wp-json\/wp\/v2\/posts\/5243\/revisions\/13365"}],"wp:attachment":[{"href":"https:\/\/radsportbezirk-westfalen-mitte.de\/wordpress\/wp-json\/wp\/v2\/media?parent=5243"}],"wp:term":[{"taxonomy":"category","embeddable":true,"href":"https:\/\/radsportbezirk-westfalen-mitte.de\/wordpress\/wp-json\/wp\/v2\/categories?post=5243"},{"taxonomy":"post_tag","embeddable":true,"href":"https:\/\/radsportbezirk-westfalen-mitte.de\/wordpress\/wp-json\/wp\/v2\/tags?post=5243"}],"curies":[{"name":"wp","href":"https:\/\/api.w.org\/{rel}","templated":true}]}}