{"id":5099,"date":"2010-06-30T08:56:54","date_gmt":"2010-06-30T06:56:54","guid":{"rendered":"http:\/\/radsportbezirk-westfalen-mitte.de\/wordpress\/?p=5099"},"modified":"2019-06-08T11:57:19","modified_gmt":"2019-06-08T09:57:19","slug":"25-maximiliantour-hamm19","status":"publish","type":"post","link":"https:\/\/radsportbezirk-westfalen-mitte.de\/wordpress\/5099\/","title":{"rendered":"25. Maximiliantour Hamm"},"content":{"rendered":"<p>Der Juli startet mit der 25. Maximilian Tour des Radteam Hamm. Wie RTF Fachwart Axel Ostenk\u00f6tter mitteilt, sind die Streckenf\u00fchrungen gegen\u00fcber dem Vorjahr unver\u00e4ndert. Leider musste der geplante Radmarathon aus organisatorischen Gr\u00fcnden abgesagt werden.<br \/>\n<!--more--><br \/>\nDie Touren f\u00fchren \u00fcber gut ausgeschilderte Nebenstrecken durch die \u00f6stliche Nachbarschaft von Hamm, \u00fcber den Haarstang in Richtung M\u00f6hnesee.<\/p>\n<p>Am M\u00f6hnesee, bei Stockum, trennt sich die 112 km-Strecke von der 154 km-Strecke. Die Strecke \u00fcber 154 km f\u00fchrt \u00fcber Arnsberg und Hirschberg zur\u00fcck ins M\u00f6hnetal, wo sie mit der 112 km-Strecke bei Niederbergheim wieder zusammen gef\u00fchrt wird, \u00fcber Uelde, Anr\u00f6chte, Altengeseke, Bad Sassendorf und Brockhausen zur\u00fcck zum Ziel am\u00a0 Freiherr-vom-Stein-Gymnasium.<\/p>\n<p>F\u00fcr das leibliche Wohl wird an 4 Kontrollstellen bestens gesorgt.<\/p>\n<p>&nbsp;<\/p>\n<hr \/>\n<p><strong>BDR Nummer 1383<\/strong><\/p>\n<p>Datum: Samstag 3. Juli 2010<\/p>\n<p>Startort: Freiherr von Stein Gymnasium, Karl Ko\u00dfmann Str. 3 20, 59071 Hamm<\/p>\n<p>Streckenl\u00e4ngen: 44\/76\/112 und 154 km Der Marathon f\u00e4llt aus<br \/>\nAnmeldung: Ab 7.30 Uhr<\/p>\n<p>Startzeit: Von 8.00 bis 12.00 Uhr<\/p>\n<p>Anfahrt mit Auto:\u00a0\u00a0 \u00a0A2\u00a0 Ausfahrt 18 Hamm Rhynern<br \/>\nAnfahrt mit \u00d6PNV:\u00a0\u00a0 \u00a0 Bahnhof Hamm<\/p>\n<p>Startgeb\u00fchr: 3.00 Euro f\u00fcr BRD Mitglieder, 5.00 Euro f\u00fcr Nichtmitglieder.<br \/>\nJugendliche unter 18 Jahre frei.<br \/>\nSternfahrt<\/p>\n<p>Ansprechpartner Axel Ostenk\u00f6tter\u00a0 Tel. 02381\u00a0 307013<\/p>\n<p>&nbsp;<\/p>\n<p><em>Tour z\u00e4hlt zur NRW und BZ Mannschaftswertung und BZ Einzelwertung<\/em><\/p>\n<p>&nbsp;<\/p>\n<p><strong>Norbert Schnitzmeier<\/strong><br \/>\n<em>(Alle Angaben ohne Gew\u00e4hr)<\/em><\/p>\n<p>&nbsp;<\/p>\n<p>&nbsp;<\/p>\n<p><img loading=\"lazy\" decoding=\"async\" class=\"aligncenter wp-image-5097\" src=\"http:\/\/radsportbezirk-westfalen-mitte.de\/wordpress\/wp-content\/uploads\/2010\/06\/Hamm2010.jpg\" alt=\"Hamm2010\" width=\"500\" height=\"360\" border=\"1\" \/><\/p>\n<p>&nbsp;<\/p>\n<p>&nbsp;<\/p>\n<p>&nbsp;<\/p>\n<p>&nbsp;<\/p>\n<p>&nbsp;<\/p>\n","protected":false},"excerpt":{"rendered":"<p>Der Juli startet mit der 25. Maximilian Tour des Radteam Hamm. Wie RTF Fachwart Axel Ostenk\u00f6tter mitteilt, sind die Streckenf\u00fchrungen gegen\u00fcber dem Vorjahr unver\u00e4ndert. Leider musste der geplante Radmarathon aus organisatorischen Gr\u00fcnden abgesagt werden.<\/p><p><a class=\"more-link btn\" href=\"https:\/\/radsportbezirk-westfalen-mitte.de\/wordpress\/5099\/\">Weiterlesen<\/a><\/p>\n","protected":false},"author":1,"featured_media":0,"comment_status":"closed","ping_status":"closed","sticky":false,"template":"","format":"standard","meta":{"footnotes":""},"categories":[29],"tags":[86,172,529],"class_list":["post-5099","post","type-post","status-publish","format-standard","hentry","category-rtfctf","tag-86","tag-rtf","tag-radteam-hamm","wp-image-borders","item-wrap"],"_links":{"self":[{"href":"https:\/\/radsportbezirk-westfalen-mitte.de\/wordpress\/wp-json\/wp\/v2\/posts\/5099","targetHints":{"allow":["GET"]}}],"collection":[{"href":"https:\/\/radsportbezirk-westfalen-mitte.de\/wordpress\/wp-json\/wp\/v2\/posts"}],"about":[{"href":"https:\/\/radsportbezirk-westfalen-mitte.de\/wordpress\/wp-json\/wp\/v2\/types\/post"}],"author":[{"embeddable":true,"href":"https:\/\/radsportbezirk-westfalen-mitte.de\/wordpress\/wp-json\/wp\/v2\/users\/1"}],"replies":[{"embeddable":true,"href":"https:\/\/radsportbezirk-westfalen-mitte.de\/wordpress\/wp-json\/wp\/v2\/comments?post=5099"}],"version-history":[{"count":3,"href":"https:\/\/radsportbezirk-westfalen-mitte.de\/wordpress\/wp-json\/wp\/v2\/posts\/5099\/revisions"}],"predecessor-version":[{"id":13439,"href":"https:\/\/radsportbezirk-westfalen-mitte.de\/wordpress\/wp-json\/wp\/v2\/posts\/5099\/revisions\/13439"}],"wp:attachment":[{"href":"https:\/\/radsportbezirk-westfalen-mitte.de\/wordpress\/wp-json\/wp\/v2\/media?parent=5099"}],"wp:term":[{"taxonomy":"category","embeddable":true,"href":"https:\/\/radsportbezirk-westfalen-mitte.de\/wordpress\/wp-json\/wp\/v2\/categories?post=5099"},{"taxonomy":"post_tag","embeddable":true,"href":"https:\/\/radsportbezirk-westfalen-mitte.de\/wordpress\/wp-json\/wp\/v2\/tags?post=5099"}],"curies":[{"name":"wp","href":"https:\/\/api.w.org\/{rel}","templated":true}]}}