{"id":5010,"date":"2010-05-11T08:54:04","date_gmt":"2010-05-11T06:54:04","guid":{"rendered":"http:\/\/radsportbezirk-westfalen-mitte.de\/wordpress\/?p=5010"},"modified":"2019-04-13T12:38:03","modified_gmt":"2019-04-13T10:38:03","slug":"scharnhorster-permanente","status":"publish","type":"post","link":"https:\/\/radsportbezirk-westfalen-mitte.de\/wordpress\/5010\/","title":{"rendered":"Permanente der Woche &#8211; TuS Scharnhorst"},"content":{"rendered":"<p>Start der Permanenten RTF ist der Kiosk an der Flughafenstra\u00dfe in Dortmund-Scharnhorst. <!--more-->Schnell geht es hinaus \u00fcber die Dortmunder Stadtstra\u00dfen in das s\u00fcdliche M\u00fcnsterland. Die ausgew\u00e4hlten Strecken \u00fcberraschen die Tourenfahrer mit immer wieder neuen Perspektiven der Kulturlandschaft rund um die kleinen beschaulichen D\u00f6rfer und Geh\u00f6fte. F\u00fcr Einsteiger ist auch eine Einpunktefahrt \u00fcber 48 km vorgesehen und somit ein Anreiz mit der ganzen Familie eine Permanente RTF zu fahren.<\/p>\n<p>&nbsp;<\/p>\n<p><img loading=\"lazy\" decoding=\"async\" class=\"aligncenter wp-image-5009\" style=\"display: block; margin-left: auto; margin-right: auto;\" src=\"http:\/\/radsportbezirk-westfalen-mitte.de\/wordpress\/wp-content\/uploads\/2010\/05\/Startort2012scharnhorst.jpg\" alt=\"Startort2012scharnhorst\" width=\"500\" height=\"227\" border=\"1\" \/><\/p>\n<p>&nbsp;<\/p>\n<p>&nbsp;<\/p>\n<p>BDR Nummer 601<br \/>\nVerein: TuS ScharnhorstDie CTF- und RTF-Permanenten der Radsportabteilung des TuS Scharnhorst starten <strong>ab sofort<\/strong> an folgendem<br \/>\nneuen Startort, der nur ca. 250 Meter entfernt vom bisherigen Startort auf der anderen Stra\u00dfenseite liegt:<\/p>\n<p>Streckenl\u00e4ngen: 48\/71 km<br \/>\nWertungspunkte: 1\/2<br \/>\nStartzeit: Montag bis Sonntag von 8.00 bis 19.00 Uhr,<br \/>\nParkm\u00f6glichkeit ist vor dem Kiosk auf dem Parkstreifen vorhanden<br \/>\nVerantwortlich: Ulrich Brosowski\u00a0 0231\u00a0 5600935<\/p>\n<p>Startgeb\u00fchr: 3.00 Euro f\u00fcr BRD Mitglieder, 5.00 Euro f\u00fcr Nichtmitglieder.<br \/>\nJugendliche unter 18 Jahre frei.<\/p>\n<p>&nbsp;<\/p>\n<p>&nbsp;<\/p>\n<p>&nbsp;<\/p>\n<p><strong>Norbert Schnitzmeier<\/strong><\/p>\n<p><em>Angaben ohne Gew\u00e4hr<\/em><br \/>\n&nbsp;<\/p>\n<p>&nbsp;<\/p>\n<p>&nbsp;<\/p>\n<p>&nbsp;<\/p>\n","protected":false},"excerpt":{"rendered":"<p>Start der Permanenten RTF ist der Kiosk an der Flughafenstra\u00dfe in Dortmund-Scharnhorst. <\/p><p><a class=\"more-link btn\" href=\"https:\/\/radsportbezirk-westfalen-mitte.de\/wordpress\/5010\/\">Weiterlesen<\/a><\/p>\n","protected":false},"author":1,"featured_media":0,"comment_status":"closed","ping_status":"closed","sticky":false,"template":"","format":"standard","meta":{"footnotes":""},"categories":[38],"tags":[86,226,471],"class_list":["post-5010","post","type-post","status-publish","format-standard","hentry","category-permanente","tag-86","tag-tus-scharnhorst","tag-permanente-der-woche","wp-image-borders","item-wrap"],"_links":{"self":[{"href":"https:\/\/radsportbezirk-westfalen-mitte.de\/wordpress\/wp-json\/wp\/v2\/posts\/5010","targetHints":{"allow":["GET"]}}],"collection":[{"href":"https:\/\/radsportbezirk-westfalen-mitte.de\/wordpress\/wp-json\/wp\/v2\/posts"}],"about":[{"href":"https:\/\/radsportbezirk-westfalen-mitte.de\/wordpress\/wp-json\/wp\/v2\/types\/post"}],"author":[{"embeddable":true,"href":"https:\/\/radsportbezirk-westfalen-mitte.de\/wordpress\/wp-json\/wp\/v2\/users\/1"}],"replies":[{"embeddable":true,"href":"https:\/\/radsportbezirk-westfalen-mitte.de\/wordpress\/wp-json\/wp\/v2\/comments?post=5010"}],"version-history":[{"count":3,"href":"https:\/\/radsportbezirk-westfalen-mitte.de\/wordpress\/wp-json\/wp\/v2\/posts\/5010\/revisions"}],"predecessor-version":[{"id":10528,"href":"https:\/\/radsportbezirk-westfalen-mitte.de\/wordpress\/wp-json\/wp\/v2\/posts\/5010\/revisions\/10528"}],"wp:attachment":[{"href":"https:\/\/radsportbezirk-westfalen-mitte.de\/wordpress\/wp-json\/wp\/v2\/media?parent=5010"}],"wp:term":[{"taxonomy":"category","embeddable":true,"href":"https:\/\/radsportbezirk-westfalen-mitte.de\/wordpress\/wp-json\/wp\/v2\/categories?post=5010"},{"taxonomy":"post_tag","embeddable":true,"href":"https:\/\/radsportbezirk-westfalen-mitte.de\/wordpress\/wp-json\/wp\/v2\/tags?post=5010"}],"curies":[{"name":"wp","href":"https:\/\/api.w.org\/{rel}","templated":true}]}}