{"id":4955,"date":"2010-03-30T08:58:40","date_gmt":"2010-03-30T06:58:40","guid":{"rendered":"http:\/\/radsportbezirk-westfalen-mitte.de\/wordpress\/?p=4955"},"modified":"2019-06-09T09:02:28","modified_gmt":"2019-06-09T07:02:28","slug":"radtourenfahrt-vom-radsportverein-werl-wickede","status":"publish","type":"post","link":"https:\/\/radsportbezirk-westfalen-mitte.de\/wordpress\/4955\/","title":{"rendered":"Radtourenfahrt vom Radsportverein Werl-Wickede am 25.04.2010"},"content":{"rendered":"<p>Am letzten Wochenende im April l\u00e4dt der RSV-Werl die heimischen Radsportler zur 27. M\u00f6hnesee-Rundfahrt ein. Wie in jedem Jahr werden wieder viele Radsportler aus ganz Nord-Rhein- Westfalen in Werl erwartet, um eine der f\u00fcnf gut ausgeschilderten Strecken um den M\u00f6hnesee in Angriff zu nehmen. <!--more-->Im letzten Jahr konnten die Verantwortlichen vom RSV 558 Fahrer begr\u00fc\u00dfen. Bei trockenem Wetter werden sich sicher wieder viele Fahrern\/innen auf eine der Strecken begeben. F\u00fcnf landschaftlich sch\u00f6ne und sehr verkehrsarme Strecken \u00fcber 25,46, 71, 116 und 151 Kilometer wurden vom RTF-Fachwart ausgesucht und ausgeschildert.<\/p>\n<p>Im Bereich der zweiten Kontrolle wurde die Strecke ge\u00e4ndert um den Haarh\u00f6henweg zu umgehen. Die 25km Strecke f\u00fchrt Rund um Werl und die 45km ins flache Werler Hinterland, diese Strecken sind f\u00fcr Radanf\u00e4nger mit Ehrgeiz zu mehr gedacht. Die dritte Strecke f\u00fchrt schon hoch zum Haarstrang mit seinen Steigungen, aber auch mit reizvollen Abfahrten. Die vierte und f\u00fcnfte Strecke f\u00fchren um den M\u00f6hnesee bis nach Neuhaus. Die Strecken sind alle nach den Bedingungen des Bundes Deutscher Radfahrer ausgesucht. Auf den l\u00e4ngeren Kursen sind Verpflegungsstellen eingerichtet, an denen Obst, Joghurt, M\u00fcsliriegel und auch Getr\u00e4nke angereicht werden. Der Start erfolgt am Sonntag dem 25. April an der Petri-Hauptschule am Langenwiedenweg 18, zwischen 7:30 Uhr und 9:30 Uhr. Starten kann Jeder, der Spa\u00df am Radfahren hat \u2013 egal ob mit Tourenrad, Rennrad oder Moutainbike. Das Startgeld betr\u00e4gt f\u00fcr Erwachsene BDR-Mitglieder 3 Euro, Jugendliche bis 18 Jahre fahren frei. Trimm-dich Fahrern werden 5 Euro berechnet ( plus 1 Euro R\u00fcckennummer Pfand).<br \/>\nJeder Teilnehmer, der die M\u00f6hnesee Rundfahrt erfolgreich beendet, erh\u00e4lt eine Urkunde. Des- weiteren werden die drei gr\u00f6\u00dften Teilnehmergruppen mit Pokalen ausgezeichnet. Am Nachmittag findet danach noch das 28ste Volksradfahren \u00fcber 25 Kilometer statt, daher ist morgens keine Eile angesagt.<\/p>\n<p><img loading=\"lazy\" decoding=\"async\" class=\"aligncenter wp-image-4952\" src=\"http:\/\/radsportbezirk-westfalen-mitte.de\/wordpress\/wp-content\/uploads\/2010\/04\/img_0598_2.jpg\" alt=\"img_0598_2\" width=\"500\" height=\"375\" srcset=\"https:\/\/radsportbezirk-westfalen-mitte.de\/wordpress\/wp-content\/uploads\/2010\/04\/img_0598_2.jpg 800w, https:\/\/radsportbezirk-westfalen-mitte.de\/wordpress\/wp-content\/uploads\/2010\/04\/img_0598_2-300x225.jpg 300w, https:\/\/radsportbezirk-westfalen-mitte.de\/wordpress\/wp-content\/uploads\/2010\/04\/img_0598_2-768x576.jpg 768w\" sizes=\"auto, (max-width: 500px) 100vw, 500px\" \/><img loading=\"lazy\" decoding=\"async\" class=\"aligncenter wp-image-4953\" src=\"http:\/\/radsportbezirk-westfalen-mitte.de\/wordpress\/wp-content\/uploads\/2010\/04\/img_0580_3.jpg\" alt=\"img_0580_3\" width=\"500\" height=\"375\" srcset=\"https:\/\/radsportbezirk-westfalen-mitte.de\/wordpress\/wp-content\/uploads\/2010\/04\/img_0580_3.jpg 800w, https:\/\/radsportbezirk-westfalen-mitte.de\/wordpress\/wp-content\/uploads\/2010\/04\/img_0580_3-300x225.jpg 300w, https:\/\/radsportbezirk-westfalen-mitte.de\/wordpress\/wp-content\/uploads\/2010\/04\/img_0580_3-768x576.jpg 768w\" sizes=\"auto, (max-width: 500px) 100vw, 500px\" \/><\/p>\n<p>&nbsp;<\/p>\n<p style=\"text-align: center;\"><em>Handzettel zu dieser Veranstaltung gibt es <a href=\"http:\/\/radsportbezirk-westfalen-mitte.de\/wordpress\/wp-content\/uploads\/2010\/04\/HANDZettel2010.doc\" target=\"_blank\" rel=\"noopener noreferrer\">hier<\/a> als download.<\/em><\/p>\n<p>&nbsp;<\/p>\n<hr \/>\n<p><strong>BDR Nummer RTF 1106<\/strong><\/p>\n<p>Datum: Sonntag 25. April 2010<br \/>\nStartort: Grundschule Langenwiedenweg 18, 59457 Werl<br \/>\nStreckenl\u00e4ngen: 25\/45\/73\/112\/151 km<br \/>\nAnmeldung: Ab 7.15 Uhr<br \/>\nStartzeit: RTF Von 7.30 bis 09.30 Uhr<br \/>\nAnfahrt mit Auto: A 445 Ausfahrt 58 oder 59 Werl-Nord<br \/>\nAnfahrt mit \u00d6PNV: Regionalbahn 59 Bahnhof Werl<\/p>\n<p>Startgeb\u00fchr: RTF 3.00 Euro f\u00fcr BRD Mitglieder, 5.00 Euro f\u00fcr Nichtmitglieder.<br \/>\nJugendliche unter 18 Jahre frei<\/p>\n<p>Sternfahrt<\/p>\n<p>Ansprechpartner Rainer Hupertz 02922 6473<\/p>\n<p>&nbsp;<\/p>\n<p><em>Tour z\u00e4hlt zur NRW und BZ Mannschaftswertung und BZ Einzelwertung<\/em><\/p>\n<p>&nbsp;<\/p>\n<p><strong>Norbert Schnitzmeier<\/strong><br \/>\n<i>(Alle Angaben ohne Gew\u00e4hr)<\/i><\/p>\n<p>&nbsp;<\/p>\n<p>&nbsp;<\/p>\n<p>&nbsp;<\/p>\n<p>&nbsp;<\/p>\n<p>&nbsp;<\/p>\n<!-- WP Attachments -->\r\n        <div style=\"width:100%;margin:10px 0 10px 0;\">\r\n            <h3>***<\/h3>\r\n        <ul class=\"post-attachments\"><li class=\"post-attachment mime-application-msword\"><small><i><a target=\"_blank\" rel=\"noopener noreferrer\" href=\"https:\/\/radsportbezirk-westfalen-mitte.de\/wordpress\/wp-content\/uploads\/2010\/04\/HANDZettel2010.doc\">HANDZettel2010<\/a><\/i><\/small><\/li><\/ul><\/div>","protected":false},"excerpt":{"rendered":"<p>Am letzten Wochenende im April l\u00e4dt der RSV-Werl die heimischen Radsportler zur 27. M\u00f6hnesee-Rundfahrt ein. Wie in jedem Jahr werden wieder viele Radsportler aus ganz Nord-Rhein- Westfalen in Werl erwartet, um eine der f\u00fcnf gut ausgeschilderten Strecken um den M\u00f6hnesee in Angriff zu nehmen. <\/p>\n<p> *** <\/p><p><a class=\"more-link btn\" href=\"https:\/\/radsportbezirk-westfalen-mitte.de\/wordpress\/4955\/\">Weiterlesen<\/a><\/p>\n<ul class=\"post-attachments\">\n<li class=\"post-attachment mime-application-msword\"><i>HANDZettel2010<\/i><\/li>\n<\/ul>\n","protected":false},"author":1,"featured_media":0,"comment_status":"closed","ping_status":"closed","sticky":false,"template":"","format":"standard","meta":{"footnotes":""},"categories":[29],"tags":[172,388,86],"class_list":["post-4955","post","type-post","status-publish","format-standard","hentry","category-rtfctf","tag-rtf","tag-rsv-werl-wickede","tag-86","wp-image-borders","item-wrap"],"_links":{"self":[{"href":"https:\/\/radsportbezirk-westfalen-mitte.de\/wordpress\/wp-json\/wp\/v2\/posts\/4955","targetHints":{"allow":["GET"]}}],"collection":[{"href":"https:\/\/radsportbezirk-westfalen-mitte.de\/wordpress\/wp-json\/wp\/v2\/posts"}],"about":[{"href":"https:\/\/radsportbezirk-westfalen-mitte.de\/wordpress\/wp-json\/wp\/v2\/types\/post"}],"author":[{"embeddable":true,"href":"https:\/\/radsportbezirk-westfalen-mitte.de\/wordpress\/wp-json\/wp\/v2\/users\/1"}],"replies":[{"embeddable":true,"href":"https:\/\/radsportbezirk-westfalen-mitte.de\/wordpress\/wp-json\/wp\/v2\/comments?post=4955"}],"version-history":[{"count":4,"href":"https:\/\/radsportbezirk-westfalen-mitte.de\/wordpress\/wp-json\/wp\/v2\/posts\/4955\/revisions"}],"predecessor-version":[{"id":13488,"href":"https:\/\/radsportbezirk-westfalen-mitte.de\/wordpress\/wp-json\/wp\/v2\/posts\/4955\/revisions\/13488"}],"wp:attachment":[{"href":"https:\/\/radsportbezirk-westfalen-mitte.de\/wordpress\/wp-json\/wp\/v2\/media?parent=4955"}],"wp:term":[{"taxonomy":"category","embeddable":true,"href":"https:\/\/radsportbezirk-westfalen-mitte.de\/wordpress\/wp-json\/wp\/v2\/categories?post=4955"},{"taxonomy":"post_tag","embeddable":true,"href":"https:\/\/radsportbezirk-westfalen-mitte.de\/wordpress\/wp-json\/wp\/v2\/tags?post=4955"}],"curies":[{"name":"wp","href":"https:\/\/api.w.org\/{rel}","templated":true}]}}