{"id":4809,"date":"2009-12-22T08:58:40","date_gmt":"2009-12-22T07:58:40","guid":{"rendered":"http:\/\/radsportbezirk-westfalen-mitte.de\/wordpress\/?p=4809"},"modified":"2019-06-09T10:17:05","modified_gmt":"2019-06-09T08:17:05","slug":"bezirks-rtf-und-ctf","status":"publish","type":"post","link":"https:\/\/radsportbezirk-westfalen-mitte.de\/wordpress\/4809\/","title":{"rendered":"Bezirks RTF und CTF"},"content":{"rendered":"<p>Auch in diesem Jahr sind zwei Tagesveranstaltungen durch den Radsportbezirk Westfalen Mitte durchgef\u00fchrt worden.<!--more--><br \/>\nAm Karnevalssonntag die dritte RCTF und zum Jahresende die 10. Europa RTF als Abschlussveranstaltung des Bezirks. Beide Veranstaltungen sind nur m\u00f6glich mit der Hilfe von Externen Helfern rund um die Europaschule und Radsportler der Mitgliedsvereine. Hier sind Kurbel Dortmund Huckarde, RMC Dortmund und der Sport Club Aplerbeck zu nennen. Die Verpflegung der Teilnehmer lang in den bew\u00e4hrten H\u00e4nden von meiner Frau und deren Helferteam.<\/p>\n<p>Gro\u00dfen Dank m\u00f6chte ich an dieser Stelle der Schulleitung der Europaschule in Person von <strong>J\u00f6rg Girrulat<\/strong> und <strong>Dieter Meschede<\/strong> sagen. Auch <strong>Markus Sowinski <\/strong>als Haustechniker unterst\u00fctze die Veranstaltungen des Bezirks mir tatkr\u00e4ftiger Hilfe.<\/p>\n<p>Beide Veranstaltungen waren in diesem Jahr durchschnittlich Besucht. Da wir nun mal Outdor Sport betreiben, lassen sich halt doch viele Freizeitfahrer vom schlechten Wetter abhalten. An der CTF im Fr\u00fchjahr nahem knapp 350 Radsportler teil. Zur Europa RTF kamen noch mal 280 Tourenfahrer. Im Gesamten kann das Ergebnis doch als zufriedenstellend betrachtet werden, denn die Vorkosten und Veranstaltungskosten sind erwirtschaftet worden. Der kleine \u00dcberschuss geht wie jedes Jahr in das Jahresfest der RTC\/CTF am Jahresende.<\/p>\n<p>Neben den beiden Tagesveranstaltungen f\u00fchrt der Bezirk auch drei Permanente RTFs durch. Das ist die kleine und gro\u00dfe Fachwarte Runde, die Tour \u201eRund um Dortmund\u201c und die CTF \u201eAuf den Spuren des Emscherradweges\u201c. Alle Touren waren soweit gut besucht und die Vorkosten sind erwirtschaften worden. Hier gilt meine Dank dem Verkaufspersonal des \u201eKaufladen Schulte\u201c die seid langen als Bindeglied und stiller Helfer mich unterst\u00fctzen.<\/p>\n<p>&nbsp;<\/p>\n<p>In der kommenden Saison m\u00f6chte ich die Permanenten RTFs als gef\u00fchrte Touren anbieten. Bitte schaut dazu auf die Internetseite des Bezirks, wo ich die Termine ver\u00f6ffentliche. Vom 1. Dezember bis zum Saisonstart gilt dies f\u00fcr die CTF, ab Saisonstart RTF im M\u00e4rz dann f\u00fcr die Permanente Touren. Eine Voranmeldung ist in soweit erforderlich, da ich mit maximal 10 Teilnehmern auf die Strecke gehen m\u00f6chte.<\/p>\n<p>&nbsp;<\/p>\n<p><strong>Norbert Schnitzmeier<\/strong><br \/>\n<em>Koordinator RTF\/CTF<\/em><\/p>\n<p>&nbsp;<\/p>\n<p>&nbsp;<\/p>\n<p>&nbsp;<\/p>\n<p>&nbsp;<\/p>\n<p>&nbsp;<\/p>\n","protected":false},"excerpt":{"rendered":"<p>Auch in diesem Jahr sind zwei Tagesveranstaltungen durch den Radsportbezirk Westfalen Mitte durchgef\u00fchrt worden.<\/p><p><a class=\"more-link btn\" href=\"https:\/\/radsportbezirk-westfalen-mitte.de\/wordpress\/4809\/\">Weiterlesen<\/a><\/p>\n","protected":false},"author":1,"featured_media":0,"comment_status":"closed","ping_status":"closed","sticky":false,"template":"","format":"standard","meta":{"footnotes":""},"categories":[41],"tags":[58,64,77,460],"class_list":["post-4809","post","type-post","status-publish","format-standard","hentry","category-organisation","tag-bezirk","tag-rtf-ctf","tag-77","tag-permanente","wp-image-borders","item-wrap"],"_links":{"self":[{"href":"https:\/\/radsportbezirk-westfalen-mitte.de\/wordpress\/wp-json\/wp\/v2\/posts\/4809","targetHints":{"allow":["GET"]}}],"collection":[{"href":"https:\/\/radsportbezirk-westfalen-mitte.de\/wordpress\/wp-json\/wp\/v2\/posts"}],"about":[{"href":"https:\/\/radsportbezirk-westfalen-mitte.de\/wordpress\/wp-json\/wp\/v2\/types\/post"}],"author":[{"embeddable":true,"href":"https:\/\/radsportbezirk-westfalen-mitte.de\/wordpress\/wp-json\/wp\/v2\/users\/1"}],"replies":[{"embeddable":true,"href":"https:\/\/radsportbezirk-westfalen-mitte.de\/wordpress\/wp-json\/wp\/v2\/comments?post=4809"}],"version-history":[{"count":3,"href":"https:\/\/radsportbezirk-westfalen-mitte.de\/wordpress\/wp-json\/wp\/v2\/posts\/4809\/revisions"}],"predecessor-version":[{"id":13536,"href":"https:\/\/radsportbezirk-westfalen-mitte.de\/wordpress\/wp-json\/wp\/v2\/posts\/4809\/revisions\/13536"}],"wp:attachment":[{"href":"https:\/\/radsportbezirk-westfalen-mitte.de\/wordpress\/wp-json\/wp\/v2\/media?parent=4809"}],"wp:term":[{"taxonomy":"category","embeddable":true,"href":"https:\/\/radsportbezirk-westfalen-mitte.de\/wordpress\/wp-json\/wp\/v2\/categories?post=4809"},{"taxonomy":"post_tag","embeddable":true,"href":"https:\/\/radsportbezirk-westfalen-mitte.de\/wordpress\/wp-json\/wp\/v2\/tags?post=4809"}],"curies":[{"name":"wp","href":"https:\/\/api.w.org\/{rel}","templated":true}]}}