{"id":4791,"date":"2009-12-02T08:58:40","date_gmt":"2009-12-02T07:58:40","guid":{"rendered":"http:\/\/radsportbezirk-westfalen-mitte.de\/wordpress\/?p=4791"},"modified":"2019-06-09T10:37:56","modified_gmt":"2019-06-09T08:37:56","slug":"radteam-hamm-wiederholt-vorjahres-erfolg","status":"publish","type":"post","link":"https:\/\/radsportbezirk-westfalen-mitte.de\/wordpress\/4791\/","title":{"rendered":"Radteam Hamm wiederholt Vorjahreserfolg"},"content":{"rendered":"<p>Der erste Advent war f\u00fcr einige nicht nur der Beginn der vor Weihnachtszeit, sondern auch der Tag sich die verdienten Pokale und Auszeichnungen f\u00fcr eine lange RTF\/CTF Saison abzuholen. Im B\u00fcrgerhaus Wickede fanden sich rund 370 Radsportlerinnen und Radsportler aus 63 Vereine, um den Jahresabschluss des gr\u00f6\u00dften Landesverbandes des Bund Deutscher Radfahrer zu Feier.<\/p>\n<p><!--more--><br \/>\nIn 10 Kategorien verteilte ein gut aufgelegter Landesfachwart RTF Peter Zimmer und CTF Beisitzer Sven Vadder Pokale an die Radsportler. Allen voran die Vereine aus dem Radsportbezirk Westfalen Mitte konnten sich \u00fcber mangelnde Podiumspl\u00e4tze nicht beklagen.<\/p>\n<div style=\"text-align: center;\"><\/div>\n<p>Sowohl bei den Damen und den Herren ging der erst Platz an die Tourenfahrerinnen und Tourenfahrer des Radteam Hamm. Die Herren wiederholten somit ihren Vorjahreserfolg.<\/p>\n<div style=\"text-align: center;\"><\/div>\n<p>Bei den Bezirksmannschaften belegten in allen drei Wertungen\u00a0 Damen &#8211; und Herren die Mannschaften Platz eins und drei. Die Jugend konnte Platz eins und vier als Erfolg verbuchen.<\/p>\n<p>&nbsp;<\/p>\n<p><em>Die Ergebnisse k\u00f6nnt Ihr <a href=\"http:\/\/radsportbezirk-westfalen-mitte.de\/wordpress\/wp-content\/uploads\/2009\/12\/ErgebnisseRTFWickede.doc\" target=\"_blank\" rel=\"noopener noreferrer\">hier als doc-Datei<\/a> herunterladen.<\/em><\/p>\n<p>&nbsp;<\/p>\n<p><strong>Norbert Schnitzmeier<\/strong><\/p>\n<div style=\"text-align: center;\"><\/div>\n<p>&nbsp;<\/p>\n<div style=\"text-align: center;\"><img loading=\"lazy\" decoding=\"async\" class=\"aligncenter wp-image-13541\" src=\"http:\/\/radsportbezirk-westfalen-mitte.de\/wordpress\/wp-content\/uploads\/2009\/12\/GesamtbildWickede-min.jpg\" alt=\"\" width=\"500\" height=\"279\" srcset=\"https:\/\/radsportbezirk-westfalen-mitte.de\/wordpress\/wp-content\/uploads\/2009\/12\/GesamtbildWickede-min.jpg 600w, https:\/\/radsportbezirk-westfalen-mitte.de\/wordpress\/wp-content\/uploads\/2009\/12\/GesamtbildWickede-min-300x168.jpg 300w\" sizes=\"auto, (max-width: 500px) 100vw, 500px\" \/><\/div>\n<div style=\"text-align: center;\"><img loading=\"lazy\" decoding=\"async\" class=\"aligncenter wp-image-13543\" src=\"http:\/\/radsportbezirk-westfalen-mitte.de\/wordpress\/wp-content\/uploads\/2009\/12\/NRW-Landesehrung2009-min.jpg\" alt=\"\" width=\"333\" height=\"500\" srcset=\"https:\/\/radsportbezirk-westfalen-mitte.de\/wordpress\/wp-content\/uploads\/2009\/12\/NRW-Landesehrung2009-min.jpg 655w, https:\/\/radsportbezirk-westfalen-mitte.de\/wordpress\/wp-content\/uploads\/2009\/12\/NRW-Landesehrung2009-min-200x300.jpg 200w\" sizes=\"auto, (max-width: 333px) 100vw, 333px\" \/><\/div>\n<div style=\"text-align: center;\"><img loading=\"lazy\" decoding=\"async\" class=\"aligncenter wp-image-13544\" src=\"http:\/\/radsportbezirk-westfalen-mitte.de\/wordpress\/wp-content\/uploads\/2009\/12\/FrauenBZMannschaft-min.jpg\" alt=\"\" width=\"500\" height=\"361\" srcset=\"https:\/\/radsportbezirk-westfalen-mitte.de\/wordpress\/wp-content\/uploads\/2009\/12\/FrauenBZMannschaft-min.jpg 600w, https:\/\/radsportbezirk-westfalen-mitte.de\/wordpress\/wp-content\/uploads\/2009\/12\/FrauenBZMannschaft-min-300x217.jpg 300w\" sizes=\"auto, (max-width: 500px) 100vw, 500px\" \/><\/div>\n<p>&nbsp;<\/p>\n<p>&nbsp;<\/p>\n<p>&nbsp;<\/p>\n<!-- WP Attachments -->\r\n        <div style=\"width:100%;margin:10px 0 10px 0;\">\r\n            <h3>***<\/h3>\r\n        <ul class=\"post-attachments\"><li class=\"post-attachment mime-application-msword\"><small><i><a target=\"_blank\" rel=\"noopener noreferrer\" href=\"https:\/\/radsportbezirk-westfalen-mitte.de\/wordpress\/wp-content\/uploads\/2009\/12\/ErgebnisseRTFWickede.doc\">ErgebnisseRTFWickede<\/a><\/i><\/small><\/li><\/ul><\/div>","protected":false},"excerpt":{"rendered":"<p>Der erste Advent war f\u00fcr einige nicht nur der Beginn der vor Weihnachtszeit, sondern auch der Tag sich die verdienten Pokale und Auszeichnungen f\u00fcr eine lange RTF\/CTF Saison abzuholen. Im B\u00fcrgerhaus Wickede fanden sich rund 370 Radsportlerinnen und Radsportler aus 63 Vereine, um den Jahresabschluss des gr\u00f6\u00dften Landesverbandes des Bund Deutscher Radfahrer zu Feier.<\/p>\n<p> *** &hellip; <\/p>\n<p><a class=\"more-link btn\" href=\"https:\/\/radsportbezirk-westfalen-mitte.de\/wordpress\/4791\/\">Weiterlesen<\/a><\/p>\n","protected":false},"author":1,"featured_media":4787,"comment_status":"closed","ping_status":"closed","sticky":false,"template":"","format":"standard","meta":{"footnotes":""},"categories":[41],"tags":[58,62,63,77],"class_list":["post-4791","post","type-post","status-publish","format-standard","has-post-thumbnail","hentry","category-organisation","tag-bezirk","tag-rsv-nrw","tag-jahresehrung","tag-77","wp-image-borders","item-wrap"],"_links":{"self":[{"href":"https:\/\/radsportbezirk-westfalen-mitte.de\/wordpress\/wp-json\/wp\/v2\/posts\/4791","targetHints":{"allow":["GET"]}}],"collection":[{"href":"https:\/\/radsportbezirk-westfalen-mitte.de\/wordpress\/wp-json\/wp\/v2\/posts"}],"about":[{"href":"https:\/\/radsportbezirk-westfalen-mitte.de\/wordpress\/wp-json\/wp\/v2\/types\/post"}],"author":[{"embeddable":true,"href":"https:\/\/radsportbezirk-westfalen-mitte.de\/wordpress\/wp-json\/wp\/v2\/users\/1"}],"replies":[{"embeddable":true,"href":"https:\/\/radsportbezirk-westfalen-mitte.de\/wordpress\/wp-json\/wp\/v2\/comments?post=4791"}],"version-history":[{"count":4,"href":"https:\/\/radsportbezirk-westfalen-mitte.de\/wordpress\/wp-json\/wp\/v2\/posts\/4791\/revisions"}],"predecessor-version":[{"id":13545,"href":"https:\/\/radsportbezirk-westfalen-mitte.de\/wordpress\/wp-json\/wp\/v2\/posts\/4791\/revisions\/13545"}],"wp:featuredmedia":[{"embeddable":true,"href":"https:\/\/radsportbezirk-westfalen-mitte.de\/wordpress\/wp-json\/wp\/v2\/media\/4787"}],"wp:attachment":[{"href":"https:\/\/radsportbezirk-westfalen-mitte.de\/wordpress\/wp-json\/wp\/v2\/media?parent=4791"}],"wp:term":[{"taxonomy":"category","embeddable":true,"href":"https:\/\/radsportbezirk-westfalen-mitte.de\/wordpress\/wp-json\/wp\/v2\/categories?post=4791"},{"taxonomy":"post_tag","embeddable":true,"href":"https:\/\/radsportbezirk-westfalen-mitte.de\/wordpress\/wp-json\/wp\/v2\/tags?post=4791"}],"curies":[{"name":"wp","href":"https:\/\/api.w.org\/{rel}","templated":true}]}}