{"id":4770,"date":"2009-10-30T08:58:40","date_gmt":"2009-10-30T07:58:40","guid":{"rendered":"http:\/\/radsportbezirk-westfalen-mitte.de\/wordpress\/?p=4770"},"modified":"2019-06-09T11:23:07","modified_gmt":"2019-06-09T09:23:07","slug":"ehrung-der-nrw-radtourenfahrer","status":"publish","type":"post","link":"https:\/\/radsportbezirk-westfalen-mitte.de\/wordpress\/4770\/","title":{"rendered":"Ehrung der NRW-Radtourenfahrer"},"content":{"rendered":"<p><strong>Ehrung der NRW-Radtourenfahrer am 29.11.2009, 11.00 Uhr (Einlass ab 10.30), in Wickede\/ Ruhr, \u201eB\u00fcrgerhaus&#8220;<\/strong><\/p>\n<p>Nach getaner Arbeit ist es nun Zeit, sich den Lohn daf\u00fcr abzuholen. Die Ehrung der NRW-Tourenfahrer findet am 29.11.09 im \u201eB\u00fcrgerhaus\u201c der Gemeinde Wickede\/ Ruhr statt.<!--more--><br \/>\nAls Ausrichter fungiert in diesem Jahr der Radsportverein Werl-Wickede e.V., der auf Anfrage des Koordinators Breitensport im Bezirk Westfalen-Mitte, Norbert Schnitzmeier, die Mitorganisation gern \u00fcbernommen hat.<\/p>\n<p>Das \u201eB\u00fcrgerhaus\u201c ist die gute Stube der Gemeinde Wickede und ist am Veranstaltungstag ab 10.30 Uhr f\u00fcr die zu Ehrenden, Begleitung ist gern gesehen, ge\u00f6ffnet. Ab 11.00 beginnt die Feier mit einer kurzen Ansprache.<\/p>\n<p style=\"text-align: left;\">Vor und w\u00e4hrend der Veranstaltung bieten die Mitglieder des RSV Werl-Wickede belegte Br\u00f6tchen, Kaffee und Kaltgetr\u00e4nke zu moderaten Preisen an. In einer kurzen Mittagspause wird eine deftige Suppe angeboten. Zum besseren Handling werden im Eingangsbereich Wertmarken verkauft. Schon jetzt bieten wir an, zuviel gekaufte Marken zur\u00fcck zu nehmen.<\/p>\n<div style=\"text-align: center;\"><\/div>\n<p style=\"text-align: justify;\">Anschrift des B\u00fcrgerhauses: Kirchstra\u00dfe 4, 58739 Wickede\/R. F\u00fcr die Eingabe in ein Navigationssystem\u00a0 bitte die Stra\u00dfe \u201eAm Lehmacker\u201c eingeben, da die Kirchstra\u00dfe ein verkehrsberuhigter Bereich liegt..<\/p>\n<p style=\"text-align: justify;\">Die Anreise erfolgt verkehrsg\u00fcnstig \u00fcber die A 44 bis zum AK Werl. Dann \u00fcber die A445 in Richtung Arnsberg und sofort die n\u00e4chste Abfahrt Wickede benutzen. \u00dcber die B 63 f\u00e4hrt man dann nach Wickede ein. Innerorts ist die Anfahrt zum\u00a0 \u201eB\u00fcrgerhaus\u201c ausgeschildert.<\/p>\n<p style=\"text-align: justify;\">Im Umfeld des B\u00fcrgerhauses sind zahlreiche Parkpl\u00e4tze vorhanden. Wir freuen uns auf ein paar sch\u00f6ne Stunden mit euch!<\/p>\n<p>&nbsp;<\/p>\n<p style=\"text-align: justify;\">Euer Organisationsteam des RSV Werl-Wickede und BZ Westfalen Mitte<\/p>\n<p>&nbsp;<\/p>\n<p><strong>PS. Nach den Ehrungen gehen wir zum Wickeder Weihnachtsmarkt!<\/strong><\/p>\n<p>&nbsp;<\/p>\n<p><img loading=\"lazy\" decoding=\"async\" class=\"aligncenter wp-image-4769\" src=\"http:\/\/radsportbezirk-westfalen-mitte.de\/wordpress\/wp-content\/uploads\/2009\/11\/rtf-ehrung.jpg\" alt=\"rtf-ehrung\" width=\"500\" height=\"375\" srcset=\"https:\/\/radsportbezirk-westfalen-mitte.de\/wordpress\/wp-content\/uploads\/2009\/11\/rtf-ehrung.jpg 600w, https:\/\/radsportbezirk-westfalen-mitte.de\/wordpress\/wp-content\/uploads\/2009\/11\/rtf-ehrung-300x225.jpg 300w\" sizes=\"auto, (max-width: 500px) 100vw, 500px\" \/><\/p>\n<p>&nbsp;<\/p>\n<p>&nbsp;<\/p>\n<p>&nbsp;<\/p>\n<p>&nbsp;<\/p>\n<p>&nbsp;<\/p>\n","protected":false},"excerpt":{"rendered":"<p>Ehrung der NRW-Radtourenfahrer am 29.11.2009, 11.00 Uhr (Einlass ab 10.30), in Wickede\/ Ruhr, \u201eB\u00fcrgerhaus&#8220;<\/p>\n<p>Nach getaner Arbeit ist es nun Zeit, sich den Lohn daf\u00fcr abzuholen. Die Ehrung der NRW-Tourenfahrer findet am 29.11.09 im \u201eB\u00fcrgerhaus\u201c der Gemeinde Wickede\/ Ruhr statt.<\/p><p><a class=\"more-link btn\" href=\"https:\/\/radsportbezirk-westfalen-mitte.de\/wordpress\/4770\/\">Weiterlesen<\/a><\/p>\n","protected":false},"author":1,"featured_media":0,"comment_status":"closed","ping_status":"closed","sticky":false,"template":"","format":"standard","meta":{"footnotes":""},"categories":[46],"tags":[77,388,58,62,63],"class_list":["post-4770","post","type-post","status-publish","format-standard","hentry","category-termine","tag-77","tag-rsv-werl-wickede","tag-bezirk","tag-rsv-nrw","tag-jahresehrung","wp-image-borders","item-wrap"],"_links":{"self":[{"href":"https:\/\/radsportbezirk-westfalen-mitte.de\/wordpress\/wp-json\/wp\/v2\/posts\/4770","targetHints":{"allow":["GET"]}}],"collection":[{"href":"https:\/\/radsportbezirk-westfalen-mitte.de\/wordpress\/wp-json\/wp\/v2\/posts"}],"about":[{"href":"https:\/\/radsportbezirk-westfalen-mitte.de\/wordpress\/wp-json\/wp\/v2\/types\/post"}],"author":[{"embeddable":true,"href":"https:\/\/radsportbezirk-westfalen-mitte.de\/wordpress\/wp-json\/wp\/v2\/users\/1"}],"replies":[{"embeddable":true,"href":"https:\/\/radsportbezirk-westfalen-mitte.de\/wordpress\/wp-json\/wp\/v2\/comments?post=4770"}],"version-history":[{"count":3,"href":"https:\/\/radsportbezirk-westfalen-mitte.de\/wordpress\/wp-json\/wp\/v2\/posts\/4770\/revisions"}],"predecessor-version":[{"id":13571,"href":"https:\/\/radsportbezirk-westfalen-mitte.de\/wordpress\/wp-json\/wp\/v2\/posts\/4770\/revisions\/13571"}],"wp:attachment":[{"href":"https:\/\/radsportbezirk-westfalen-mitte.de\/wordpress\/wp-json\/wp\/v2\/media?parent=4770"}],"wp:term":[{"taxonomy":"category","embeddable":true,"href":"https:\/\/radsportbezirk-westfalen-mitte.de\/wordpress\/wp-json\/wp\/v2\/categories?post=4770"},{"taxonomy":"post_tag","embeddable":true,"href":"https:\/\/radsportbezirk-westfalen-mitte.de\/wordpress\/wp-json\/wp\/v2\/tags?post=4770"}],"curies":[{"name":"wp","href":"https:\/\/api.w.org\/{rel}","templated":true}]}}