{"id":4672,"date":"2009-07-06T08:56:00","date_gmt":"2009-07-06T06:56:00","guid":{"rendered":"http:\/\/radsportbezirk-westfalen-mitte.de\/wordpress\/?p=4672"},"modified":"2019-05-20T11:05:41","modified_gmt":"2019-05-20T09:05:41","slug":"drei-bezirksfahrer-bei-suedpfalz-tour-erfolgreich","status":"publish","type":"post","link":"https:\/\/radsportbezirk-westfalen-mitte.de\/wordpress\/4672\/","title":{"rendered":"Drei Bezirksfahrer bei S\u00fcdpfalz-Tour erfolgreich"},"content":{"rendered":"<p>Drei Fahrer aus dem Bezirk Westfalen-Mitte waren am letzten Wochenende mit der NRW-Auswahlmannschaft bei der international besetzten S\u00fcdpfalz-Tour erfolgreich.<!--more--><br \/>\nAngef\u00fchrt vom neuen Deutschen Meister, Lennart Frie (RC Amor Hamm), musste sich die vierk\u00f6pfige Equipe bei einem profilierten Einzelzeitfahren beweisen. Hier belegte Frie einen guten 12. Rang. Bei seiner ersten Rundfahrt \u00fcberhaupt belegte der Warsteiner Lukas L\u00f6er (RSV Unna) auf dieser Etappe den 30. Platz. Jan Tschernoster (RSC Werne) kam hier auf Platz 49. F\u00fcr das Team bedeutete das den 4. Platz in der Tagesmannschaftswertung.<br \/>\nBeim Stra\u00dfenrennen durch das Weinanbaugebiet am Folgetag harmonierte das Team gut und hielt sich immer vorne auf. Vor dem Schlussanstieg attackierte Lennart Frie und konnte so mit Unterst\u00fctzung des vierten Teamfahrers, Alexander K\u00fcsters (SG Kaarst), den vierten Platz belegen. Tschernoster und L\u00f6er, der kurz vor dem Ziel noch aufgrund eines Fahrfehlers eines Vordermannes \u00fcber eine Wiese ausweichen musste, folgten auf den Pl\u00e4tzen 31 und 36. In der Teamwertung schoben sich die Fahrer hierdurch auf Rang 3.<br \/>\nIn der Hitzeschlacht am Sonntag hie\u00df es nun den Treppchenplatz in der Teamwertung zu halten. Die d\u00e4nische Nationalmannschaft machte das Rennen wie auch am Vortag sehr schnell, sodass sich das Feld arg dezimierte. Die Westfalen bleiben jedoch alle vorne dabei. Im Schlussspurt belegte Frie den 7. Platz und konnte sich im Gesamtklassement so noch auf Platz 6 vorschieben.<br \/>\nDie Mannschaft kam im Gesamtklassement auf den dritten Platz.<\/p>\n<p><img loading=\"lazy\" decoding=\"async\" class=\"aligncenter wp-image-4669\" src=\"http:\/\/radsportbezirk-westfalen-mitte.de\/wordpress\/wp-content\/uploads\/2009\/07\/Suedpfalz-Tour_2009_06.jpg\" alt=\"Suedpfalz-Tour_2009_06\" width=\"500\" height=\"377\" border=\"1\" srcset=\"https:\/\/radsportbezirk-westfalen-mitte.de\/wordpress\/wp-content\/uploads\/2009\/07\/Suedpfalz-Tour_2009_06.jpg 600w, https:\/\/radsportbezirk-westfalen-mitte.de\/wordpress\/wp-content\/uploads\/2009\/07\/Suedpfalz-Tour_2009_06-300x226.jpg 300w\" sizes=\"auto, (max-width: 500px) 100vw, 500px\" \/><\/p>\n<p><img loading=\"lazy\" decoding=\"async\" class=\"aligncenter wp-image-4670\" src=\"http:\/\/radsportbezirk-westfalen-mitte.de\/wordpress\/wp-content\/uploads\/2009\/07\/Suedpfalz-Tour_2009_07.jpg\" alt=\"Suedpfalz-Tour_2009_07\" width=\"500\" height=\"377\" border=\"1\" srcset=\"https:\/\/radsportbezirk-westfalen-mitte.de\/wordpress\/wp-content\/uploads\/2009\/07\/Suedpfalz-Tour_2009_07.jpg 600w, https:\/\/radsportbezirk-westfalen-mitte.de\/wordpress\/wp-content\/uploads\/2009\/07\/Suedpfalz-Tour_2009_07-300x226.jpg 300w\" sizes=\"auto, (max-width: 500px) 100vw, 500px\" \/><\/p>\n<p><img loading=\"lazy\" decoding=\"async\" class=\"aligncenter wp-image-4671\" src=\"http:\/\/radsportbezirk-westfalen-mitte.de\/wordpress\/wp-content\/uploads\/2009\/07\/Suedpfalz-Tour_2009_12.jpg\" alt=\"Suedpfalz-Tour_2009_12\" width=\"500\" height=\"377\" border=\"1\" srcset=\"https:\/\/radsportbezirk-westfalen-mitte.de\/wordpress\/wp-content\/uploads\/2009\/07\/Suedpfalz-Tour_2009_12.jpg 600w, https:\/\/radsportbezirk-westfalen-mitte.de\/wordpress\/wp-content\/uploads\/2009\/07\/Suedpfalz-Tour_2009_12-300x226.jpg 300w\" sizes=\"auto, (max-width: 500px) 100vw, 500px\" \/><\/p>\n<p>&nbsp;<\/p>\n<p>&nbsp;<\/p>\n<p>&nbsp;<\/p>\n<p>&nbsp;<\/p>\n<p>&nbsp;<\/p>\n","protected":false},"excerpt":{"rendered":"<p>Drei Fahrer aus dem Bezirk Westfalen-Mitte waren am letzten Wochenende mit der NRW-Auswahlmannschaft bei der international besetzten S\u00fcdpfalz-Tour erfolgreich.<\/p><p><a class=\"more-link btn\" href=\"https:\/\/radsportbezirk-westfalen-mitte.de\/wordpress\/4672\/\">Weiterlesen<\/a><\/p>\n","protected":false},"author":1,"featured_media":0,"comment_status":"closed","ping_status":"closed","sticky":false,"template":"","format":"standard","meta":{"footnotes":""},"categories":[28,31],"tags":[58,71,72,77,88,355,557,910,1083],"class_list":["post-4672","post","type-post","status-publish","format-standard","hentry","category-strassenrennsport","category-schuelerjugendjunioren","tag-bezirk","tag-rsv-unna","tag-jugend","tag-77","tag-rsc-werne","tag-lukas-loeer","tag-jan-tschernoster","tag-lennart-frie","tag-rc-amor-hamm","wp-image-borders","item-wrap"],"_links":{"self":[{"href":"https:\/\/radsportbezirk-westfalen-mitte.de\/wordpress\/wp-json\/wp\/v2\/posts\/4672","targetHints":{"allow":["GET"]}}],"collection":[{"href":"https:\/\/radsportbezirk-westfalen-mitte.de\/wordpress\/wp-json\/wp\/v2\/posts"}],"about":[{"href":"https:\/\/radsportbezirk-westfalen-mitte.de\/wordpress\/wp-json\/wp\/v2\/types\/post"}],"author":[{"embeddable":true,"href":"https:\/\/radsportbezirk-westfalen-mitte.de\/wordpress\/wp-json\/wp\/v2\/users\/1"}],"replies":[{"embeddable":true,"href":"https:\/\/radsportbezirk-westfalen-mitte.de\/wordpress\/wp-json\/wp\/v2\/comments?post=4672"}],"version-history":[{"count":4,"href":"https:\/\/radsportbezirk-westfalen-mitte.de\/wordpress\/wp-json\/wp\/v2\/posts\/4672\/revisions"}],"predecessor-version":[{"id":12592,"href":"https:\/\/radsportbezirk-westfalen-mitte.de\/wordpress\/wp-json\/wp\/v2\/posts\/4672\/revisions\/12592"}],"wp:attachment":[{"href":"https:\/\/radsportbezirk-westfalen-mitte.de\/wordpress\/wp-json\/wp\/v2\/media?parent=4672"}],"wp:term":[{"taxonomy":"category","embeddable":true,"href":"https:\/\/radsportbezirk-westfalen-mitte.de\/wordpress\/wp-json\/wp\/v2\/categories?post=4672"},{"taxonomy":"post_tag","embeddable":true,"href":"https:\/\/radsportbezirk-westfalen-mitte.de\/wordpress\/wp-json\/wp\/v2\/tags?post=4672"}],"curies":[{"name":"wp","href":"https:\/\/api.w.org\/{rel}","templated":true}]}}