{"id":4653,"date":"2009-06-26T08:56:00","date_gmt":"2009-06-26T06:56:00","guid":{"rendered":"http:\/\/radsportbezirk-westfalen-mitte.de\/wordpress\/?p=4653"},"modified":"2019-05-22T10:27:36","modified_gmt":"2019-05-22T08:27:36","slug":"deutscher-meistertitel-im-rc-amor-hamm","status":"publish","type":"post","link":"https:\/\/radsportbezirk-westfalen-mitte.de\/wordpress\/4653\/","title":{"rendered":"Deutscher Meistertitel im RC Amor Hamm"},"content":{"rendered":"<p>Gleich drei RC Amorfahrer konnten bei den Deutschen Meisterschaften im Einer Stra\u00dfe am Wochenende in Parchim starten.<br \/>\n<!--more--><\/p>\n<p>Am Samstag vertraten Aaron Grosser und Lennart Frie die Farben des RC Amor Hamm. Auf der 40,3 km langen Distanz mit einigen anspruchsvollen Steigungen, konnte sich eine 14-k\u00f6pfige Spitzengruppe absetzen. Mit von der Partie war auch Lennart Frie vom RC Amor Hamm. Angef\u00fchrt von Polizeikolonnen raste die Spitzengruppe mit 1 Minute Vorsprung Richtung Ziel. Lennart Frie war nun seinem Traum vom Deutschen Meistertitel zum Greifen nah. In der Zielkurve preschte Frie au\u00dfen vorbei und zog kurze Zeit sp\u00e4ter den Sprint an. Der Mut zum Sprintangriff sollte belohnt werden. Lennart Frie \u00fcberquerte als Sieger die Ziellinie und darf sich nun mit dem Titel des Deutschen Meisters schm\u00fccken.<\/p>\n<p>Vereinskollege Aaron Grosser bestritt seine erste Deutsche Meisterschaft. Nachdem ein Sturz das gro\u00dfe Fahrerfeld der Sch\u00fcler U15 sprengte, befand sich Aaron Grosser in der dritten Fahrergruppe. Im Sprint konnte sich der RC Amorfahrer in seiner Gruppe durchsetzten. In der Gesamtwertung belegte er den hervorragenden 68. Rang.<\/p>\n<p>Am Sonntag ging Hannah Grosser in ihrer Altersklasse an den Start. Sie bew\u00e4ltigte zwei Runden auf dem Meisterschaftskurs. Die sich im ersten Jahr in der weiblichen Jugend U17 befindende RC Amorfahrerin belegte den 23. Rang und blickt positiv auf die n\u00e4chste Deutsche Meisterschaft, wenn sie nicht mehr die J\u00fcngste in der weiblichen Jugend Klasse sein wird.<\/p>\n<p><em>Quelle: <em><a href=\"http:\/\/www.rc-amor-hamm.de\/\" target=\"_blank\" rel=\"noopener noreferrer\">Internetseite des RC Amor Hamm<\/a><\/em><\/em><\/p>\n<hr \/>\n<p>Die vollst\u00e4ndigen Ergebnislisten gibt es hier:<\/p>\n<p><em><a href=\"http:\/\/www.herzog-sport.de\/dok_erg\/20090620str_38_erg.pdf\" target=\"_blank\" rel=\"noopener noreferrer\">U17m, U15m, U19w<\/a><\/em><\/p>\n<p><em><a href=\"http:\/\/www.herzog-sport.de\/dok_erg\/20090621str_39_erg.pdf\" target=\"_blank\" rel=\"noopener noreferrer\">U17w, U15w, U19m<\/a><\/em><\/p>\n<p>&nbsp;<\/p>\n<p>&nbsp;<\/p>\n<p>&nbsp;<\/p>\n<p>&nbsp;<\/p>\n<p>&nbsp;<\/p>\n","protected":false},"excerpt":{"rendered":"<p>Gleich drei RC Amorfahrer konnten bei den Deutschen Meisterschaften im Einer Stra\u00dfe am Wochenende in Parchim starten.<\/p><p><a class=\"more-link btn\" href=\"https:\/\/radsportbezirk-westfalen-mitte.de\/wordpress\/4653\/\">Weiterlesen<\/a><\/p>\n","protected":false},"author":1,"featured_media":0,"comment_status":"closed","ping_status":"closed","sticky":false,"template":"","format":"standard","meta":{"footnotes":""},"categories":[28],"tags":[77,218,910,937,1083,1084],"class_list":["post-4653","post","type-post","status-publish","format-standard","hentry","category-strassenrennsport","tag-77","tag-strasse","tag-lennart-frie","tag-hannah-grosser","tag-rc-amor-hamm","tag-dm-aaron-grosser","wp-image-borders","item-wrap"],"_links":{"self":[{"href":"https:\/\/radsportbezirk-westfalen-mitte.de\/wordpress\/wp-json\/wp\/v2\/posts\/4653","targetHints":{"allow":["GET"]}}],"collection":[{"href":"https:\/\/radsportbezirk-westfalen-mitte.de\/wordpress\/wp-json\/wp\/v2\/posts"}],"about":[{"href":"https:\/\/radsportbezirk-westfalen-mitte.de\/wordpress\/wp-json\/wp\/v2\/types\/post"}],"author":[{"embeddable":true,"href":"https:\/\/radsportbezirk-westfalen-mitte.de\/wordpress\/wp-json\/wp\/v2\/users\/1"}],"replies":[{"embeddable":true,"href":"https:\/\/radsportbezirk-westfalen-mitte.de\/wordpress\/wp-json\/wp\/v2\/comments?post=4653"}],"version-history":[{"count":3,"href":"https:\/\/radsportbezirk-westfalen-mitte.de\/wordpress\/wp-json\/wp\/v2\/posts\/4653\/revisions"}],"predecessor-version":[{"id":12625,"href":"https:\/\/radsportbezirk-westfalen-mitte.de\/wordpress\/wp-json\/wp\/v2\/posts\/4653\/revisions\/12625"}],"wp:attachment":[{"href":"https:\/\/radsportbezirk-westfalen-mitte.de\/wordpress\/wp-json\/wp\/v2\/media?parent=4653"}],"wp:term":[{"taxonomy":"category","embeddable":true,"href":"https:\/\/radsportbezirk-westfalen-mitte.de\/wordpress\/wp-json\/wp\/v2\/categories?post=4653"},{"taxonomy":"post_tag","embeddable":true,"href":"https:\/\/radsportbezirk-westfalen-mitte.de\/wordpress\/wp-json\/wp\/v2\/tags?post=4653"}],"curies":[{"name":"wp","href":"https:\/\/api.w.org\/{rel}","templated":true}]}}