{"id":18069,"date":"2026-09-06T10:18:45","date_gmt":"2026-09-06T08:18:45","guid":{"rendered":"https:\/\/radsportbezirk-westfalen-mitte.de\/wordpress\/?p=18069"},"modified":"2026-09-06T10:21:36","modified_gmt":"2026-09-06T08:21:36","slug":"18069","status":"publish","type":"post","link":"https:\/\/radsportbezirk-westfalen-mitte.de\/wordpress\/18069\/","title":{"rendered":"Doppelsieg f\u00fcr heimisches REMBE | rad-net-Team auf dritter Etappe &#8211; Fietzke weiter Spitzenreiter"},"content":{"rendered":"<p>Auf der dritten Etappe der Sauerlandrundfahrt setzte das heimische Team<em> REMBE | rad-net<\/em> ein Ausrufezeichen und konnte mit Miguel Heidemann und Johannes Adamietz einen Doppelsieg einfahren. In der Gesamtwertung blieb Paul Fietzke (<em>Red Bull-Bora-hansgrohe Rookies<\/em>) vorne.<!--more--><\/p>\n<p>Die 122 Kilometer lange Etappe wurde auf einem 12,2 Kilometer langen Rundkurs rund um Wenholthausen ausgetragen, der zehnmal bew\u00e4ltigt werden musste. Schon in der ersten Runde l\u00f6ste sich eine Spitzengruppe mit dem sp\u00e4teren Etappensieger Heidemann, dessen Teamkollegen Ole Theiler, Patrick Rei\u00dfig (<em>Benotti-Berthold<\/em>), Lennart Lein (Deutschland), Paul Buschek, Vincent John (beide <em>Schwingshandl Intralogistics<\/em>), Tobias Nolde (<em>Vorarlberg<\/em>) und Noah Brits (<em>Benediction Banafrica<\/em>). Sie holten rund zwei Minuten Vorsprung heraus. 58 Kilometer vor dem Ziel, als es erneut den steilen Anstieg auf der Runde hinaufging, attackierte Adamietz mit Kristian Egholm (<em>Lidl-Trek Future Racing<\/em>) aus dem Feld und schloss zur Spitzengruppe auf.<\/p>\n<p>Die Vorentscheidung fiel, als Adamietz und Heidemann 35 Kilometer vor dem Ziel &#8211; erneut an dem Berg &#8211; zusammen angriffen. Keiner konnte dem Duo folgen, stattdessen vergr\u00f6\u00dferte es seinen Vorsprung zwischenzeitlich auf fast eine Minute. Im Feld spannte sich <em>Red Bull-Bora-hansgrohe Rookies<\/em> an die Spitze und holte den Rest der ehemaligen Spitzengruppe ein, doch die beiden <em>REMBE | rad-net<\/em>-Fahrer konnte es nicht mehr stellen. Im Schlussspurt setzte sich Heidemann vor Adamietz durch. Mit 28 Sekunden R\u00fcckstand kamen die Verfolger ins Ziel. Eike Behrens (<em>Lotto-Kern-Haus-Outlet Montabaur<\/em>) sicherte sich Platz drei; Fietzke \u00fcberquerte als Vierter den Zielstrich.<\/p>\n<p>Das reichte dem Deutschen U23-Meister, um Platz eins im Gesamtklassement der Rundfahrt der UCI-Kategorie 2.2 zu verteidigen. Er geht mit 27 Sekunden Vorsprung auf seinen Teamkollegen Max Bock in die morgige Schlussetappe, die \u00fcber 132,9 Kilometer von Arnsberg nach Winterberg f\u00fchrt und auf dem Kahlen Asten endet. Auf Platz drei mit 30 Sekunden R\u00fcckstand folgt Finn O&#8217;Brien (<em>Picnic-PostNL Development-Team<\/em>). In der Punktewertung verteidigte Fietzke ebenfalls Platz eins. In der Bergwertung ist Brits neuer Spitzenreiter.<\/p>\n<p>\u00abWir hatten schon geplant, dass wir in die Ausrei\u00dfergruppe des Tages wollen. Dadurch hatte Johannes eine Relaisstation. Das hat dann super geklappt, er hat attackiert und konnte zu uns aufschlie\u00dfen. Dadurch konnten wir Johannes in der Gesamtwertung besser positionieren und am Ende ist es nat\u00fcrlich geisteskrank, dass ich mich mit dem Etappensieg belohnen konnte\u00bb, freute sich Heidemann.<\/p>\n<p>Chef-Organisator J\u00f6rg Scherf sagte: \u00abDas war ein echtes Hammerrennen auf einem sehr ehrlichen Kurs. Von vornherein war klar, dass hier nur die st\u00e4rksten Fahrer bestehen w\u00fcrden &#8211; und genau das hat sich auch gezeigt. Gleichzeitig haben wir entlang der Strecke viele strahlende Gesichter und eine tolle Stimmung bei den Zuschauern erlebt. Jetzt freuen wir uns auf die morgige Schlussetappe von Arnsberg nach Winterberg. Mit der Hirschberger Wand und der Rochus-Kapelle in Eslohe warten noch einmal besondere Hotspots auf die Fahrer, an denen sicherlich wieder viele Zuschauer zu sehen sein werden. Und nat\u00fcrlich freuen wir uns ganz besonders auf die Zielankunft am Kahlen Asten.\u00bb<\/p>\n<hr \/>\n<p><em><strong>Ergebnis 3. Etappe<\/strong><\/em><br \/>\n<em><strong>Wenholthausen (122 km)<\/strong><\/em><\/p>\n<p>1. Miguel Heidemann \u2013 REMBE | rad-net \u2013 3:15:17<br \/>\n2. Johannes Adamietz \u2013 REMBE | rad-net \u2013 gleiche Zeit<br \/>\n3. Eike Behrens \u2013 Team Lotto Kern-Haus Outlet Montabaur \u2013 +0:28<br \/>\n4. Paul Fietzke \u2013 Red Bull &#8211; BORA &#8211; hansgrohe Rookies \u2013 gleiche Zeit<br \/>\n5. Jermaine Zemke \u2013 REMBE | rad-net \u2013 gleiche Zeit<br \/>\n6. Lennes Jacobs \u2013 Development Team Picnic PostNL \u2013 gleiche Zeit<br \/>\n7. Jonas Holzknecht &#8211; Tirol KTM Cycling Team \u2013 gleiche Zeit<br \/>\n8. Alexandre Trouvain \u2013 Development Team Picnic PostNL \u2013 gleiche Zeit<br \/>\n9. Andrin Z\u00fcger \u2013 Development Team Picnic PostNL \u2013 gleiche Zeit<br \/>\n10. Finn O&#8217;Brien \u2013 Development Team Picnic PostNL \u2013 gleiche Zeit<\/p>\n<p>&nbsp;<\/p>\n<p><em><strong>Gesamtwertung nach der 3. Etappe<\/strong><\/em><\/p>\n<p>1. Paul Fietzke \u2013 Red Bull &#8211; BORA &#8211; hansgrohe Rookies \u2013 6:39:15<br \/>\n2. Max Bock \u2013 Red Bull &#8211; BORA &#8211; hansgrohe Rookies \u2013 +0:27<br \/>\n3. Finn O&#8217;Brien \u2013 Development Team Picnic PostNL \u2013 +0:30<br \/>\n4. Ben Zwiehoff \u2013 Red Bull &#8211; BORA &#8211; hansgrohe Rookies \u2013 +0:33<br \/>\n5. Johannes Adamietz \u2013 REMBE | rad-net \u2013 +0:42<br \/>\n6. Louis Leidert \u2013 Lidl &#8211; Trek Future Racing \u2013 +0:53<br \/>\n7. Jermaine Zemke \u2013 REMBE | rad-net \u2013 +0:54<br \/>\n8. Miguel Heidemann \u2013 REMBE | rad-net \u2013 +0:59<br \/>\n9. Eike Behrens \u2013 Team Lotto Kern-Haus Outlet Montabaur \u2013 +1:00<br \/>\n10. Alexandre Trouvain \u2013 Development Team Picnic PostNL \u2013 +1:03<\/p>\n<p>&nbsp;<\/p>\n<p>&nbsp;<\/p>\n<p><img loading=\"lazy\" decoding=\"async\" class=\"aligncenter\" src=\"https:\/\/radsportbezirk-westfalen-mitte.de\/wordpress\/wp-content\/uploads\/2026\/09\/sauerland26-3-heidemann-adamietz.jpg\" alt=\"Miguel Heidemann und Johannes Adamietz feierten auf der dritten Etappe der Sauerlandrundfahrt einen Doppelsieg f\u00fcr REMBE | rad-net (li.); Paul Fietzke ist neuer Gesamtf\u00fchrender. (Fotos: Mario Stiehl)\" width=\"500\" height=\"333\" border=\"1\" \/><\/p>\n<p style=\"text-align: center;\"><img loading=\"lazy\" decoding=\"async\" class=\"aligncenter\" src=\"https:\/\/radsportbezirk-westfalen-mitte.de\/wordpress\/wp-content\/uploads\/2026\/09\/sauerland26-3-fietzke.jpg\" alt=\"Miguel Heidemann und Johannes Adamietz feierten auf der dritten Etappe der Sauerlandrundfahrt einen Doppelsieg f\u00fcr REMBE | rad-net (li.); Paul Fietzke ist neuer Gesamtf\u00fchrender. (Fotos: Mario Stiehl)\" width=\"500\" height=\"333\" border=\"1\" \/><br \/>\n<i>Miguel Heidemann und Johannes Adamietz feierten auf der dritten Etappe der Sauerlandrundfahrt einen Doppelsieg f\u00fcr REMBE | rad-net (li.); Paul Fietzke ist neuer Gesamtf\u00fchrender.<br \/>\n(Fotos: Mario Stiehl)<\/i><\/p>\n<p>&nbsp;<\/p>\n<p>&nbsp;<\/p>\n<p>&nbsp;<\/p>\n<p><img decoding=\"async\" class=\"aligncenter\" src=\"https:\/\/radsportbezirk-westfalen-mitte.de\/wordpress\/wp-content\/uploads\/2026\/09\/srf-header-w552-1.jpg\" alt=\"\" \/><\/p>\n<p>&nbsp;<\/p>\n<p>&nbsp;<\/p>\n<p>&nbsp;<\/p>\n<p>&nbsp;<\/p>\n","protected":false},"excerpt":{"rendered":"<p>Auf der dritten Etappe der Sauerlandrundfahrt setzte das heimische Team REMBE | rad-net ein Ausrufezeichen und konnte mit Miguel Heidemann und Johannes Adamietz einen Doppelsieg einfahren. In der Gesamtwertung blieb Paul Fietzke (Red Bull-Bora-hansgrohe Rookies) vorne.<\/p><p><a class=\"more-link btn\" href=\"https:\/\/radsportbezirk-westfalen-mitte.de\/wordpress\/18069\/\">Weiterlesen<\/a><\/p>\n","protected":false},"author":1,"featured_media":0,"comment_status":"closed","ping_status":"closed","sticky":false,"template":"","format":"standard","meta":{"footnotes":""},"categories":[28,33,45],"tags":[1579,1609,1798,1801,218,1224,1258,1332,1566],"class_list":["post-18069","post","type-post","status-publish","format-standard","hentry","category-strassenrennsport","category-rennsport","category-allgemein","tag-rembe-rad-net","tag-miguel-heidemann","tag-paul-fietzke","tag-eike-behrens","tag-strasse","tag-sauerlandrundfahrt","tag-johannes-adamietz","tag-ole-theiler","tag-1566","wp-image-borders","item-wrap"],"_links":{"self":[{"href":"https:\/\/radsportbezirk-westfalen-mitte.de\/wordpress\/wp-json\/wp\/v2\/posts\/18069","targetHints":{"allow":["GET"]}}],"collection":[{"href":"https:\/\/radsportbezirk-westfalen-mitte.de\/wordpress\/wp-json\/wp\/v2\/posts"}],"about":[{"href":"https:\/\/radsportbezirk-westfalen-mitte.de\/wordpress\/wp-json\/wp\/v2\/types\/post"}],"author":[{"embeddable":true,"href":"https:\/\/radsportbezirk-westfalen-mitte.de\/wordpress\/wp-json\/wp\/v2\/users\/1"}],"replies":[{"embeddable":true,"href":"https:\/\/radsportbezirk-westfalen-mitte.de\/wordpress\/wp-json\/wp\/v2\/comments?post=18069"}],"version-history":[{"count":4,"href":"https:\/\/radsportbezirk-westfalen-mitte.de\/wordpress\/wp-json\/wp\/v2\/posts\/18069\/revisions"}],"predecessor-version":[{"id":18076,"href":"https:\/\/radsportbezirk-westfalen-mitte.de\/wordpress\/wp-json\/wp\/v2\/posts\/18069\/revisions\/18076"}],"wp:attachment":[{"href":"https:\/\/radsportbezirk-westfalen-mitte.de\/wordpress\/wp-json\/wp\/v2\/media?parent=18069"}],"wp:term":[{"taxonomy":"category","embeddable":true,"href":"https:\/\/radsportbezirk-westfalen-mitte.de\/wordpress\/wp-json\/wp\/v2\/categories?post=18069"},{"taxonomy":"post_tag","embeddable":true,"href":"https:\/\/radsportbezirk-westfalen-mitte.de\/wordpress\/wp-json\/wp\/v2\/tags?post=18069"}],"curies":[{"name":"wp","href":"https:\/\/api.w.org\/{rel}","templated":true}]}}