{"id":18058,"date":"2026-09-04T10:57:22","date_gmt":"2026-09-04T08:57:22","guid":{"rendered":"https:\/\/radsportbezirk-westfalen-mitte.de\/wordpress\/?p=18058"},"modified":"2026-09-05T10:51:52","modified_gmt":"2026-09-05T08:51:52","slug":"heidemann-zweiter-im-auftakt-zeitfahren-der-sauerlandrundfahrt","status":"publish","type":"post","link":"https:\/\/radsportbezirk-westfalen-mitte.de\/wordpress\/18058\/","title":{"rendered":"Heidemann Zweiter im Auftakt-Zeitfahren der Sauerlandrundfahrt"},"content":{"rendered":"<p><em>REMBE | rad-net<\/em> Miguel Heidemann hat den Sieg zum Auftakt der Sauerlandrundfahrt (UCI 2.2) knapp verpasst. Im Einzelzeitfahren belegte er den zweiten Platz. Insgesamt fuhren f\u00fcnf <em>REMBE | rad-net<\/em>-Fahrer unter die besten 20.<!--more--><\/p>\n<p>Heidemann legte die 13,5 Kilometer mit Start und Ziel in Brilon und mehr als 300 H\u00f6henmetern in 17:23 Minuten zur\u00fcck und war damit nur acht Sekunden langsamer als WorldTour-Profi Ben Zwiehoff (Red Bull-Bora-hansgrohe Rookies). Johannes Adamietz wurde Zehnter, Jermaine Zemke fuhr auf den 14. Rang und Ole Theiler und Leon Arenz belegten die Pl\u00e4tze 19 und 20.<\/p>\n<p>\u00abEs ist nat\u00fcrlich immer schade, den Sieg zu verpassen. Aber ich bin mit dem zweiten Platz trotzdem zufrieden, denn wir sind f\u00fcr die weiteren Etappen in einer guten Ausgangslage\u00bb, kommentierte Heidemann, der morgen im Gr\u00fcnen Trikot des Punktbesten starten wird.<\/p>\n<p>Die 123,6 Kilometer lange zweite Etappe folgt morgen den Spuren der Deutschen Stra\u00dfenmeisterschaften von 2022. Sie startet in Brilon und f\u00fchrt dann nach Siedlinghausen, wo viermal ein knapp 13 Kilometer langer Rundkurs zu bew\u00e4ltigen ist. Insgesamt geht die Rundfahrt \u00fcber vier Etappen.<\/p>\n<hr \/>\n<p><span style=\"color: #008000;\"><em><strong>Das Team <\/strong><\/em><strong>REMBE | rad-net<\/strong><em><strong> bei der Sauerlandrundfahrt (UCI 2.2):<\/strong><\/em><\/span><br \/>\nJohannes Adamietz, Leon Arenz, Mauro Brenner, Miguel Heidemann, Roger Kluge, Ole Theiler, Jermaine Zemke<br \/>\n<strong><i>Sportliche Leitung:<\/i><\/strong> Fabian Peplau<\/p>\n<p>&nbsp;<\/p>\n<p><img loading=\"lazy\" decoding=\"async\" class=\"aligncenter\" src=\"https:\/\/radsportbezirk-westfalen-mitte.de\/wordpress\/wp-content\/uploads\/2026\/09\/sauerland26-1-heidemann.jpg\" alt=\"Miguel Heidemann wurde Zweiter im Auftakt-Zeitfahren der Sauerlandrundfahrt. (Foto: Mario Stiehl)\" width=\"333\" height=\"500\" border=\"1\" \/><\/p>\n<p style=\"text-align: center;\"><em>Miguel Heidemann wurde Zweiter im Auftakt-Zeitfahren der Sauerlandrundfahrt.<br \/>\n(Foto: Mario Stiehl)<\/em><\/p>\n<p>&nbsp;<\/p>\n<p>&nbsp;<\/p>\n<p>&nbsp;<\/p>\n<p>&nbsp;<\/p>\n<p>&nbsp;<\/p>\n","protected":false},"excerpt":{"rendered":"<p>REMBE | rad-net Miguel Heidemann hat den Sieg zum Auftakt der Sauerlandrundfahrt (UCI 2.2) knapp verpasst. Im Einzelzeitfahren belegte er den zweiten Platz. Insgesamt fuhren f\u00fcnf REMBE | rad-net-Fahrer unter die besten 20.<\/p><p><a class=\"more-link btn\" href=\"https:\/\/radsportbezirk-westfalen-mitte.de\/wordpress\/18058\/\">Weiterlesen<\/a><\/p>\n","protected":false},"author":1,"featured_media":0,"comment_status":"closed","ping_status":"closed","sticky":false,"template":"","format":"standard","meta":{"footnotes":""},"categories":[45],"tags":[1691,1794,218,1224,1258,1332,1419,1566,1579,1581,1588,1593,1609],"class_list":["post-18058","post","type-post","status-publish","format-standard","hentry","category-allgemein","tag-mauro-brenner","tag-brilon","tag-strasse","tag-sauerlandrundfahrt","tag-johannes-adamietz","tag-ole-theiler","tag-siedlinghausen","tag-1566","tag-rembe-rad-net","tag-leon-arenz","tag-roger-kluge","tag-jermaine-zemke","tag-miguel-heidemann","wp-image-borders","item-wrap"],"_links":{"self":[{"href":"https:\/\/radsportbezirk-westfalen-mitte.de\/wordpress\/wp-json\/wp\/v2\/posts\/18058","targetHints":{"allow":["GET"]}}],"collection":[{"href":"https:\/\/radsportbezirk-westfalen-mitte.de\/wordpress\/wp-json\/wp\/v2\/posts"}],"about":[{"href":"https:\/\/radsportbezirk-westfalen-mitte.de\/wordpress\/wp-json\/wp\/v2\/types\/post"}],"author":[{"embeddable":true,"href":"https:\/\/radsportbezirk-westfalen-mitte.de\/wordpress\/wp-json\/wp\/v2\/users\/1"}],"replies":[{"embeddable":true,"href":"https:\/\/radsportbezirk-westfalen-mitte.de\/wordpress\/wp-json\/wp\/v2\/comments?post=18058"}],"version-history":[{"count":1,"href":"https:\/\/radsportbezirk-westfalen-mitte.de\/wordpress\/wp-json\/wp\/v2\/posts\/18058\/revisions"}],"predecessor-version":[{"id":18060,"href":"https:\/\/radsportbezirk-westfalen-mitte.de\/wordpress\/wp-json\/wp\/v2\/posts\/18058\/revisions\/18060"}],"wp:attachment":[{"href":"https:\/\/radsportbezirk-westfalen-mitte.de\/wordpress\/wp-json\/wp\/v2\/media?parent=18058"}],"wp:term":[{"taxonomy":"category","embeddable":true,"href":"https:\/\/radsportbezirk-westfalen-mitte.de\/wordpress\/wp-json\/wp\/v2\/categories?post=18058"},{"taxonomy":"post_tag","embeddable":true,"href":"https:\/\/radsportbezirk-westfalen-mitte.de\/wordpress\/wp-json\/wp\/v2\/tags?post=18058"}],"curies":[{"name":"wp","href":"https:\/\/api.w.org\/{rel}","templated":true}]}}