{"id":18051,"date":"2026-09-04T10:35:42","date_gmt":"2026-09-04T08:35:42","guid":{"rendered":"https:\/\/radsportbezirk-westfalen-mitte.de\/wordpress\/?p=18051"},"modified":"2026-09-05T10:38:00","modified_gmt":"2026-09-05T08:38:00","slug":"zwiehoff-gewinnt-zeitfahren-zum-auftakt-der-sauerlandrundfahrt","status":"publish","type":"post","link":"https:\/\/radsportbezirk-westfalen-mitte.de\/wordpress\/18051\/","title":{"rendered":"Zwiehoff gewinnt Zeitfahren zum Auftakt der Sauerlandrundfahrt"},"content":{"rendered":"<p>Mit Ben Zwiehoff (<em>Red Bull-Bora-hansgrohe Rookies<\/em>) hat einer der Lokalmatadoren das Einzelzeitfahren zum Auftakt der Premiere der Sauerlandrundfahrt gewonnen. Der WorldTour-Profi ist damit auch erster Spitzenreiter im Gesamtklassement der Rundfahrt der UCI-Kategorie 2.2.<!--more--><\/p>\n<p>Das 13,5 Kilometer lange Zeitfahren mit Start und Ziel in Brilon f\u00fchrte \u00fcber mehrere Anstiege und wies mehr als 300 H\u00f6henmeter auf. Das kam Zwiehoff als ehemaligen Mountainbiker entgegen. Er ben\u00f6tigte 17:15 Minuten und war damit acht Sekunden schneller als Miguel Heidemann vom sauerl\u00e4ndischen Continental-Team <em>REMBE | rad-net<\/em> und zehn Sekunden schneller als der Spanier E\u00f1aut Urcaregui Sanz (<em>Lidl-Trek Future Racing<\/em>).<\/p>\n<p>\u00abIch freue mich sehr, dass ich die Chance bekommen habe, hier in meiner Wahlheimat mit unseren Rookies zu fahren. Ich habe nicht wirklich damit gerechnet, gleich im Einzelzeitfahren meinen gew\u00fcnschten Etappensieg zu holen. Das Zeitfahren an sich ist nicht unbedingt mein Steckenpferd, aber J\u00f6rg Scherf hat bei der Routenplanung zum Gl\u00fcck an mich gedacht und ein paar H\u00f6henmeter eingebaut, die mir heute sehr entgegengekommen sind\u00bb, sagte Zwiehoff, der sich im Vorfeld alle Etappen angeschaut hatte, mit einem Augenzwinkern. \u00abIch bin stolz drauf und freue mich jetzt sehr auf die n\u00e4chsten Tage mit unseren Jungs. Es wird nicht einfach das Trikot zu verteidigen, aber ich freue mich sehr darauf quer durchs Sauerland zu fahren.\u00bb<\/p>\n<p>In der Gesamtwertung f\u00fchrt Zwiehoff mit denselben Abst\u00e4nden und startet morgen im Pinken Trikot auf die zweite Etappe. Das Teilst\u00fcck ist 123,6 Kilometer lang und folgt den Spuren der Deutschen Stra\u00dfenmeisterschaften von 2022. Es startet in Brilon und f\u00fchrt dann nach Siedlinghausen, wo viermal ein knapp 13 Kilometer langer Rundkurs zu bew\u00e4ltigen ist.<\/p>\n<p>\u00abHeute ist alles super angelaufen &#8211; das war ein rundum gelungener Auftakt! Ein gro\u00dfer Dank gilt den starken Partnern an unserer Seite sowie den vielen Helferinnen und Helfern, ohne deren unerm\u00fcdlichen Einsatz die Rundfahrt gar nicht m\u00f6glich w\u00e4re. Wir blicken voller Vorfreude auf die kommenden Tage!\u00bb, so Cheforganisator J\u00f6rg Scherf.<\/p>\n<p>&nbsp;<\/p>\n<p>&nbsp;<\/p>\n<p><img loading=\"lazy\" decoding=\"async\" class=\"aligncenter\" src=\"https:\/\/radsportbezirk-westfalen-mitte.de\/wordpress\/wp-content\/uploads\/2026\/09\/sauerland26-1-zwiehoff.jpg\" alt=\"Ben Zwiehoff gewann das Auftaktzeitfahren der Sauerlandrundfahrt. (Foto: Mario Stiehl)\" width=\"500\" height=\"333\" border=\"1\" \/><\/p>\n<p><img loading=\"lazy\" decoding=\"async\" class=\"aligncenter\" src=\"https:\/\/radsportbezirk-westfalen-mitte.de\/wordpress\/wp-content\/uploads\/2026\/09\/sauerland26-1-zwiehoff2.jpg\" alt=\"Ben Zwiehoff gewann das Auftaktzeitfahren der Sauerlandrundfahrt. (Foto: Mario Stiehl)\" width=\"500\" height=\"333\" border=\"1\" \/><\/p>\n<p style=\"text-align: center;\"><em>Ben Zwiehoff gewann das Auftaktzeitfahren der Sauerlandrundfahrt.<br \/>\n(Foto: Mario Stiehl)<\/em><\/p>\n<hr \/>\n<p>&nbsp;<\/p>\n<p><img decoding=\"async\" class=\"aligncenter\" src=\"https:\/\/radsportbezirk-westfalen-mitte.de\/wordpress\/wp-content\/uploads\/2026\/09\/srf-header-w552-1.jpg\" alt=\"\" border=\"1\" \/><\/p>\n<p>&nbsp;<\/p>\n<p>&nbsp;<\/p>\n<p>&nbsp;<\/p>\n<p>&nbsp;<\/p>\n<p>&nbsp;<\/p>\n","protected":false},"excerpt":{"rendered":"<p>Mit Ben Zwiehoff (Red Bull-Bora-hansgrohe Rookies) hat einer der Lokalmatadoren das Einzelzeitfahren zum Auftakt der Premiere der Sauerlandrundfahrt gewonnen. Der WorldTour-Profi ist damit auch erster Spitzenreiter im Gesamtklassement der Rundfahrt der UCI-Kategorie 2.2.<\/p><p><a class=\"more-link btn\" href=\"https:\/\/radsportbezirk-westfalen-mitte.de\/wordpress\/18051\/\">Weiterlesen<\/a><\/p>\n","protected":false},"author":1,"featured_media":0,"comment_status":"closed","ping_status":"closed","sticky":false,"template":"","format":"standard","meta":{"footnotes":""},"categories":[28,33],"tags":[1419,1566,1579,1609,1793,1794,1795,1796,478,1224],"class_list":["post-18051","post","type-post","status-publish","format-standard","hentry","category-strassenrennsport","category-rennsport","tag-siedlinghausen","tag-1566","tag-rembe-rad-net","tag-miguel-heidemann","tag-strsse","tag-brilon","tag-red-bull-bora-hansgrohe-rookies","tag-lidl-trek-future-racing","tag-ben-zwiehoff","tag-sauerlandrundfahrt","wp-image-borders","item-wrap"],"_links":{"self":[{"href":"https:\/\/radsportbezirk-westfalen-mitte.de\/wordpress\/wp-json\/wp\/v2\/posts\/18051","targetHints":{"allow":["GET"]}}],"collection":[{"href":"https:\/\/radsportbezirk-westfalen-mitte.de\/wordpress\/wp-json\/wp\/v2\/posts"}],"about":[{"href":"https:\/\/radsportbezirk-westfalen-mitte.de\/wordpress\/wp-json\/wp\/v2\/types\/post"}],"author":[{"embeddable":true,"href":"https:\/\/radsportbezirk-westfalen-mitte.de\/wordpress\/wp-json\/wp\/v2\/users\/1"}],"replies":[{"embeddable":true,"href":"https:\/\/radsportbezirk-westfalen-mitte.de\/wordpress\/wp-json\/wp\/v2\/comments?post=18051"}],"version-history":[{"count":3,"href":"https:\/\/radsportbezirk-westfalen-mitte.de\/wordpress\/wp-json\/wp\/v2\/posts\/18051\/revisions"}],"predecessor-version":[{"id":18057,"href":"https:\/\/radsportbezirk-westfalen-mitte.de\/wordpress\/wp-json\/wp\/v2\/posts\/18051\/revisions\/18057"}],"wp:attachment":[{"href":"https:\/\/radsportbezirk-westfalen-mitte.de\/wordpress\/wp-json\/wp\/v2\/media?parent=18051"}],"wp:term":[{"taxonomy":"category","embeddable":true,"href":"https:\/\/radsportbezirk-westfalen-mitte.de\/wordpress\/wp-json\/wp\/v2\/categories?post=18051"},{"taxonomy":"post_tag","embeddable":true,"href":"https:\/\/radsportbezirk-westfalen-mitte.de\/wordpress\/wp-json\/wp\/v2\/tags?post=18051"}],"curies":[{"name":"wp","href":"https:\/\/api.w.org\/{rel}","templated":true}]}}