{"id":18046,"date":"2026-09-02T11:00:17","date_gmt":"2026-09-02T09:00:17","guid":{"rendered":"https:\/\/radsportbezirk-westfalen-mitte.de\/wordpress\/?p=18046"},"modified":"2026-09-02T11:01:06","modified_gmt":"2026-09-02T09:01:06","slug":"18046","status":"publish","type":"post","link":"https:\/\/radsportbezirk-westfalen-mitte.de\/wordpress\/18046\/","title":{"rendered":"REMBE | rad-net will Heimrennen mitbestimmen &#8211; Frauen fahren um Bundesliga-Gesamtsieg"},"content":{"rendered":"<p>F\u00fcr das Team <em>REMBE | rad-net<\/em> steht das n\u00e4chste Saisonhighlight auf dem Programm: Die <em><strong>Sauerlandrundfahrt<\/strong><\/em> feiert ihre Premiere als Rennen der UCI-Kategorie 2.2 und die Mannschaft will ihrem Heimrennen ihren Stempel aufdr\u00fccken. Au\u00dferdem starten die Fahrerinnen von <em>REMBE | rad-net women<\/em> beim <strong><em>Bundesliga-Finale<\/em><\/strong> in Bad D\u00fcrrheim und haben dort beste Chancen, den Gesamtsieg davonzutragen. Ein weiterer Teil der Mannschaft ist bei der <em><strong>Flanders Tomorrow Tour<\/strong><\/em> (UCI 2.2U) in den Niederlanden im Einsatz.<!--more--><\/p>\n<p>Die <strong><em>Sauerlandrundfahrt<\/em><\/strong> geht \u00fcber vier Tage. Den Auftakt macht ein 13,5 Kilometer langes Einzelzeitfahren in Brilon. Das zweite Teilst\u00fcck f\u00fchrt von Brilon nach Siedlinghausen. Die dritte Etappe findet auf dem bereits von der Deutschen Bergmeisterschaft und Rad-Bundesliga bekannten Rundkurs um Wenholthausen statt. Die Schlussetappe startet in Arnsberg und endet auf dem Kahlen Asten. Ein weiteres Highlight auf dem letzten Teilst\u00fcck ist die ber\u00fchmt-ber\u00fcchtigte Hirschberger Wand mit bis zu 34 Prozent Steigung.<\/p>\n<p>\u00abWir wollen sowohl auf den Etappen als auch in der Gesamtwertung ein W\u00f6rtchen mitreden\u00bb, sagt Fabian Peplau, Sportlicher Leiter bei <em>REMBE | rad-net<\/em>, das unter anderem mit dem Gewinner des Bergtrikots bei der Deutschland-Tour, Miguel Heidemann, antritt. \u00abEin Heimrennen ist immer etwas Besonderes und wir wollen unseren Fans etwas zur\u00fcckgeben. Die Strecke bietet selektive Etappen, auf denen wir unsere Chancen suchen werden. Auch wenn die Konkurrenz stark ist, fahren wir nicht nur mit, um dabei zu sein. F\u00fcr die Rundfahrt-Premiere haben sich zahlreiche namhafte Teams angek\u00fcndigt, darunter Devo-Teams verschiedener WorldTour-Mannschaften und alle deutschen Continental-Teams.<\/p>\n<p>Mit den drei Rennen des Riderman in Bad D\u00fcrrheim geht am kommenden Wochenende die <strong><em>\u00abM\u00fcller \u2013 Die lila Logistik Rad-Bundesliga\u00bb der Frauen<\/em><\/strong> zu Ende. In der Gesamtwertung liegt das Team <em>REMBE | rad-net women<\/em> mit Katharina Palm, Aileen Schweikart und Franziska Brau\u00dfe gleich mit drei Fahrerinnen an der Spitze. \u00abMit drei Fahrerinnen ganz vorne gehen wir mit vollem Selbstbewusstsein ins Bundesliga-Finale. Das Ziel f\u00fcr die letzten drei Rennen ist klar: F\u00fchrung behaupten und den Gesamtsieg sowohl in der Einzel- als auch in der Mannschaftswertung holen\u00bb, so Sebastian Venkter, Sportlicher Leiter bei <em>REMBE | rad-net women<\/em>.<\/p>\n<p>Los geht es am Freitag mit einem 16 Kilometer langen Zeitfahren. Am Samstag geht es \u00fcber 103 Kilometer, auf denen auch die Deutsche Bergmeisterschaft ausgefahren wird. Am Sonntag stehen dann noch einmal 95 Kilometer auf dem Programm, die ebenfalls \u00fcber bergiges Terrain f\u00fchren.<\/p>\n<p>Die <em><strong>Flanders Tomorrow Tour<\/strong><\/em> in Belgien startet ebenfalls am Freitag. Pepe Albrecht, Moritz Binder, Paul-Felix Petry und Co. wollen dort gute Ergebnisse einfahren. \u00abWichtig ist aber auch der internationale Vergleich im U23-Bereich\u00bb, so Ralf Grabsch, Sportlicher Leiter des Teams <em>REMBE | rad-net<\/em>. An den drei Tagen m\u00fcssen vier Teilst\u00fccke bew\u00e4ltigt werden. Gleich am ersten Tag stehen ein Einzelzeitfahren sowie eine weitere Etappe auf dem Programm, gefolgt von zwei weiteren Etappen am Samstag und Sonntag. Auf allen Etappen d\u00fcrfte auch der Wind eine Rolle spielen.<\/p>\n<hr \/>\n<p><span style=\"color: #339966;\"><strong><em>Das Team <\/em>REMBE | rad-net<em> bei der Sauerlandrundfahrt (UCI 2.2):<\/em><\/strong><\/span><br \/>\nJohannes Adamietz, Leon Arenz, Mauro Brenner, Miguel Heidemann, Roger Kluge, Ole Theiler, Jermaine Zemke<br \/>\n<em><strong>Sportliche Leitung:<\/strong><\/em> Fabian Peplau<\/p>\n<p><span style=\"color: #339966;\"><em><strong>Das Team <\/strong><\/em><strong>REMBE | rad-net women<\/strong><em><strong> beim Riderman:<\/strong><\/em><\/span><br \/>\nIana-Alesia Baltes, Franziska Brau\u00dfe, Miriam Gerwig, Karoline Goldschmidt, Maira Jasch, Lisa Klein (nur ZF), Hannah Kunz, Katharina Palm, Aileen Schweikart, Laura S\u00fc\u00dfemilch<br \/>\n<em><strong>Sportliche Leitung:<\/strong><\/em> Sebastian Ventker<\/p>\n<p><span style=\"color: #339966;\"><em><strong>Das Team <\/strong><\/em><strong>REMBE | rad-net<\/strong><em><strong> bei der Flanders Tomorrow Tour (UCI 2.2U):<\/strong><\/em><\/span><br \/>\nPepe Albrecht, Leopold Beirig, Moritz Binder, Paul-Felix Petry, Victor Wedekind<br \/>\n<em><strong>Sportliche Leitung:<\/strong><\/em> Ralf Grabsch<\/p>\n<p>&nbsp;<\/p>\n<p>&nbsp;<\/p>\n<p style=\"text-align: center;\"><img loading=\"lazy\" decoding=\"async\" class=\"aligncenter\" src=\"https:\/\/radsportbezirk-westfalen-mitte.de\/wordpress\/wp-content\/uploads\/2026\/09\/adamietz-dtour26.jpg\" alt=\"Johannes Adamietz (Foto) und seine Teamkollegen wollen die Sauerlandrundfahrt mitbestimmen. (Foto: Mario Stiehl)\" width=\"500\" height=\"353\" border=\"1\" \/><br \/>\n<i>Johannes Adamietz (Foto) und seine Teamkollegen wollen die Sauerlandrundfahrt mitbestimmen.<br \/>\n(Foto: Mario Stiehl)<\/i><\/p>\n<p>&nbsp;<\/p>\n<p>&nbsp;<\/p>\n<p>&nbsp;<\/p>\n<p>&nbsp;<\/p>\n<p>&nbsp;<\/p>\n","protected":false},"excerpt":{"rendered":"<p>F\u00fcr das Team REMBE | rad-net steht das n\u00e4chste Saisonhighlight auf dem Programm: Die Sauerlandrundfahrt feiert ihre Premiere als Rennen der UCI-Kategorie 2.2 und die Mannschaft will ihrem Heimrennen ihren Stempel aufdr\u00fccken. Au\u00dferdem starten die Fahrerinnen von REMBE | rad-net women beim Bundesliga-Finale in Bad D\u00fcrrheim und haben dort beste Chancen, den Gesamtsieg davonzutragen. Ein &hellip; <\/p>\n<p><a class=\"more-link btn\" href=\"https:\/\/radsportbezirk-westfalen-mitte.de\/wordpress\/18046\/\">Weiterlesen<\/a><\/p>\n","protected":false},"author":1,"featured_media":0,"comment_status":"closed","ping_status":"closed","sticky":false,"template":"","format":"standard","meta":{"footnotes":""},"categories":[28,33],"tags":[218,1224,1566,1791,1792],"class_list":["post-18046","post","type-post","status-publish","format-standard","hentry","category-strassenrennsport","category-rennsport","tag-strasse","tag-sauerlandrundfahrt","tag-1566","tag-mueller-die-lila-logistik-rad-bundesliga-der-frauen","tag-flanders-tomorrow-tour","wp-image-borders","item-wrap"],"_links":{"self":[{"href":"https:\/\/radsportbezirk-westfalen-mitte.de\/wordpress\/wp-json\/wp\/v2\/posts\/18046","targetHints":{"allow":["GET"]}}],"collection":[{"href":"https:\/\/radsportbezirk-westfalen-mitte.de\/wordpress\/wp-json\/wp\/v2\/posts"}],"about":[{"href":"https:\/\/radsportbezirk-westfalen-mitte.de\/wordpress\/wp-json\/wp\/v2\/types\/post"}],"author":[{"embeddable":true,"href":"https:\/\/radsportbezirk-westfalen-mitte.de\/wordpress\/wp-json\/wp\/v2\/users\/1"}],"replies":[{"embeddable":true,"href":"https:\/\/radsportbezirk-westfalen-mitte.de\/wordpress\/wp-json\/wp\/v2\/comments?post=18046"}],"version-history":[{"count":3,"href":"https:\/\/radsportbezirk-westfalen-mitte.de\/wordpress\/wp-json\/wp\/v2\/posts\/18046\/revisions"}],"predecessor-version":[{"id":18050,"href":"https:\/\/radsportbezirk-westfalen-mitte.de\/wordpress\/wp-json\/wp\/v2\/posts\/18046\/revisions\/18050"}],"wp:attachment":[{"href":"https:\/\/radsportbezirk-westfalen-mitte.de\/wordpress\/wp-json\/wp\/v2\/media?parent=18046"}],"wp:term":[{"taxonomy":"category","embeddable":true,"href":"https:\/\/radsportbezirk-westfalen-mitte.de\/wordpress\/wp-json\/wp\/v2\/categories?post=18046"},{"taxonomy":"post_tag","embeddable":true,"href":"https:\/\/radsportbezirk-westfalen-mitte.de\/wordpress\/wp-json\/wp\/v2\/tags?post=18046"}],"curies":[{"name":"wp","href":"https:\/\/api.w.org\/{rel}","templated":true}]}}