{"id":18043,"date":"2026-09-02T10:45:27","date_gmt":"2026-09-02T08:45:27","guid":{"rendered":"https:\/\/radsportbezirk-westfalen-mitte.de\/wordpress\/?p=18043"},"modified":"2026-09-02T10:45:27","modified_gmt":"2026-09-02T08:45:27","slug":"sauerlandrundfahrt-feiert-premiere-starkes-internationales-fahrerfeld-am-start","status":"publish","type":"post","link":"https:\/\/radsportbezirk-westfalen-mitte.de\/wordpress\/18043\/","title":{"rendered":"Sauerlandrundfahrt feiert Premiere: Starkes internationales Fahrerfeld am Start"},"content":{"rendered":"<p><img decoding=\"async\" class=\"aligncenter\" src=\"https:\/\/radsportbezirk-westfalen-mitte.de\/wordpress\/wp-content\/uploads\/2026\/09\/srf-header-w552.jpg\" alt=\"\" \/><\/p>\n<p>&nbsp;<\/p>\n<p>Diese Woche feiert die Sauerlandrundfahrt ihre Premiere. Von Donnerstag bis Sonntag f\u00fchrt das viert\u00e4gige Rennen der UCI-Kategorie 2.2 die Fahrer \u00fcber anspruchsvolle Strecken durch das Sauerland. Ein starkes internationales Fahrerfeld verspricht dabei hochklassigen Radsport und spannende Etappen.<!--more--><\/p>\n<p>Schon zum Auftakt zeigt sich wof\u00fcr das Sauerland bekannt ist: Das 13,5 Kilometer lange Zeitfahren mit Start und Ziel in Brilon f\u00fchrt \u00fcber mehrere Anstiege und weist mehr als 300 H\u00f6henmeter auf. Auch an den kommenden drei Tagen wird es bergig. Die 123,6 Kilometer lange zweite Etappe folgt den Spuren der Deutschen Stra\u00dfenmeisterschaften von 2022. Sie startet in Brilon und f\u00fchrt dann nach Siedlinghausen, wo viermal ein knapp 13 Kilometer langer Rundkurs zu bew\u00e4ltigen ist. Die dritte Etappe findet auf dem bereits von der Deutschen Bergmeisterschaft und Rad-Bundesliga bekannten Rundkurs um Wenholthausen statt. Die 12,2 Kilometer Strecke mit 320 H\u00f6henmetern muss zehnmal bew\u00e4ltigt werden. Das Finale der Sauerlandrundfahrt endet auf dem Kahlen Asten. Die Schlussetappe startet in Arnsberg und f\u00fchrt \u00fcber 133 Kilometer und 4350 H\u00f6henmeter auf den zweith\u00f6chsten Berg Nordrhein-Westfalens. Ein weiteres Highlight auf dem letzten Teilst\u00fcck ist die ber\u00fchmt-ber\u00fcchtigte Hirschberger Wand mit bis zu 34 Prozent Steigung.<\/p>\n<p>F\u00fcr die Rundfahrt-Premiere haben sich zahlreiche namhafte Teams angek\u00fcndigt. Alle deutschen Continental-Teams werden im Peloton vertreten sein. Hinzu kommen mehrere Development-Teams, wie etwa jene der WorldTour-Teams Red Bull-Bora-hansgrohe, Lidl-Trek, Picnic-PostNL und Tudor, die auch einige der besten deutschen Nachwuchstalente wie den deutschen U23-Meister Paul Fietzke, den Gesamtneunten des U23-Giro d\u2019Italia Max Bock, Bruno Ke\u00dfler und Louis Leidert mitbringen. F\u00fcr zus\u00e4tzliches internationales Flair sorgt etwa das Benediction Banafrica Team aus Ruanda. Mit Ben Zwiehoff wird auch ein WorldTour-Profi und Lokalmatador am Start sein. Besonders im Fokus steht das sauerl\u00e4ndische Continental-Team <em>REMBE | rad-net<\/em>. F\u00fcr die Mannschaft geh\u00f6rt die Premiere vor heimischem Publikum zu den Saison-Highlights. Entsprechend wollen die Rennfahrer sowohl auf den Etappen als auch in der Gesamtwertung ein W\u00f6rtchen mitreden. Unter anderem startet Miguel Heidemann, der gerade erst das Bergtrikot bei der Deutschland-Tour gewinnen konnte.<\/p>\n<p>Bei der Sauerlandrundfahrt gibt es drei Wertungstrikots: Das Pinke Trikot kennzeichnet den F\u00fchrenden in der Gesamtwertung. Der Spitzenreiter in der Punktewertung wird das Gr\u00fcne Trikot tragen und der beste Bergfahrer f\u00e4hrt im rot gepunkteten Trikot. Letzteres ist Paul Senske gewidmet, der die Radrennen im Sauerland in den vergangenen Jahren mit seiner Moderation begleitet und gepr\u00e4gt hat, im April dieses Jahres aber verstorben ist.<\/p>\n<p>Die vierte Etappe k\u00f6nnen auch Hobbyfahrer selbst unter die R\u00e4der nehmen. Auf der Originalstrecke wird ein Jedermannrennen ausgetragen. Zur Auswahl stehen die Mitteldistanz von Arnsberg nach Eslohe \u00fcber 90 Kilometer oder die volle Distanz \u00fcber 133 Kilometer mit Ziel auf dem Kahlen Asten.<\/p>\n<hr \/>\n<p>An den Renntagen kommt es entlang der Strecke zu tempor\u00e4ren Stra\u00dfensperrungen. Die Polizei arbeitet mit einer rollierenden Absperrung, sodass der Verkehr jeweils nur kurz vor und w\u00e4hrend der Durchfahrt angehalten wird. Weitere Infos hierzu gibt es auf der Webseite der Veranstaltung<em><span style=\"color: #0000ff;\"><strong><a style=\"color: #0000ff;\" href=\"https:\/\/www.sauerlandrundfahrt.de\" target=\"_blank\" rel=\"noopener\"> https:\/\/www.sauerlandrundfahrt.de<\/a><\/strong><\/span><\/em>.<\/p>\n<p>&nbsp;<\/p>\n<p>&nbsp;<\/p>\n<p>&nbsp;<\/p>\n<p>&nbsp;<\/p>\n<p>&nbsp;<\/p>\n","protected":false},"excerpt":{"rendered":"<\/p>\n<p>&nbsp;<\/p>\n<p>Diese Woche feiert die Sauerlandrundfahrt ihre Premiere. Von Donnerstag bis Sonntag f\u00fchrt das viert\u00e4gige Rennen der UCI-Kategorie 2.2 die Fahrer \u00fcber anspruchsvolle Strecken durch das Sauerland. Ein starkes internationales Fahrerfeld verspricht dabei hochklassigen Radsport und spannende Etappen.<\/p><p><a class=\"more-link btn\" href=\"https:\/\/radsportbezirk-westfalen-mitte.de\/wordpress\/18043\/\">Weiterlesen<\/a><\/p>\n","protected":false},"author":1,"featured_media":0,"comment_status":"closed","ping_status":"closed","sticky":false,"template":"","format":"standard","meta":{"footnotes":""},"categories":[28,33],"tags":[218,1224,1566,1579,1609],"class_list":["post-18043","post","type-post","status-publish","format-standard","hentry","category-strassenrennsport","category-rennsport","tag-strasse","tag-sauerlandrundfahrt","tag-1566","tag-rembe-rad-net","tag-miguel-heidemann","wp-image-borders","item-wrap"],"_links":{"self":[{"href":"https:\/\/radsportbezirk-westfalen-mitte.de\/wordpress\/wp-json\/wp\/v2\/posts\/18043","targetHints":{"allow":["GET"]}}],"collection":[{"href":"https:\/\/radsportbezirk-westfalen-mitte.de\/wordpress\/wp-json\/wp\/v2\/posts"}],"about":[{"href":"https:\/\/radsportbezirk-westfalen-mitte.de\/wordpress\/wp-json\/wp\/v2\/types\/post"}],"author":[{"embeddable":true,"href":"https:\/\/radsportbezirk-westfalen-mitte.de\/wordpress\/wp-json\/wp\/v2\/users\/1"}],"replies":[{"embeddable":true,"href":"https:\/\/radsportbezirk-westfalen-mitte.de\/wordpress\/wp-json\/wp\/v2\/comments?post=18043"}],"version-history":[{"count":1,"href":"https:\/\/radsportbezirk-westfalen-mitte.de\/wordpress\/wp-json\/wp\/v2\/posts\/18043\/revisions"}],"predecessor-version":[{"id":18045,"href":"https:\/\/radsportbezirk-westfalen-mitte.de\/wordpress\/wp-json\/wp\/v2\/posts\/18043\/revisions\/18045"}],"wp:attachment":[{"href":"https:\/\/radsportbezirk-westfalen-mitte.de\/wordpress\/wp-json\/wp\/v2\/media?parent=18043"}],"wp:term":[{"taxonomy":"category","embeddable":true,"href":"https:\/\/radsportbezirk-westfalen-mitte.de\/wordpress\/wp-json\/wp\/v2\/categories?post=18043"},{"taxonomy":"post_tag","embeddable":true,"href":"https:\/\/radsportbezirk-westfalen-mitte.de\/wordpress\/wp-json\/wp\/v2\/tags?post=18043"}],"curies":[{"name":"wp","href":"https:\/\/api.w.org\/{rel}","templated":true}]}}