{"id":17865,"date":"2026-04-27T12:14:28","date_gmt":"2026-04-27T10:14:28","guid":{"rendered":"https:\/\/radsportbezirk-westfalen-mitte.de\/wordpress\/?p=17865"},"modified":"2026-04-27T12:18:39","modified_gmt":"2026-04-27T10:18:39","slug":"petry-siegt-bei-bundesliga-in-trier-heidemann-gewinnt-bergtrikot-bei-vuelta-asturias","status":"publish","type":"post","link":"https:\/\/radsportbezirk-westfalen-mitte.de\/wordpress\/17865\/","title":{"rendered":"Petry siegt bei Bundesliga in Trier &#8211; Heidemann gewinnt Bergtrikot bei Vuelta Asturias"},"content":{"rendered":"<p>Das Team <em>REMBE | rad-net<\/em> hat seinen zweiten Sieg in Folge bei der <em><strong>\u00abM\u00fcller \u2013 Die lila Logistik Rad-Bundesliga\u00bb<\/strong><\/em> gefeiert. Nach dem Erfolg von Pepe Albrecht in Schweigen am Vortag, triumphierte nun Paul-Felix Petry beim Wertungsrennen in Trier. Au\u00dferdem sicherte sich Miguel Heidemann das Bergtrikot bei der<strong><em> Vuelta Asturias<\/em><\/strong> (UCI 2.1) in Spanien.<!--more--><\/p>\n<p>Petry hatte sich in Trier schon nach rund 30 Kilometern mit zwei weiteren Fahrern vom Feld abgesetzt, etwa zur Rennh\u00e4lfte schloss noch ein vierter auf. Das Quartett baute seinen Vorsprung stetig auf \u00fcber zweieinhalb Minuten aus und machte nach 125 Kilometern, die auf einem knapp acht Kilometer langen Rundkurs gefahren wurden, den Sieg unter sich aus. Am letzten Berg hatte Fausto Penna (Lotto-Kern-Haus-Outlet Montabaur) attackiert, aber Petry blieb dran und siegte im Sprint knapp vor seinem Ausrei\u00dferkollegen. Auch in der Gesamtwertung ist<em> REMBE | rad-net<\/em> nun auf Podestkurs. Als Tagesf\u00fcnfter konnte sich Julian Borresch auf den dritten Platz des Gesamtklassements verbessern.<\/p>\n<p>\u00abDas ist mein erster gr\u00f6\u00dferer Erfolg in der Elite-Klasse. Der Sieg bedeutet mir sehr viel, da ich so auch meine langfristige Entwicklung zeigen konnte\u00bb, freute sich Albrecht gestern nach dem Rennen. \u00c4hnlich klang es bei Petry, der genauso wie Albrecht erst 19 Jahre alt ist: \u00abIch freue mich nat\u00fcrlich riesig \u00fcber den Sieg. Ich w\u00fcrde auf jeden Fall sagen, dass das mein erster gro\u00dfer Erfolg in der Elite-Klasse ist. Die Form ist seit Anfang der Saison stetig besser geworden und es gab immer wieder Anzeichen, dass es in die richtige Richtung geht. Es f\u00fchlt sich gut an, dass ich meine Leistung jetzt in so ein Ergebnis umsetzen konnte.\u00bb<\/p>\n<p>Auch die <em>Vuelta Asturias<\/em> ist f\u00fcr <em>REMBE | rad-net<\/em> erfolgreich zu Ende gegangen. Auf der letzten Etappe, die \u00fcber 152 Kilometer von Lugones nach Oviedo f\u00fchrte, konnte Heidemann sein Bergtrikot verteidigen. Au\u00dferdem konnte Jermaine Zemke wieder mit den st\u00e4rksten Fahrern \u00fcber die Berge mithalten und spurtete noch einmal auf einen guten zehnten Platz. In der Gesamtwertung belegte Johannes Adamietz bei der sehr stark besetzten Rundfahrt, die vom ehemaligen Giro- und Vuelta-Gesamtsieger Nairo Quintana (Movistar) gewonnen wurde, den 15. Platz.<\/p>\n<p>\u00abDamit sind wir mehr als zufrieden. Die Jungs konnten sich gegen\u00fcber den gro\u00dfen WorldTour- und ProTeams stark pr\u00e4sentieren und ihr K\u00f6nnen eindrucksvoll zeigen. Wir mit dem Ziel hierhergekommen, auf einer Etappe ein Spitzenresultat einzufahren und im Gesamtklassement die Top-15 zu erreichen. Miguel wurde einmal Tageszweiter und holte das Bergtrikot, Jermaine wurde einmal Dritter. Dazu konnte Johannes, trotz seines Sturzes auf der ersten Etappe, die Rundfahrt auf Platz 15 beenden, Jermaine wurde obendrein 20.\u00bb<\/p>\n<p>&nbsp;<\/p>\n<p>&nbsp;<\/p>\n<p style=\"text-align: center;\"><img loading=\"lazy\" decoding=\"async\" class=\"aligncenter\" src=\"https:\/\/radsportbezirk-westfalen-mitte.de\/wordpress\/wp-content\/uploads\/2026\/04\/petry-trier26.jpg\" alt=\"Paul-Felix Petry siegte bei der Rad-Bundesliga in Trier. (Foto: Mario Stiehl\/REMBE | rad-net)\" width=\"500\" height=\"333\" border=\"1\" \/><br \/>\n<em>Paul-Felix Petry siegte bei der Rad-Bundesliga in Trier.<br \/>\n(Foto: Mario Stiehl\/<\/em>REMBE | rad-net<em><i>)<\/i><\/em><\/p>\n<p>&nbsp;<\/p>\n<p>&nbsp;<\/p>\n<p>&nbsp;<\/p>\n<p>&nbsp;<\/p>\n<p>&nbsp;<\/p>\n","protected":false},"excerpt":{"rendered":"<p>Das Team REMBE | rad-net hat seinen zweiten Sieg in Folge bei der \u00abM\u00fcller \u2013 Die lila Logistik Rad-Bundesliga\u00bb gefeiert. Nach dem Erfolg von Pepe Albrecht in Schweigen am Vortag, triumphierte nun Paul-Felix Petry beim Wertungsrennen in Trier. Au\u00dferdem sicherte sich Miguel Heidemann das Bergtrikot bei der Vuelta Asturias (UCI 2.1) in Spanien.<\/p><p><a class=\"more-link btn\" href=\"https:\/\/radsportbezirk-westfalen-mitte.de\/wordpress\/17865\/\">Weiterlesen<\/a><\/p>\n","protected":false},"author":1,"featured_media":0,"comment_status":"closed","ping_status":"closed","sticky":false,"template":"","format":"standard","meta":{"footnotes":""},"categories":[33,28],"tags":[1258,1338,1566,1579,1580,1589,1593,1609,1637,1739,218],"class_list":["post-17865","post","type-post","status-publish","format-standard","hentry","category-rennsport","category-strassenrennsport","tag-johannes-adamietz","tag-julian-borresch","tag-1566","tag-rembe-rad-net","tag-pepe-albrecht","tag-paul-felix-petry","tag-jermaine-zemke","tag-miguel-heidemann","tag-mueller-die-lila-logistik-rad-bundesliga","tag-vuelta-asturias","tag-strasse","wp-image-borders","item-wrap"],"_links":{"self":[{"href":"https:\/\/radsportbezirk-westfalen-mitte.de\/wordpress\/wp-json\/wp\/v2\/posts\/17865","targetHints":{"allow":["GET"]}}],"collection":[{"href":"https:\/\/radsportbezirk-westfalen-mitte.de\/wordpress\/wp-json\/wp\/v2\/posts"}],"about":[{"href":"https:\/\/radsportbezirk-westfalen-mitte.de\/wordpress\/wp-json\/wp\/v2\/types\/post"}],"author":[{"embeddable":true,"href":"https:\/\/radsportbezirk-westfalen-mitte.de\/wordpress\/wp-json\/wp\/v2\/users\/1"}],"replies":[{"embeddable":true,"href":"https:\/\/radsportbezirk-westfalen-mitte.de\/wordpress\/wp-json\/wp\/v2\/comments?post=17865"}],"version-history":[{"count":2,"href":"https:\/\/radsportbezirk-westfalen-mitte.de\/wordpress\/wp-json\/wp\/v2\/posts\/17865\/revisions"}],"predecessor-version":[{"id":17868,"href":"https:\/\/radsportbezirk-westfalen-mitte.de\/wordpress\/wp-json\/wp\/v2\/posts\/17865\/revisions\/17868"}],"wp:attachment":[{"href":"https:\/\/radsportbezirk-westfalen-mitte.de\/wordpress\/wp-json\/wp\/v2\/media?parent=17865"}],"wp:term":[{"taxonomy":"category","embeddable":true,"href":"https:\/\/radsportbezirk-westfalen-mitte.de\/wordpress\/wp-json\/wp\/v2\/categories?post=17865"},{"taxonomy":"post_tag","embeddable":true,"href":"https:\/\/radsportbezirk-westfalen-mitte.de\/wordpress\/wp-json\/wp\/v2\/tags?post=17865"}],"curies":[{"name":"wp","href":"https:\/\/api.w.org\/{rel}","templated":true}]}}