{"id":17862,"date":"2026-04-26T11:35:28","date_gmt":"2026-04-26T09:35:28","guid":{"rendered":"https:\/\/radsportbezirk-westfalen-mitte.de\/wordpress\/?p=17862"},"modified":"2026-04-27T12:19:39","modified_gmt":"2026-04-27T10:19:39","slug":"albrecht-holt-sieg-bei-rad-bundesliga-in-schweigen-zemke-tagesdritter-bei-vuelta-asturias","status":"publish","type":"post","link":"https:\/\/radsportbezirk-westfalen-mitte.de\/wordpress\/17862\/","title":{"rendered":"Albrecht holt Sieg bei Rad-Bundesliga in Schweigen &#8211; Zemke Tagesdritter bei Vuelta Asturias"},"content":{"rendered":"<p>Erfolgreicher Renntag f\u00fcr das Team <em>REMBE | rad-net<\/em>: Beim Lauf der <strong><em>\u00abM\u00fcller \u2013 Die lila Logistik Rad-Bundesliga\u00bb<\/em><\/strong> im Rahmen des Gro\u00dfen Preises der S\u00fcdlichen Weinstra\u00dfe holte Pepe Albrecht den Sieg. Auch bei der <strong><em>Vuelta Asturias<\/em><\/strong> (UCI 2.1) in Spanien \u00fcberzeugte das Team mit einem Podestplatz durch Jermaine Zemke und der \u00dcbernahme des Bergtrikots durch Miguel Heidemann.<!--more--><\/p>\n<p>Das 149 Kilometer lange Rennen mit Start und Ziel am Deutschen Weintor in Schweigen war eher ein ereignisarmes, was aber auch an dem hohen Tempo lag, welches das Peloton vorlegte. Etwa 40 Kilometer vor dem Ziel konnten sich dennoch zwei Fahrer absetzen und bis zu 1:15 Minuten Vorsprung herausholen. Als es ins Finale ging, setzte sich unter anderem <em>REMBE | rad-net<\/em> an die Spitze des Feldes. Unter ihrem Tempodiktat schrumpfte der Vorsprung der beiden Angreifer schnell zusammen, aber auch das Feld dezimierte sich erheblich. Im Sprint dieses kleinen Feldes war Albrecht dann vor Eike Behrens (Lotto-Kern-Haus-Outlet Montabaur) und Linus Scheitinger (MaxSolar-Raymon) am schnellsten.<\/p>\n<p>Zemke hatte sich auf der heutigen Etappe in Spanien einiges ausgerechnet. Aber auch zuvor bestimmte das sauerl\u00e4ndische Continental-Team die 157 Kilometer lange K\u00f6nigsetappe mit. Heidemann hatte den Sprung in die Ausrei\u00dfergruppe des Tages geschafft und sammelte dort genug Punkte, um das Bergtrikot zu \u00fcbernehmen. Im Finale konnte sich ein Fahrer vom Feld absetzen und feierte einen Solosieg. Hinter UAE-Profi Filippo Baroncini spurtete Zemke auf den dritten Platz. \u00abIch habe mich gut gef\u00fchlt, aber die Anstiege waren schon die H\u00f6lle f\u00fcr mich. Aber ich habe mich durchgequ\u00e4lt, weil ich daran geglaubt habe, es ins Finale zu schaffen. Am Ende hat mich meine Willensst\u00e4rke dorthin gebracht\u00bb, sagte Zemke nach der Etappe. \u00abWir haben wieder ein Top-Ergebnis erzielt und uns mannschaftlich stark pr\u00e4sentiert. Wir haben unseren Plan voll umsetzen k\u00f6nnen.\u00bb Vor der morgigen Schlussetappe der stark besetzten Rundfahrt rangiert au\u00dferdem <em>REMBE | rad-net<\/em>-Fahrer Johannes Adamietz als bester Deutscher auf dem 15. Platz.<\/p>\n<p>Morgen steht f\u00fcr <em>REMBE | rad-net<\/em> mit dem Gro\u00dfen Preis der Stadt Trier ein weiteres Bundesligarennen auf dem Programm und bei der<em> Vuelta Asturias<\/em> rollt die Schlussetappe.<\/p>\n<p>&nbsp;<\/p>\n<p style=\"text-align: center;\"><img loading=\"lazy\" decoding=\"async\" class=\"aligncenter\" src=\"https:\/\/radsportbezirk-westfalen-mitte.de\/wordpress\/wp-content\/uploads\/2026\/04\/schweigen26.jpg\" alt=\"Pepe Albrecht (Mitte) gewann das Bundesligarennen in Schweigen. (Foto: REMBE | rad-net)\" width=\"500\" height=\"375\" border=\"1\" \/><br \/>\n<em>Pepe Albrecht (Mitte) gewann das Bundesligarennen in Schweigen.<br \/>\n(Foto: <\/em>REMBE | rad-net<em>)<\/em><\/p>\n<p>&nbsp;<\/p>\n<p>&nbsp;<\/p>\n<p>&nbsp;<\/p>\n<p>&nbsp;<\/p>\n<p>&nbsp;<\/p>\n","protected":false},"excerpt":{"rendered":"<p>Erfolgreicher Renntag f\u00fcr das Team REMBE | rad-net: Beim Lauf der \u00abM\u00fcller \u2013 Die lila Logistik Rad-Bundesliga\u00bb im Rahmen des Gro\u00dfen Preises der S\u00fcdlichen Weinstra\u00dfe holte Pepe Albrecht den Sieg. Auch bei der Vuelta Asturias (UCI 2.1) in Spanien \u00fcberzeugte das Team mit einem Podestplatz durch Jermaine Zemke und der \u00dcbernahme des Bergtrikots durch Miguel &hellip; <\/p>\n<p><a class=\"more-link btn\" href=\"https:\/\/radsportbezirk-westfalen-mitte.de\/wordpress\/17862\/\">Weiterlesen<\/a><\/p>\n","protected":false},"author":1,"featured_media":0,"comment_status":"closed","ping_status":"closed","sticky":false,"template":"","format":"standard","meta":{"footnotes":""},"categories":[28,33],"tags":[1739,218,1258,1566,1579,1580,1593,1609,1637],"class_list":["post-17862","post","type-post","status-publish","format-standard","hentry","category-strassenrennsport","category-rennsport","tag-vuelta-asturias","tag-strasse","tag-johannes-adamietz","tag-1566","tag-rembe-rad-net","tag-pepe-albrecht","tag-jermaine-zemke","tag-miguel-heidemann","tag-mueller-die-lila-logistik-rad-bundesliga","wp-image-borders","item-wrap"],"_links":{"self":[{"href":"https:\/\/radsportbezirk-westfalen-mitte.de\/wordpress\/wp-json\/wp\/v2\/posts\/17862","targetHints":{"allow":["GET"]}}],"collection":[{"href":"https:\/\/radsportbezirk-westfalen-mitte.de\/wordpress\/wp-json\/wp\/v2\/posts"}],"about":[{"href":"https:\/\/radsportbezirk-westfalen-mitte.de\/wordpress\/wp-json\/wp\/v2\/types\/post"}],"author":[{"embeddable":true,"href":"https:\/\/radsportbezirk-westfalen-mitte.de\/wordpress\/wp-json\/wp\/v2\/users\/1"}],"replies":[{"embeddable":true,"href":"https:\/\/radsportbezirk-westfalen-mitte.de\/wordpress\/wp-json\/wp\/v2\/comments?post=17862"}],"version-history":[{"count":1,"href":"https:\/\/radsportbezirk-westfalen-mitte.de\/wordpress\/wp-json\/wp\/v2\/posts\/17862\/revisions"}],"predecessor-version":[{"id":17864,"href":"https:\/\/radsportbezirk-westfalen-mitte.de\/wordpress\/wp-json\/wp\/v2\/posts\/17862\/revisions\/17864"}],"wp:attachment":[{"href":"https:\/\/radsportbezirk-westfalen-mitte.de\/wordpress\/wp-json\/wp\/v2\/media?parent=17862"}],"wp:term":[{"taxonomy":"category","embeddable":true,"href":"https:\/\/radsportbezirk-westfalen-mitte.de\/wordpress\/wp-json\/wp\/v2\/categories?post=17862"},{"taxonomy":"post_tag","embeddable":true,"href":"https:\/\/radsportbezirk-westfalen-mitte.de\/wordpress\/wp-json\/wp\/v2\/tags?post=17862"}],"curies":[{"name":"wp","href":"https:\/\/api.w.org\/{rel}","templated":true}]}}