{"id":17859,"date":"2026-04-24T11:57:04","date_gmt":"2026-04-24T09:57:04","guid":{"rendered":"https:\/\/radsportbezirk-westfalen-mitte.de\/wordpress\/?p=17859"},"modified":"2026-04-24T11:52:58","modified_gmt":"2026-04-24T09:52:58","slug":"heidemann-zweiter-beim-auftakt-der-vuelta-asturias","status":"publish","type":"post","link":"https:\/\/radsportbezirk-westfalen-mitte.de\/wordpress\/17859\/","title":{"rendered":"Heidemann Zweiter beim Auftakt der Vuelta Asturias"},"content":{"rendered":"<p>Zum Auftakt der<strong><em> Vuelta Asturias<\/em><\/strong> (UCI 2.1) ist Miguel Heidemann vom Team <em>REMBE | rad-net<\/em> auf einen starken zweiten Platz gespurtet. Damit liegt der 28-J\u00e4hrige aktuell auch auf dem zweiten Gesamtrang der stark besetzten Rundfahrt im Norden Spaniens.<!--more--><\/p>\n<p>Direkt nach dem Start der 140 Kilometer langen Etappe von Oviedo nach Benia de On\u00eds l\u00f6ste sich eine 13-k\u00f6pfige Spitzengruppe. Mit dabei war neben Heidemann auch sein junger Teamkollege Jermaine Zemke. Urspr\u00fcnglich stand etwa zur H\u00e4lfte des Teilst\u00fccks ein fast sieben Kilometer langer Berg der ersten Kategorie auf dem Programm, doch aufgrund eines Unfalls auf der Strecke wurde der Berg gestrichen, sodass das Profil sich etwas entsch\u00e4rfte. Das spielte den Ausrei\u00dfern in die Karten. Am letzten Berg teilte sich die Gruppe. Vorne machten f\u00fcnf Fahrer um Heidemann den Sieg unter sich aus; Zemke konnte nicht folgen. Im Schlussspurt war nur der Franzose Gabriel Layrac (AVC Aix Provence-Dole) schneller als Heidemann, der knapp geschlagen als Zweiter den Zielstrich \u00fcberquerte. Zemke kam als Elfter ins Ziel.<\/p>\n<p>\u00abMit dem zweiten Platz bin ich auf alle F\u00e4lle zufrieden. Man m\u00f6chte nat\u00fcrlich immer gewinnen, aber wir haben uns bei dieser Rundfahrt Spitzenergebnisse als Ziel gesetzt und dazu z\u00e4hlt definitiv ein zweiter Platz\u00bb, sagte Heidemann nach der Etappe. \u00abSchade, dass es Jermaine nicht mit \u00fcber den Berg geschafft hat. Wir haben versucht, das Tempo in der Gruppe ruhig zu halten, aber der Anstieg war dann doch leider etwas zu steil f\u00fcr ihn.\u00bb<\/p>\n<p>Im Gesamtklassement liegt Heidemann auf Rang zwei mit drei Sekunden R\u00fcckstand hinter Etappensieger Layrac. Zemke, der unterwegs auch Bonussekunden einfahren konnte, rangiert auf dem sechsten Platz mit 40 Sekunden R\u00fcckstand.<\/p>\n<p>Die morgige zweite Etappe der viert\u00e4gigen Rundfahrt f\u00fchrt \u00fcber 141 Kilometer von Llanes nach Pola de Lena. Die erste Rennh\u00e4lfte f\u00fchrt \u00fcber eher flaches Terrain, danach m\u00fcssen von denn Rennfahrern vier Anstiege, darunter auch einer der ersten Kategorie, bew\u00e4ltigt werden. Am Start der Vuelta Asturias sind mit UAE Emirates-XRG und Movistar auch zwei WorldTour-Mannschaften.<\/p>\n<p>&nbsp;<\/p>\n<p><span style=\"color: #339966;\"><em><strong>Das Team <\/strong><\/em><strong>REMBE | rad-net<\/strong><em><strong> bei der Vuelta Asturias (UCI 2.1)<\/strong><\/em><\/span><br \/>\nJohannes Adamietz, Mauro Brenner, Miguel Heidemann, Ole Theiler, Jermaine Zemke<br \/>\n<em><strong>Sportliche Leitung:<\/strong><\/em> Fabian Peplau<\/p>\n<p>&nbsp;<\/p>\n<p style=\"text-align: center;\"><img loading=\"lazy\" decoding=\"async\" class=\"aligncenter\" src=\"https:\/\/radsportbezirk-westfalen-mitte.de\/wordpress\/wp-content\/uploads\/2026\/04\/heidemann-mallorca26.jpg\" alt=\"Miguel Heidemann in Aktion. (Foto: Mario Stiehl\/REMBE | rad-net)\" width=\"500\" height=\"333\" border=\"1\" \/><br \/>\n<i>Miguel Heidemann in Aktion.<br \/>\n(Foto: Mario Stiehl\/<\/i>REMBE | rad-net<i>)<\/i><\/p>\n<p>&nbsp;<\/p>\n<p>&nbsp;<\/p>\n<p>&nbsp;<\/p>\n<p>&nbsp;<\/p>\n<p>&nbsp;<\/p>\n","protected":false},"excerpt":{"rendered":"<p>Zum Auftakt der Vuelta Asturias (UCI 2.1) ist Miguel Heidemann vom Team REMBE | rad-net auf einen starken zweiten Platz gespurtet. Damit liegt der 28-J\u00e4hrige aktuell auch auf dem zweiten Gesamtrang der stark besetzten Rundfahrt im Norden Spaniens.<\/p><p><a class=\"more-link btn\" href=\"https:\/\/radsportbezirk-westfalen-mitte.de\/wordpress\/17859\/\">Weiterlesen<\/a><\/p>\n","protected":false},"author":1,"featured_media":0,"comment_status":"closed","ping_status":"closed","sticky":false,"template":"","format":"standard","meta":{"footnotes":""},"categories":[45],"tags":[218,1258,1332,1566,1579,1593,1609,1691,1739],"class_list":["post-17859","post","type-post","status-publish","format-standard","hentry","category-allgemein","tag-strasse","tag-johannes-adamietz","tag-ole-theiler","tag-1566","tag-rembe-rad-net","tag-jermaine-zemke","tag-miguel-heidemann","tag-mauro-brenner","tag-vuelta-asturias","wp-image-borders","item-wrap"],"_links":{"self":[{"href":"https:\/\/radsportbezirk-westfalen-mitte.de\/wordpress\/wp-json\/wp\/v2\/posts\/17859","targetHints":{"allow":["GET"]}}],"collection":[{"href":"https:\/\/radsportbezirk-westfalen-mitte.de\/wordpress\/wp-json\/wp\/v2\/posts"}],"about":[{"href":"https:\/\/radsportbezirk-westfalen-mitte.de\/wordpress\/wp-json\/wp\/v2\/types\/post"}],"author":[{"embeddable":true,"href":"https:\/\/radsportbezirk-westfalen-mitte.de\/wordpress\/wp-json\/wp\/v2\/users\/1"}],"replies":[{"embeddable":true,"href":"https:\/\/radsportbezirk-westfalen-mitte.de\/wordpress\/wp-json\/wp\/v2\/comments?post=17859"}],"version-history":[{"count":1,"href":"https:\/\/radsportbezirk-westfalen-mitte.de\/wordpress\/wp-json\/wp\/v2\/posts\/17859\/revisions"}],"predecessor-version":[{"id":17861,"href":"https:\/\/radsportbezirk-westfalen-mitte.de\/wordpress\/wp-json\/wp\/v2\/posts\/17859\/revisions\/17861"}],"wp:attachment":[{"href":"https:\/\/radsportbezirk-westfalen-mitte.de\/wordpress\/wp-json\/wp\/v2\/media?parent=17859"}],"wp:term":[{"taxonomy":"category","embeddable":true,"href":"https:\/\/radsportbezirk-westfalen-mitte.de\/wordpress\/wp-json\/wp\/v2\/categories?post=17859"},{"taxonomy":"post_tag","embeddable":true,"href":"https:\/\/radsportbezirk-westfalen-mitte.de\/wordpress\/wp-json\/wp\/v2\/tags?post=17859"}],"curies":[{"name":"wp","href":"https:\/\/api.w.org\/{rel}","templated":true}]}}