{"id":17856,"date":"2026-04-23T11:22:02","date_gmt":"2026-04-23T09:22:02","guid":{"rendered":"https:\/\/radsportbezirk-westfalen-mitte.de\/wordpress\/?p=17856"},"modified":"2026-04-24T11:35:46","modified_gmt":"2026-04-24T09:35:46","slug":"rembe-rad-net-fahrer-starten-bei-vuelta-asturias-rad-bundesliga-und-bahn-weltcup","status":"publish","type":"post","link":"https:\/\/radsportbezirk-westfalen-mitte.de\/wordpress\/17856\/","title":{"rendered":"REMBE | rad-net-Fahrer starten bei Vuelta Asturias, Rad-Bundesliga und Bahn-Weltcup"},"content":{"rendered":"<p>Die Rennfahrer des Teams <em>REMBE | rad-net<\/em> sind in den kommenden Tagen wieder bei mehreren Rennen im Einsatz. Ein Teil startet in Spanien bei der <strong><em>Vuelta Asturias<\/em><\/strong> (UCI 2.1), ein anderer Teil f\u00e4hrt bei zwei Rennen der <strong><em>Rad-Bundesliga<\/em><\/strong> und f\u00fcnf weitere Fahrerinnen und Fahrer sind noch mit der deutschen Nationalmannschaft beim<strong><em> Weltcup<\/em><\/strong> in Nilai in Malaysia.<!--more--><\/p>\n<p>Bei der 68. Auflage der <strong><em>Vuelta Asturias<\/em><\/strong> f\u00fchren die ersten drei Etappen \u00fcber bergiges Terrain, lediglich die letzte Etappe wird etwas einfacher vom Profil. Deshalb ist <em>REMBE | rad-net<\/em> dort auch mit seinen bergfesten Fahrern um die beiden Kletterspezialisten Johannes Adamietz und Mauro Brenner am Start. Unterst\u00fctzt werden sie von Miguel Heidemann, Ole Theiler und Jermaine Zemke. Das sauerl\u00e4ndische Continental-Team trifft dort unter anderem auf Fahrer der WorldTour-Mannschaften UAE Emirates-XRG und Movistar sowie der vier spanischen ProTeams.<\/p>\n<p>Die <strong><em>\u00abM\u00fcller \u2013 Die lila Logistik Rad-Bundesliga\u00bb<\/em><\/strong> rollt an diesem Wochenende in Schweigen und Trier. W\u00e4hrend das 116 Kilometer lange Rennen rund um Trier erstmals Teil der nationalen Rennserie ist, konnte das Team <em>REMBE | rad-net<\/em> vergangenes Jahr beim Gro\u00dfen Preis der S\u00fcdlichen Weinstra\u00dfe mit Ole Theiler den Sieg feiern. Da er in Spanien im Einsatz ist, wollen seine Teamkollegen &#8211; wie etwa der Vierte des Bundesliga-Auftaktes auf dem Sachsenring Julian Borresch &#8211; in die Bresche springen. Das Rennen f\u00fchrt auf seinen 149 Kilometern auch \u00fcber ungeteerte Feldwege und macht einen kleinen Abstecher nach Frankreich.<\/p>\n<p>Am kommenden Wochenende findet au\u00dferdem der dritte und letzte <strong><em>Bahn-Weltcup in Nilai<\/em><\/strong> statt. Tobias Buck-Gramcko und Max-David Briese gehen im Vierer an den Start. F\u00fcr Buck-Gramcko ist es der erste Renneinsatz seit dem schlimmen Trainingsunfall der deutschen Nationalmannschaft auf Mallorca Ende Januar 2025. Briese tritt dar\u00fcber hinaus auch im Omnium an. Roger Kluge startet im Zweiermannschaftsfahren gemeinsam mit Moritz Augenstein (RSV Irschenberg) sowie im Ausscheidungsfahren. Hannah Kunz und Selma Lantzsch bestreiten bei ihrem Weltcup-Deb\u00fct die Mannschaftsverfolgung.<\/p>\n<p>&nbsp;<\/p>\n<p><span style=\"color: #339966;\"><em><strong>Das Team <\/strong><\/em><strong>REMBE | rad-net<\/strong><em><strong> bei der Vuelta Asturias (UCI 2.1)<\/strong><\/em><\/span><br \/>\nJohannes Adamietz, Mauro Brenner, Miguel Heidemann, Ole Theiler, Jermaine Zemke<br \/>\n<strong><em>Sportliche Leitung<\/em><\/strong>: Fabian Peplau<\/p>\n<p><span style=\"color: #339966;\"><em><strong>Das Team <\/strong><\/em><strong>REMBE | rad-net<\/strong><em><strong> bei der Rad-Bundesliga in Schweigen und Trier<\/strong><\/em><\/span><br \/>\nPepe Albrecht, Leon Arenz, Moritz Binder, Julian Borresch, Benjamin Boos, Paul-Felix Petry, Victor Wedekind<br \/>\n<strong><em>Sportliche Leitung<\/em><\/strong>: Lucas Li\u00df<\/p>\n<p><span style=\"color: #339966;\"><strong><em>Die <\/em>REMBE | rad-net<em>-Rennfahrerinnen und Rennfahrer beim Bahn-Weltcup in Nilai<\/em><\/strong><\/span><br \/>\nMax-David Briese, Tobias Buck-Gramcko, Roger Kluge, Hannah Kunz, Selma Lantzsch<br \/>\n<strong><em>Bundestrainer<\/em><\/strong>: Andr\u00e9 Korff, Lucas Sch\u00e4dlich<\/p>\n<p>&nbsp;<\/p>\n<p>&nbsp;<\/p>\n<p style=\"text-align: center;\"><img loading=\"lazy\" decoding=\"async\" class=\"aligncenter\" src=\"https:\/\/radsportbezirk-westfalen-mitte.de\/wordpress\/wp-content\/uploads\/2026\/04\/rrn-mallorca26-2.jpg\" alt=\"Das Team REMBE | rad-net ist bei mehreren Rennen im Einsatz. (Foto: Mario Stiehl\/REMBE | rad-net)\" width=\"500\" height=\"333\" border=\"1\" \/><br \/>\n<i>Das Team <\/i>REMBE | rad-net<i> ist bei mehreren Rennen im Einsatz.<br \/>\n(Foto: Mario Stiehl\/<\/i>REMBE | rad-net<i>)<\/i><\/p>\n<p>&nbsp;<\/p>\n<p>&nbsp;<\/p>\n<p>&nbsp;<\/p>\n<p>&nbsp;<\/p>\n<p>&nbsp;<\/p>\n","protected":false},"excerpt":{"rendered":"<p>Die Rennfahrer des Teams REMBE | rad-net sind in den kommenden Tagen wieder bei mehreren Rennen im Einsatz. Ein Teil startet in Spanien bei der Vuelta Asturias (UCI 2.1), ein anderer Teil f\u00e4hrt bei zwei Rennen der Rad-Bundesliga und f\u00fcnf weitere Fahrerinnen und Fahrer sind noch mit der deutschen Nationalmannschaft beim Weltcup in Nilai in &hellip; <\/p>\n<p><a class=\"more-link btn\" href=\"https:\/\/radsportbezirk-westfalen-mitte.de\/wordpress\/17856\/\">Weiterlesen<\/a><\/p>\n","protected":false},"author":1,"featured_media":0,"comment_status":"closed","ping_status":"closed","sticky":false,"template":"","format":"standard","meta":{"footnotes":""},"categories":[45],"tags":[1627,218,1637,1258,1691,1332,1698,1338,1704,1566,1711,1579,1739,1580,1740,1581,1741,1582,1742,1583,1584,1588,1589,1593,1609],"class_list":["post-17856","post","type-post","status-publish","format-standard","hentry","category-allgemein","tag-max-david-briese","tag-strasse","tag-mueller-die-lila-logistik-rad-bundesliga","tag-johannes-adamietz","tag-mauro-brenner","tag-ole-theiler","tag-victor-wedekind","tag-julian-borresch","tag-hannah-kunz","tag-1566","tag-selma-lantzsch","tag-rembe-rad-net","tag-vuelta-asturias","tag-pepe-albrecht","tag-bahn-weltcup","tag-leon-arenz","tag-nilai","tag-moritz-binder","tag-malaysia","tag-benjamin-boos","tag-tobias-buck-gramcko","tag-roger-kluge","tag-paul-felix-petry","tag-jermaine-zemke","tag-miguel-heidemann","wp-image-borders","item-wrap"],"_links":{"self":[{"href":"https:\/\/radsportbezirk-westfalen-mitte.de\/wordpress\/wp-json\/wp\/v2\/posts\/17856","targetHints":{"allow":["GET"]}}],"collection":[{"href":"https:\/\/radsportbezirk-westfalen-mitte.de\/wordpress\/wp-json\/wp\/v2\/posts"}],"about":[{"href":"https:\/\/radsportbezirk-westfalen-mitte.de\/wordpress\/wp-json\/wp\/v2\/types\/post"}],"author":[{"embeddable":true,"href":"https:\/\/radsportbezirk-westfalen-mitte.de\/wordpress\/wp-json\/wp\/v2\/users\/1"}],"replies":[{"embeddable":true,"href":"https:\/\/radsportbezirk-westfalen-mitte.de\/wordpress\/wp-json\/wp\/v2\/comments?post=17856"}],"version-history":[{"count":1,"href":"https:\/\/radsportbezirk-westfalen-mitte.de\/wordpress\/wp-json\/wp\/v2\/posts\/17856\/revisions"}],"predecessor-version":[{"id":17857,"href":"https:\/\/radsportbezirk-westfalen-mitte.de\/wordpress\/wp-json\/wp\/v2\/posts\/17856\/revisions\/17857"}],"wp:attachment":[{"href":"https:\/\/radsportbezirk-westfalen-mitte.de\/wordpress\/wp-json\/wp\/v2\/media?parent=17856"}],"wp:term":[{"taxonomy":"category","embeddable":true,"href":"https:\/\/radsportbezirk-westfalen-mitte.de\/wordpress\/wp-json\/wp\/v2\/categories?post=17856"},{"taxonomy":"post_tag","embeddable":true,"href":"https:\/\/radsportbezirk-westfalen-mitte.de\/wordpress\/wp-json\/wp\/v2\/tags?post=17856"}],"curies":[{"name":"wp","href":"https:\/\/api.w.org\/{rel}","templated":true}]}}