{"id":17674,"date":"2025-10-07T08:00:30","date_gmt":"2025-10-07T06:00:30","guid":{"rendered":"https:\/\/radsportbezirk-westfalen-mitte.de\/wordpress\/?p=17674"},"modified":"2025-10-07T08:18:54","modified_gmt":"2025-10-07T06:18:54","slug":"rottmann-bester-deutscher-beim-muensterland-giro-albrecht-gewinnt-sprintwertung","status":"publish","type":"post","link":"https:\/\/radsportbezirk-westfalen-mitte.de\/wordpress\/17674\/","title":{"rendered":"Rottmann bester Deutscher beim M\u00fcnsterland-Giro &#8211; Albrecht gewinnt Sprintwertung"},"content":{"rendered":"<p>Beim letzten gro\u00dfen deutschen Stra\u00dfenrennen der Saison, dem Sparkassen M\u00fcnsterland-Giro (UCI 1.Pro) hat das Team <em>REMBE | rad-net<\/em> noch einmal mit guten Leistungen \u00fcberzeugt. Jonathan Rottmann war beim Sieg von Topfavorit Jasper Philipsen (Alpecin-Deceuninck) bester Deutscher und au\u00dferdem gewann Pepe Albrecht die Sprintwertung.<!--more--><\/p>\n<p>Ein Gro\u00dfteil des Rennens wurde von einer dreik\u00f6pfigen Spitzengruppe bestimmt, in der jedoch kein <em>REMBE | rad-net<\/em>-Fahrer vertreten war. Doch bereits 45 Kilometer vor dem Ziel wurden die Ausrei\u00dfer wieder eingeholt. Daraufhin kontrollierten die Teams der Sprinter das Tempo im Feld. Bei noch circa 20 zu fahrenden Kilometern stand die einzige Sprintwertung des Tages auf dem Programm. Albrecht griff von weit hinten an und setzte sich knapp durch.<\/p>\n<p>Nach 192 Kilometern fiel die Entscheidung um den Sieg im Massensprint. In dem hatte sich Rottmann gut positioniert und spurtete am Ende auf einen guten zw\u00f6lften Platz &#8211; und lie\u00df damit auch den ein oder anderen etablierten Profi hinter sich.<\/p>\n<p>&nbsp;<\/p>\n<p><img loading=\"lazy\" decoding=\"async\" class=\"aligncenter\" src=\"https:\/\/radsportbezirk-westfalen-mitte.de\/wordpress\/wp-content\/uploads\/2025\/10\/rottmann-ist25-1.jpg\" alt=\"Jonathan Rottmann spurtete beim M\u00fcnsterland-Giro auf Platz zw\u00f6lf. (Foto: Mario Stiehl)\" width=\"500\" height=\"375\" border=\"1\" \/><\/p>\n<p style=\"text-align: center;\"><i>Jonathan Rottmann spurtete beim M\u00fcnsterland-Giro auf Platz zw\u00f6lf.<br \/>\n(Foto: Mario Stiehl)<\/i><\/p>\n<p>&nbsp;<\/p>\n<p>&nbsp;<\/p>\n<p>&nbsp;<\/p>\n<p>&nbsp;<\/p>\n<p>&nbsp;<\/p>\n","protected":false},"excerpt":{"rendered":"<p>Beim letzten gro\u00dfen deutschen Stra\u00dfenrennen der Saison, dem Sparkassen M\u00fcnsterland-Giro (UCI 1.Pro) hat das Team REMBE | rad-net noch einmal mit guten Leistungen \u00fcberzeugt. Jonathan Rottmann war beim Sieg von Topfavorit Jasper Philipsen (Alpecin-Deceuninck) bester Deutscher und au\u00dferdem gewann Pepe Albrecht die Sprintwertung.<\/p><p><a class=\"more-link btn\" href=\"https:\/\/radsportbezirk-westfalen-mitte.de\/wordpress\/17674\/\">Weiterlesen<\/a><\/p>\n","protected":false},"author":1,"featured_media":0,"comment_status":"closed","ping_status":"closed","sticky":false,"template":"","format":"standard","meta":{"footnotes":""},"categories":[28,33],"tags":[218,427,1272,1579,1595],"class_list":["post-17674","post","type-post","status-publish","format-standard","hentry","category-strassenrennsport","category-rennsport","tag-strasse","tag-sparkassen-muensterland-giro","tag-jonathan-rottmann","tag-rembe-rad-net","tag-1595","wp-image-borders","item-wrap"],"_links":{"self":[{"href":"https:\/\/radsportbezirk-westfalen-mitte.de\/wordpress\/wp-json\/wp\/v2\/posts\/17674","targetHints":{"allow":["GET"]}}],"collection":[{"href":"https:\/\/radsportbezirk-westfalen-mitte.de\/wordpress\/wp-json\/wp\/v2\/posts"}],"about":[{"href":"https:\/\/radsportbezirk-westfalen-mitte.de\/wordpress\/wp-json\/wp\/v2\/types\/post"}],"author":[{"embeddable":true,"href":"https:\/\/radsportbezirk-westfalen-mitte.de\/wordpress\/wp-json\/wp\/v2\/users\/1"}],"replies":[{"embeddable":true,"href":"https:\/\/radsportbezirk-westfalen-mitte.de\/wordpress\/wp-json\/wp\/v2\/comments?post=17674"}],"version-history":[{"count":3,"href":"https:\/\/radsportbezirk-westfalen-mitte.de\/wordpress\/wp-json\/wp\/v2\/posts\/17674\/revisions"}],"predecessor-version":[{"id":17684,"href":"https:\/\/radsportbezirk-westfalen-mitte.de\/wordpress\/wp-json\/wp\/v2\/posts\/17674\/revisions\/17684"}],"wp:attachment":[{"href":"https:\/\/radsportbezirk-westfalen-mitte.de\/wordpress\/wp-json\/wp\/v2\/media?parent=17674"}],"wp:term":[{"taxonomy":"category","embeddable":true,"href":"https:\/\/radsportbezirk-westfalen-mitte.de\/wordpress\/wp-json\/wp\/v2\/categories?post=17674"},{"taxonomy":"post_tag","embeddable":true,"href":"https:\/\/radsportbezirk-westfalen-mitte.de\/wordpress\/wp-json\/wp\/v2\/tags?post=17674"}],"curies":[{"name":"wp","href":"https:\/\/api.w.org\/{rel}","templated":true}]}}