{"id":17604,"date":"2025-08-30T08:14:59","date_gmt":"2025-08-30T06:14:59","guid":{"rendered":"https:\/\/radsportbezirk-westfalen-mitte.de\/wordpress\/?p=17604"},"modified":"2025-08-30T08:44:02","modified_gmt":"2025-08-30T06:44:02","slug":"rembe-rad-net-startet-bei-bulgarien-rundfahrt","status":"publish","type":"post","link":"https:\/\/radsportbezirk-westfalen-mitte.de\/wordpress\/17604\/","title":{"rendered":"REMBE | rad-net startet bei Bulgarien-Rundfahrt"},"content":{"rendered":"<p>Ab dem morgigen Samstag ist das Team <em>REMBE | rad-net<\/em> wieder international unterwegs. Mit einem sechsk\u00f6pfigen Aufgebot startet das sauerl\u00e4ndische Team bei der 72. Auflage der <em>Tour of Bulgaria<\/em> (UCI 2.2).<!--more--><\/p>\n<p>Die <em>REMBE | rad-net<\/em>-Farben vertreten Leon Arenz, Moritz Binder, Julian Borresch, Felix Gro\u00df, Paul-Felix Petry und Jermaine Zemke. Zemke kommen die beiden Bergetappen am vierten und sechsten Tag entgegen, Fahrer wie Borresch und Arenz wollen das h\u00fcgelige Profil der anderen Teilst\u00fccke f\u00fcr sich nutzen. Gro\u00df, der nach l\u00e4ngerer Pause wieder ein internationales Rennen f\u00e4hrt, hat sich einiges f\u00fcr den Prolog vorgenommen.<\/p>\n<p>Die Rundfahrt geht \u00fcber insgesamt sechs Tage und beginnt mit einem 3,5 Kilometer langen Prolog in Primorsko. Die darauffolgenden f\u00fcnf Etappen f\u00fchren \u00fcber h\u00fcgeliges bis bergiges Terrain und sind zwischen 115 und 195 Kilometer lang. Das Ziel wird am Donnerstag in Sliven erreicht. Erst auf der Schlussetappe wird eine Entscheidung im Gesamtklassement erwartet.<\/p>\n<p>&nbsp;<\/p>\n<p><span style=\"color: #339966;\"><em><strong>Das Team <\/strong><\/em><strong>REMBE | rad-net<\/strong><em><strong> bei der Tour of Bulgaria (UCI 2.2):<\/strong><\/em><\/span><br \/>\nLeon Arenz, Moritz Binder, Julian Borresch, Felix Gro\u00df, Paul-Felix Petry, Jermaine Zemke<br \/>\n<strong><em>Sportliche Leitung:<\/em><\/strong> Fabian Peplau<\/p>\n<p>&nbsp;<\/p>\n<p style=\"text-align: center;\"><img decoding=\"async\" class=\"aligncenter\" src=\"https:\/\/radsportbezirk-westfalen-mitte.de\/wordpress\/wp-content\/uploads\/2025\/08\/rrn25-mallorca-3.jpg\" alt=\"Ab morgen ist das Team REMBE | rad-net in Bulgarien unterwegs. (Foto: Jannik Jan\u00dfen \/ REMBE | rad-net)\" width=\"500\" height=\"344.167\" border=\"1\" \/><br \/>\n<em>Ab morgen ist das Team <\/em>REMBE | rad-net<em> in Bulgarien unterwegs. <\/em><br \/>\n<em>(Foto: Jannik Jan\u00dfen \/ <\/em>REMBE | rad-net<em>)<\/em><\/p>\n<p>&nbsp;<\/p>\n<p>&nbsp;<\/p>\n<p>&nbsp;<\/p>\n<p>&nbsp;<\/p>\n<p>&nbsp;<\/p>\n","protected":false},"excerpt":{"rendered":"<p>Ab dem morgigen Samstag ist das Team REMBE | rad-net wieder international unterwegs. Mit einem sechsk\u00f6pfigen Aufgebot startet das sauerl\u00e4ndische Team bei der 72. Auflage der Tour of Bulgaria (UCI 2.2).<\/p><p><a class=\"more-link btn\" href=\"https:\/\/radsportbezirk-westfalen-mitte.de\/wordpress\/17604\/\">Weiterlesen<\/a><\/p>\n","protected":false},"author":1,"featured_media":0,"comment_status":"closed","ping_status":"closed","sticky":false,"template":"","format":"standard","meta":{"footnotes":""},"categories":[28,33],"tags":[1585,1589,1593,1595,1671,218,1338,1579,1581,1582],"class_list":["post-17604","post","type-post","status-publish","format-standard","hentry","category-strassenrennsport","category-rennsport","tag-felix-gross","tag-paul-felix-petry","tag-jermaine-zemke","tag-1595","tag-tour-of-bulgaria","tag-strasse","tag-julian-borresch","tag-rembe-rad-net","tag-leon-arenz","tag-moritz-binder","wp-image-borders","item-wrap"],"_links":{"self":[{"href":"https:\/\/radsportbezirk-westfalen-mitte.de\/wordpress\/wp-json\/wp\/v2\/posts\/17604","targetHints":{"allow":["GET"]}}],"collection":[{"href":"https:\/\/radsportbezirk-westfalen-mitte.de\/wordpress\/wp-json\/wp\/v2\/posts"}],"about":[{"href":"https:\/\/radsportbezirk-westfalen-mitte.de\/wordpress\/wp-json\/wp\/v2\/types\/post"}],"author":[{"embeddable":true,"href":"https:\/\/radsportbezirk-westfalen-mitte.de\/wordpress\/wp-json\/wp\/v2\/users\/1"}],"replies":[{"embeddable":true,"href":"https:\/\/radsportbezirk-westfalen-mitte.de\/wordpress\/wp-json\/wp\/v2\/comments?post=17604"}],"version-history":[{"count":2,"href":"https:\/\/radsportbezirk-westfalen-mitte.de\/wordpress\/wp-json\/wp\/v2\/posts\/17604\/revisions"}],"predecessor-version":[{"id":17607,"href":"https:\/\/radsportbezirk-westfalen-mitte.de\/wordpress\/wp-json\/wp\/v2\/posts\/17604\/revisions\/17607"}],"wp:attachment":[{"href":"https:\/\/radsportbezirk-westfalen-mitte.de\/wordpress\/wp-json\/wp\/v2\/media?parent=17604"}],"wp:term":[{"taxonomy":"category","embeddable":true,"href":"https:\/\/radsportbezirk-westfalen-mitte.de\/wordpress\/wp-json\/wp\/v2\/categories?post=17604"},{"taxonomy":"post_tag","embeddable":true,"href":"https:\/\/radsportbezirk-westfalen-mitte.de\/wordpress\/wp-json\/wp\/v2\/tags?post=17604"}],"curies":[{"name":"wp","href":"https:\/\/api.w.org\/{rel}","templated":true}]}}