{"id":17454,"date":"2025-03-27T07:13:31","date_gmt":"2025-03-27T06:13:31","guid":{"rendered":"https:\/\/radsportbezirk-westfalen-mitte.de\/wordpress\/?p=17454"},"modified":"2025-03-27T07:15:50","modified_gmt":"2025-03-27T06:15:50","slug":"gelungener-auftakt-bei-der-olympias-tour-heidemann-zweiter-fuehrung-in-der-mannschaftswertung","status":"publish","type":"post","link":"https:\/\/radsportbezirk-westfalen-mitte.de\/wordpress\/17454\/","title":{"rendered":"Gelungener Auftakt bei der Olympia&#8217;s Tour: Heidemann Zweiter &#8211; F\u00fchrung in der Mannschaftswertung"},"content":{"rendered":"<p>Dem Team <em>REMBE | rad-net<\/em> ist ein toller Auftakt bei der prestigetr\u00e4chtigen <em>Olympia&#8217;s Tour<\/em> (UCI 2.2) in den Niederlanden gelungen. Miguel Heidemann musste sich im Auftaktzeitfahren nur knapp geschlagen geben und wurde Zweiter, au\u00dferdem fuhr mit Bruno Ke\u00dfler ein weiterer <em>REMBE | rad-net<\/em>-Fahrer in die Top-Ten. <!--more--> Damit f\u00fchrt das Continental-Team aus dem Sauerland auch die Mannschaftswertung an.<\/p>\n<p>Heidemann legte die 10,9 Kilometer rund um Beltrum in 13:18 Minuten zur\u00fcck. Lediglich der Niederl\u00e4nder Tim Marsman (VolkerWessels) war f\u00fcnf Sekunden schneller als der <em>REMBE | rad-net<\/em>-Fahrer. Mit 21 Sekunden R\u00fcckstand wurde Ke\u00dfler Zehnter; Julian Borresch erzielte als 17. (+0:25) ebenfalls ein gutes Resultat.<\/p>\n<p>\u00abIch bin erst einmal mega dankbar und super happy, dass ich beim Team <em>REMBE | rad-net<\/em> weiterhin Radrennen fahren kann. Das ist nicht selbstverst\u00e4ndlich. Der Winter mit der Ungewissheit war nicht einfach\u00bb, sagte Heidemann im Ziel. \u00abIch freue mich auf die n\u00e4chsten Tage mit den Jungs. Wir sind ja alle relativ gut platziert und nehmen es nun von Tag zu Tag. Jeder wird seine Chance bekommen und versuchen zu zeigen, was wir als Mannschaft drauf haben.\u00bb<\/p>\n<p>In der Gesamtwertung liegen die Fahrer mit denselben Abst\u00e4nden auseinander. Heidemann wird morgen stellvertretend das Gr\u00fcne Trikot des besten Sprinters tragen. In der Mannschaftswertung f\u00fchrt <em>REMBE | rad-net<\/em> mit zwei Sekunden Vorsprung vor den beiden Development-Teams der beiden WorldTour-Mannschaften Decathlon-Ag2r und Lidl-Trek.<\/p>\n<p>Morgen steht die vom Profil her wohl anspruchsvollste Etappe der f\u00fcnft\u00e4gigen Rundfahrt auf dem Programm. Im Rahmen wird die sonst als Eintagesrennen bekannte Ronde van Limburg ausgetragen. Start und Ziel befinden sich in Beek. Auf den 173 Kilometern sind zahlreiche k\u00fcrzere, aber knackige Anstiege zu bew\u00e4ltigen, darunter auch der vom Amstel Gold Race ber\u00fchmte Cauberg.<\/p>\n<p>&nbsp;<\/p>\n<p><span style=\"color: #008000;\"><em><strong>Das Team <\/strong><\/em><strong>REMBE | rad-net <\/strong><em><strong>bei der <\/strong><\/em><strong>Olympia&#8217;s Tour <\/strong><em><strong>(UCI 2.2):<\/strong><\/em><\/span><br \/>\nLeon Arenz, Julian Borresch, Miguel Heidemann, Bruno Ke\u00dfler, Jon Knolle, Ole Theiler<br \/>\n<em><strong>Sportliche Leitung:<\/strong><\/em> Wolfgang Oschwald<\/p>\n<p>&nbsp;<\/p>\n<p>&nbsp;<\/p>\n<p align=\"center\"><img decoding=\"async\" class=\"aligncenter\" src=\"https:\/\/radsportbezirk-westfalen-mitte.de\/wordpress\/wp-content\/uploads\/2025\/03\/heidemann_ist25-1.jpg\" alt=\"Miguel Heidemann wurde Zweiter im Auftaktzeitfahren der Olympia's Tour. (Foto: Mario Stiehl \/ REMBE | rad-net)\" width=\"500\" height=\"332.917\" border=\"1\" \/><br \/>\n<em>Miguel Heidemann wurde Zweiter im Auftaktzeitfahren der <\/em>Olympia&#8217;s Tour.<em><br \/>\n(Foto: Mario Stiehl \/ <\/em>REMBE | rad-net<em>)<\/em><\/p>\n<p>&nbsp;<\/p>\n<p>&nbsp;<\/p>\n<p>&nbsp;<\/p>\n<p>&nbsp;<\/p>\n<p>&nbsp;<\/p>\n","protected":false},"excerpt":{"rendered":"<p>Dem Team REMBE | rad-net ist ein toller Auftakt bei der prestigetr\u00e4chtigen Olympia&#8217;s Tour (UCI 2.2) in den Niederlanden gelungen. Miguel Heidemann musste sich im Auftaktzeitfahren nur knapp geschlagen geben und wurde Zweiter, au\u00dferdem fuhr mit Bruno Ke\u00dfler ein weiterer REMBE | rad-net-Fahrer in die Top-Ten. <\/p><p><a class=\"more-link btn\" href=\"https:\/\/radsportbezirk-westfalen-mitte.de\/wordpress\/17454\/\">Weiterlesen<\/a><\/p>\n","protected":false},"author":1,"featured_media":0,"comment_status":"closed","ping_status":"closed","sticky":false,"template":"","format":"standard","meta":{"footnotes":""},"categories":[28,33],"tags":[1338,1579,1581,1587,1595,1609,1631,218,337,1332],"class_list":["post-17454","post","type-post","status-publish","format-standard","hentry","category-strassenrennsport","category-rennsport","tag-julian-borresch","tag-rembe-rad-net","tag-leon-arenz","tag-bruno-kessler","tag-1595","tag-miguel-heidemann","tag-olympias-tour","tag-strasse","tag-jon-knolle","tag-ole-theiler","wp-image-borders","item-wrap"],"_links":{"self":[{"href":"https:\/\/radsportbezirk-westfalen-mitte.de\/wordpress\/wp-json\/wp\/v2\/posts\/17454","targetHints":{"allow":["GET"]}}],"collection":[{"href":"https:\/\/radsportbezirk-westfalen-mitte.de\/wordpress\/wp-json\/wp\/v2\/posts"}],"about":[{"href":"https:\/\/radsportbezirk-westfalen-mitte.de\/wordpress\/wp-json\/wp\/v2\/types\/post"}],"author":[{"embeddable":true,"href":"https:\/\/radsportbezirk-westfalen-mitte.de\/wordpress\/wp-json\/wp\/v2\/users\/1"}],"replies":[{"embeddable":true,"href":"https:\/\/radsportbezirk-westfalen-mitte.de\/wordpress\/wp-json\/wp\/v2\/comments?post=17454"}],"version-history":[{"count":3,"href":"https:\/\/radsportbezirk-westfalen-mitte.de\/wordpress\/wp-json\/wp\/v2\/posts\/17454\/revisions"}],"predecessor-version":[{"id":17458,"href":"https:\/\/radsportbezirk-westfalen-mitte.de\/wordpress\/wp-json\/wp\/v2\/posts\/17454\/revisions\/17458"}],"wp:attachment":[{"href":"https:\/\/radsportbezirk-westfalen-mitte.de\/wordpress\/wp-json\/wp\/v2\/media?parent=17454"}],"wp:term":[{"taxonomy":"category","embeddable":true,"href":"https:\/\/radsportbezirk-westfalen-mitte.de\/wordpress\/wp-json\/wp\/v2\/categories?post=17454"},{"taxonomy":"post_tag","embeddable":true,"href":"https:\/\/radsportbezirk-westfalen-mitte.de\/wordpress\/wp-json\/wp\/v2\/tags?post=17454"}],"curies":[{"name":"wp","href":"https:\/\/api.w.org\/{rel}","templated":true}]}}