{"id":17440,"date":"2025-03-21T10:01:05","date_gmt":"2025-03-21T09:01:05","guid":{"rendered":"https:\/\/radsportbezirk-westfalen-mitte.de\/wordpress\/?p=17440"},"modified":"2025-03-21T11:14:38","modified_gmt":"2025-03-21T10:14:38","slug":"rembe-rad-net-startet-motiviert-bei-youngster-coast-challenge","status":"publish","type":"post","link":"https:\/\/radsportbezirk-westfalen-mitte.de\/wordpress\/17440\/","title":{"rendered":"REMBE | rad-net startet motiviert bei Youngster Coast Challenge"},"content":{"rendered":"<p>Morgen steht f\u00fcr die Rennfahrer des Teams <em>REMBE | rad-net<\/em> das n\u00e4chste internationale Rennen an. Die Rennfahrer treten bei der prestigetr\u00e4chtigen <em><strong>Youngster Coast Challenge<\/strong><\/em> (UCI 1.2U) an, die als reines U23-Rennen im Rahmen des belgischen Klassikers Bredene-Koksijde Classic ausgetragen wird.<!--more--><\/p>\n<p>\u00dcber fast 171 Kilometer f\u00fchrt das Rennen von Bredene nach Koksijde &#8211; und dabei auch entlang der K\u00fcste. Sollten die drei Berge kurz vor Rennh\u00e4lfte &#8211; darunter auch der legend\u00e4re Kemmelberg &#8211; keine Vorentscheidung bringen, k\u00f6nnte der Wind eine gro\u00dfe Rolle spielen.<\/p>\n<p>\u00abWir wollen auf jeden Fall bei diesem top besetzten Rennen ein W\u00f6rtchen mitreden\u00bb, sagt Wolfgang Oschwald, Sportlicher Leiter des Teams <em>REMBE | rad-net<\/em>. \u00abEs wird entscheidend sein, ob morgen wieder starker Seitenwind herrscht, dann kann das Rennen schon nach 20 Kilometern erledigt sein. Das wissen unsere Fahrer und wollen mannschaftlich geschlossen auf die Windkante und \u00fcber die Anstiege gehen. Im Finale ist es dann unser Ziel, unseren Sprinter Jonathan Rottmann in Position zu bringen.\u00bb<\/p>\n<p>Rottmann pr\u00e4sentierte sich zuletzt in Kroatien in sehr guter Form und spurtete bei den dortigen UCI-Rennen zweimal in die Top-5 und einmal in die Top-Ten. Unterst\u00fctzung bei der <em>Youngster Coast Challenge<\/em> erh\u00e4lt er von Pepe Albrecht, Leon Arenz, Moritz Binder, Vincent John, Bruno Ke\u00dfler und Maxim Roor.<\/p>\n<p>&nbsp;<\/p>\n<p><em><strong><span style=\"color: #339966;\">Das Team REMBE | rad-net bei der Youngster Coast Challenge (UCI 1.2U): <\/span><\/strong><\/em><\/p>\n<ul>\n<li><strong>Pepe Albrecht<\/strong><\/li>\n<li><strong>Leon Arenz<\/strong><\/li>\n<li><strong>Moritz Binder<\/strong><\/li>\n<li><strong>Vincent John<\/strong><\/li>\n<li><strong>Bruno Ke\u00dfler<\/strong><\/li>\n<li><strong>Maxim Roor<\/strong><\/li>\n<li><strong>Jonathan Rottmann<\/strong><\/li>\n<\/ul>\n<p><span style=\"color: #339966;\"><strong><em>Sportliche Leitung:<\/em> <\/strong><\/span>Wolfgang Oschwald<\/p>\n<p>&nbsp;<\/p>\n<p align=\"center\"><img decoding=\"async\" class=\"aligncenter\" src=\"https:\/\/radsportbezirk-westfalen-mitte.de\/wordpress\/wp-content\/uploads\/2025\/03\/rrn25-mallorca-1.jpg\" alt=\"Das Team REMBE | rad-net startet morgen bei der Youngster Coast Challenge in Belgien. (Foto: Jannik Jan\u00dfen \/ REMBE | rad-net)\" width=\"500\" height=\"\" border=\"1\" \/><br \/>\n<i>Das Team REMBE | rad-net startet morgen bei der Youngster Coast Challenge in Belgien.<br \/>\n(Foto: Jannik Jan\u00dfen \/ REMBE | rad-net)<\/i><\/p>\n<p>&nbsp;<\/p>\n<p>&nbsp;<\/p>\n<p>&nbsp;<\/p>\n<p>&nbsp;<\/p>\n<p>&nbsp;<\/p>\n","protected":false},"excerpt":{"rendered":"<p>Morgen steht f\u00fcr die Rennfahrer des Teams REMBE | rad-net das n\u00e4chste internationale Rennen an. Die Rennfahrer treten bei der prestigetr\u00e4chtigen Youngster Coast Challenge (UCI 1.2U) an, die als reines U23-Rennen im Rahmen des belgischen Klassikers Bredene-Koksijde Classic ausgetragen wird.<\/p><p><a class=\"more-link btn\" href=\"https:\/\/radsportbezirk-westfalen-mitte.de\/wordpress\/17440\/\">Weiterlesen<\/a><\/p>\n","protected":false},"author":1,"featured_media":0,"comment_status":"closed","ping_status":"closed","sticky":false,"template":"","format":"standard","meta":{"footnotes":""},"categories":[45],"tags":[1587,1591,1595,1615,1630,218,1272,1579,1580,1581,1582,1586],"class_list":["post-17440","post","type-post","status-publish","format-standard","hentry","category-allgemein","tag-bruno-kessler","tag-maxim-roor","tag-1595","tag-belgien","tag-youngster-coast-challenge","tag-strasse","tag-jonathan-rottmann","tag-rembe-rad-net","tag-pepe-albrecht","tag-leon-arenz","tag-moritz-binder","tag-vincent-john","wp-image-borders","item-wrap"],"_links":{"self":[{"href":"https:\/\/radsportbezirk-westfalen-mitte.de\/wordpress\/wp-json\/wp\/v2\/posts\/17440","targetHints":{"allow":["GET"]}}],"collection":[{"href":"https:\/\/radsportbezirk-westfalen-mitte.de\/wordpress\/wp-json\/wp\/v2\/posts"}],"about":[{"href":"https:\/\/radsportbezirk-westfalen-mitte.de\/wordpress\/wp-json\/wp\/v2\/types\/post"}],"author":[{"embeddable":true,"href":"https:\/\/radsportbezirk-westfalen-mitte.de\/wordpress\/wp-json\/wp\/v2\/users\/1"}],"replies":[{"embeddable":true,"href":"https:\/\/radsportbezirk-westfalen-mitte.de\/wordpress\/wp-json\/wp\/v2\/comments?post=17440"}],"version-history":[{"count":3,"href":"https:\/\/radsportbezirk-westfalen-mitte.de\/wordpress\/wp-json\/wp\/v2\/posts\/17440\/revisions"}],"predecessor-version":[{"id":17444,"href":"https:\/\/radsportbezirk-westfalen-mitte.de\/wordpress\/wp-json\/wp\/v2\/posts\/17440\/revisions\/17444"}],"wp:attachment":[{"href":"https:\/\/radsportbezirk-westfalen-mitte.de\/wordpress\/wp-json\/wp\/v2\/media?parent=17440"}],"wp:term":[{"taxonomy":"category","embeddable":true,"href":"https:\/\/radsportbezirk-westfalen-mitte.de\/wordpress\/wp-json\/wp\/v2\/categories?post=17440"},{"taxonomy":"post_tag","embeddable":true,"href":"https:\/\/radsportbezirk-westfalen-mitte.de\/wordpress\/wp-json\/wp\/v2\/tags?post=17440"}],"curies":[{"name":"wp","href":"https:\/\/api.w.org\/{rel}","templated":true}]}}