{"id":17289,"date":"2024-08-16T11:35:44","date_gmt":"2024-08-16T09:35:44","guid":{"rendered":"https:\/\/radsportbezirk-westfalen-mitte.de\/wordpress\/?p=17289"},"modified":"2024-08-16T11:35:44","modified_gmt":"2024-08-16T09:35:44","slug":"starkes-ergebnis-in-arnsbergs-partnerstadt-alba-iulia","status":"publish","type":"post","link":"https:\/\/radsportbezirk-westfalen-mitte.de\/wordpress\/17289\/","title":{"rendered":"Starkes Ergebnis in Arnsbergs Partnerstadt Alba Iulia"},"content":{"rendered":"<p>Mit einer starken Leistung beeindruckte das<em> REMBE Pro Cycling\u2122 Team Sauerland<\/em> zum Auftakt der Rum\u00e4nienrundfahrt am gestrigen Mittwoch. Bester Sauerl\u00e4nder wurde Paul Wright auf Platz sechs. Zusammen mit Silas Koech und Henri Appelbaum war Wright Teil einer 21 k\u00f6pfigen Spitzengruppe. <!--more-->Diese bestimmte die komplette schwere 1.Etappe von Deva bis Alba Iulia \u00fcber 165 Kilometer. Das auf dem Abschnitt kein gem\u00fctliches Einrollen m\u00f6glich war, zeigte sich direkt am ersten 24 % steilen Anstieg nach knapp 10 Kilometern. \u201eDer Tag war heiss wie in einem Ofen. Vom Start bis zum Ziel waren es immer 37-38 Grad. Am ersten Anstieg explodierte das Rennen und einige Starter mussten sogar schieben. Gl\u00fccklicherweise hatten wir mit Koech, Appelbaum und Wright drei Fahrer ganz vorn. Pechvogel Koech hatte im Rennen einen Plattfuss und musste sich \u00fcber 20 Kilometer allein zur Spitze zur\u00fcck k\u00e4mpfen\u201c, berichtete Greg Henderson, sportlicher Leiter vom <em>REMBE Pro Cycling\u2122Team Sauerland<\/em>. Knapp hinter dem Team Astana belegten die Sauerl\u00e4nder Platz zwei in der Mannschaftswertung.<\/p>\n<p>&nbsp;<\/p>\n<p><strong><em>Wright holt sich das Sprinttrikot<\/em><\/strong><\/p>\n<p>Auf dem heutigen 2. Tag gelang Paul Wright erneut der Sprung ins die Gruppe des Tages. Zusammen mir vier weiteren Fahrern fuhr der Neuseel\u00e4nder in Sauerl\u00e4nder Diensten knapp 100 Kilometer vor dem Feld und gewann alle Sprintwertungen des Tages. Damit ist der Routinier neuer F\u00fchrender des Sprinttrikots des Rennens. \u201cDas erste Tagesziel war mit Wrights Erfolg geschafft. Am Ende des Tages wartete noch ein heftiger Schlussanstieg auf die Rennfahrer. Hier zeigte Henri Appelbaum seine guten Beine und hielt sich mit dem 11. Platz die T\u00fcr f\u00fcr eine gute Platzierung in der Gesamtwertung offen. Die 2. Etappe f\u00fchrte das internationale Fahrerfeld \u00fcber 159 Kilometer von Alba Iulia nach Paltins.<\/p>\n<p>Die Rum\u00e4nienrundfahrt z\u00e4hlt zum Rennkalender der UCI und endet am Sonntag in Bukarest. Am Start standen gestern 142 Fahrer aus ganz Europa.<\/p>\n<p>&nbsp;<\/p>\n<p>&nbsp;<\/p>\n<p align=\"center\"><img decoding=\"async\" src=\"https:\/\/radsportbezirk-westfalen-mitte.de\/wordpress\/wp-content\/uploads\/2024\/08\/IMG_7958.jpeg\" alt=\"v.l.n.r. Lennart Voege, Silas Koech, Sebastian Niehues, Henri Appelbaum, Jacob Scott und Paul Wright - Fotograf: Dominik Weiss\" width=\"500\" height=\"332.778\" border=\"1\" \/><br \/>\n<i>v.l.n.r. Lennart Voege, Silas Koech, Sebastian Niehues,<br \/>\nHenri Appelbaum, Jacob Scott und Paul Wright<br \/>\n(Fotograf: Dominik Weiss)<\/i><\/p>\n<p>&nbsp;<\/p>\n<p align=\"center\"><img decoding=\"async\" src=\"https:\/\/radsportbezirk-westfalen-mitte.de\/wordpress\/wp-content\/uploads\/2024\/08\/IMG_7957.jpeg\" alt=\"Paul Wright - Fotograf: Dominik Weiss\" width=\"500\" height=\"333.611\" border=\"&quot;1!\" \/><br \/>\n<i>Paul Wright<br \/>\n(Fotograf: Dominik Weiss)<\/i><\/p>\n<p>&nbsp;<\/p>\n<p>&nbsp;<\/p>\n<p>&nbsp;<\/p>\n<p>&nbsp;<\/p>\n<p>kind regards \/ C \u043d\u0430\u0438\u043b\u0443\u0447\u0448\u0438\u043c\u0438 \u043f\u043e\u0436\u0435\u043b\u0430\u043d\u0438\u044f\u043c\u0438!\/ mit sportlichen Gr\u00fc\u00dfen \/ met vriendelijke groet<\/p>\n<p>&nbsp;<\/p>\n<p><strong>J\u00f6rg Scherf<\/strong><br \/>\n<em>gesch\u00e4ftsf\u00fchrender Gesellschafter\/ CEO<\/em><\/p>\n<p>&nbsp;<\/p>\n<p>&nbsp;<\/p>\n<p>&nbsp;<\/p>\n<p>&nbsp;<\/p>\n<p>&nbsp;<\/p>\n","protected":false},"excerpt":{"rendered":"<p>Mit einer starken Leistung beeindruckte das REMBE Pro Cycling\u2122 Team Sauerland zum Auftakt der Rum\u00e4nienrundfahrt am gestrigen Mittwoch. Bester Sauerl\u00e4nder wurde Paul Wright auf Platz sechs. Zusammen mit Silas Koech und Henri Appelbaum war Wright Teil einer 21 k\u00f6pfigen Spitzengruppe. <\/p><p><a class=\"more-link btn\" href=\"https:\/\/radsportbezirk-westfalen-mitte.de\/wordpress\/17289\/\">Weiterlesen<\/a><\/p>\n","protected":false},"author":1,"featured_media":0,"comment_status":"closed","ping_status":"closed","sticky":false,"template":"","format":"standard","meta":{"footnotes":""},"categories":[33,28],"tags":[1401,1514,1522,1529,1531,1533,1564,218],"class_list":["post-17289","post","type-post","status-publish","format-standard","hentry","category-rennsport","category-strassenrennsport","tag-silas-koech","tag-henri-appelbaum","tag-rembe-pro-cycling-team-sauerland","tag-1529","tag-paul-wright","tag-greg-henderson","tag-rumaenien-rundfahrt","tag-strasse","wp-image-borders","item-wrap"],"_links":{"self":[{"href":"https:\/\/radsportbezirk-westfalen-mitte.de\/wordpress\/wp-json\/wp\/v2\/posts\/17289","targetHints":{"allow":["GET"]}}],"collection":[{"href":"https:\/\/radsportbezirk-westfalen-mitte.de\/wordpress\/wp-json\/wp\/v2\/posts"}],"about":[{"href":"https:\/\/radsportbezirk-westfalen-mitte.de\/wordpress\/wp-json\/wp\/v2\/types\/post"}],"author":[{"embeddable":true,"href":"https:\/\/radsportbezirk-westfalen-mitte.de\/wordpress\/wp-json\/wp\/v2\/users\/1"}],"replies":[{"embeddable":true,"href":"https:\/\/radsportbezirk-westfalen-mitte.de\/wordpress\/wp-json\/wp\/v2\/comments?post=17289"}],"version-history":[{"count":1,"href":"https:\/\/radsportbezirk-westfalen-mitte.de\/wordpress\/wp-json\/wp\/v2\/posts\/17289\/revisions"}],"predecessor-version":[{"id":17292,"href":"https:\/\/radsportbezirk-westfalen-mitte.de\/wordpress\/wp-json\/wp\/v2\/posts\/17289\/revisions\/17292"}],"wp:attachment":[{"href":"https:\/\/radsportbezirk-westfalen-mitte.de\/wordpress\/wp-json\/wp\/v2\/media?parent=17289"}],"wp:term":[{"taxonomy":"category","embeddable":true,"href":"https:\/\/radsportbezirk-westfalen-mitte.de\/wordpress\/wp-json\/wp\/v2\/categories?post=17289"},{"taxonomy":"post_tag","embeddable":true,"href":"https:\/\/radsportbezirk-westfalen-mitte.de\/wordpress\/wp-json\/wp\/v2\/tags?post=17289"}],"curies":[{"name":"wp","href":"https:\/\/api.w.org\/{rel}","templated":true}]}}