{"id":16875,"date":"2022-05-24T08:05:10","date_gmt":"2022-05-24T06:05:10","guid":{"rendered":"https:\/\/radsportbezirk-westfalen-mitte.de\/wordpress\/?p=16875"},"modified":"2022-05-24T08:07:45","modified_gmt":"2022-05-24T06:07:45","slug":"saris-rouvy-sauerland-team-verteidigt-fuehrung-in-der-bundesliga-liefert-starken-auftritt-bei-rund-um-koeln","status":"publish","type":"post","link":"https:\/\/radsportbezirk-westfalen-mitte.de\/wordpress\/16875\/","title":{"rendered":"SARIS ROUVY Sauerland Team verteidigt F\u00fchrung in der Bundesliga &#038; liefert starken Auftritt bei Rund um K\u00f6ln"},"content":{"rendered":"<p><em>Arnsberg, den 23.5.22<\/em><\/p>\n<p>Ein straffes Programm absolvierten die Rennfahrer und Betreuer des SARIS ROUVY Sauerland Team in den vergangenen Tagen.<br \/>\nNachdem die Sauerl\u00e4nder am 15. Mai ihre F\u00fchrung in der Radbundesliga erfolgreich im Erzgebirge verteidigen konnten, stand am vergangenen Wochenende ein weiterer Lauf zur Bundesliga in S\u00fcdbaden und der Klassiker &#8222;Rund um K\u00f6ln&#8220; auf dem Plan. <!--more-->\u201eEs waren ein paar harte Renntage und auch Wochen f\u00fcr uns. Nach einer kurzen Erholungspause nach den vielen Renntagen im Fr\u00fchjahr hatten wir etwas Sorge, dass die Form schw\u00e4cher wird. Vor allem im April hatten wir viele verletzte und kranke Fahrer. Neben dem Totalausfall von Max Briese nach Schluesselbeinbruch, konnten wir alles andere aber kaschieren und unterm Deckel halten. Bewusst haben wir dazu keine Meldungen gemacht\u201c, kl\u00e4rt der Team-Manager Heiko Volkert auf. &#8222;Gerade unsere beiden belgischen Stockman Zwillinge haben nach Rippenbr\u00fcchen und Muskelrissen einfach Ihr Pokerface aufgesetzt und die Z\u00e4hne zusammen gebissen. Auch Jon Knolle oder Tim Neffgen haben nach schlimmen Blessuren einfach weitergemacht. Der Konkurrenz sollte gerade vor den Bundesligarennen im Erzgebirge und in Schweigen nicht zu viel Hoffnung gemacht werden. Das hat super geklappt und wir hoffen bei den n\u00e4chsten Bundesliga-Rennen und zur DM wieder auf unserem Top Niveau zu sein\u201c, legt der Sportliche Leiter Wolfgang Oschwald nach.<\/p>\n<p>&nbsp;<\/p>\n<p><strong>Radbundesliga in Schweigen- Sauerl\u00e4nder verteidigen F\u00fchrung<\/strong><\/p>\n<p>Michiel Stockman schrammte mit seinem 3. Platz knapp am Sieg beim &#8222;Preis der S\u00fcdlichen Weinstra\u00dfe\u201c vorbei. Der Belgier, seit drei Jahren im Diensten des SARIS ROUVY Sauerland Team, musste sich in einem packenden Rennen nur dem Th\u00fcringer Tom Linder und dem Italiener Filippo Fortin geschlagen geben. In der Mannschaftswertung landeten die Sauerl\u00e4nder zeitgleich mit dem P&amp;S Benotti Team aus Th\u00fcringen auf dem zweiten Platz. Damit verteidigte die Nachwuchsmannschaft aus dem Sauerland ihre F\u00fchrung in der Team Wertung auch in S\u00fcdbaden. In der Berg und Sprintwertung der Liga f\u00fchrt weiterhin Abram Stockman. In der Fahrerwertung liegen Michiel Stockman und Jon Knolle mit den Pl\u00e4tzen zwei und drei in Lauerstellung.<\/p>\n<p>&nbsp;<\/p>\n<p><strong>Rund um K\u00f6ln- starkes Rennen gegen die gro\u00dfen Teams\/ Jon Knolle landet auf <\/strong><strong>Platz 14. \/ Sieger wurde der Tour de France Etappensieger Nils Pollit aus K\u00f6ln<\/strong><\/p>\n<p>Keine 17 Stunden nach dem Zieleinlauf in Schweigen standen die Fahrer um Jon Knolle und Co bereits wieder am Start in K\u00f6ln. Obwohl das Team erst in der Nacht in K\u00f6ln eincheckte, zeigten sich alle top motiviert beim Klassiker am Rhein.<br \/>\nW\u00e4hrend man sich tags zuvor in Schweigen mit der nationalen Elite messen musste, standen in K\u00f6ln zahlreiche World Tour Teams am Start. Zu den Favoriten z\u00e4hlten Mannschaften wie Bora Hansgrohe, BikeXChange, Israel Cycling oder DSM. Trotz dieser \u00dcbermacht zeigten sich vor allem Jon Knolle und Per M\u00fcnstermann direkt 1zu Beginn des Rennens angriffslustig, waren Teil einer ersten Spitzengruppe.<br \/>\nBereits im ersten Renndrittel gingen vor allem die Fahrer von Bora Hansgrohe in die Vollen und schlossen mit einigen Fahrern zu Knolle und Co auf. Der Youngster vom Sauerland Team konnte sich in der Spitze fest beissen und k\u00e4mpfte sich \u00fcber die zahlreichen Anstiege im Bergischen Land. Wie viele seiner\u00a0 Fluchtgef\u00e4hrten, hatte der Westfale der Schlussattacke von Nils Pollit allerdings nichts mehr entgegenzusetzen. Er erreichte einen sehr respektablen 14. Platz. Das \u00e4lteste Radrennen ging \u00fcber 200 Kilometer. In diesem Jahr hatten die Veranstalter um Rennleiter Andre Greipel eine besonders harte Strecke geplant. So kam es nicht zum sonst \u00fcblichen Massensprint am Rheinauhafen in Herzen K\u00f6lns.<\/p>\n<p>&nbsp;<\/p>\n<p><strong>N\u00e4chste Rennen Circuit Wallonie (Belgien), Attendorn, GP Kint (Belgien) und Trofeo Gasperie (Italien)\u00a0<\/strong><\/p>\n<p>In den kommenden Tagen startet das SARIS ROUVY Sauerland Team beim sogenannten Circuit Wallonie (26.5.), dem Altstadtrennen in Attendorn (28.5.), beim GP Kint in Belgien (29.5.) und der Trofeo Gasperie in Italien (2.6.). Am Freitag plant ein Teil der Mannschaft eine Streckenbesichtigung der Deutschen Meisterschaft im Sauerland.<\/p>\n<p>&nbsp;<\/p>\n<p>&nbsp;<\/p>\n<p style=\"text-align: center;\"><img decoding=\"async\" src=\"https:\/\/radsportbezirk-westfalen-mitte.de\/wordpress\/wp-content\/uploads\/2022\/05\/20220413_MS_TUR_207-min-scaled.jpg\" alt=\"Jon Knolle (Quelle: Mario Stiehl)\" width=\"500\" height=\"332.792\" border=\"1\" \/><br \/>\n<em>Jon Knolle<\/em><br \/>\n<em>(Quelle Mario Stiehl)<\/em><\/p>\n<p>&nbsp;<\/p>\n<p>&nbsp;<\/p>\n<p>&nbsp;<\/p>\n<p>kind regards \/ C \u043d\u0430\u0438\u043b\u0443\u0447\u0448\u0438\u043c\u0438 \u043f\u043e\u0436\u0435\u043b\u0430\u043d\u0438\u044f\u043c\u0438!\/ mit sportlichen Gr\u00fc\u00dfen \/ met vriendelijke groet<\/p>\n<p>&nbsp;<\/p>\n<p><strong>J\u00f6rg Scherf<\/strong><br \/>\n<em>gesch\u00e4ftsf\u00fchrender Gesellschafter\/ CEO<\/em><\/p>\n<p>&nbsp;<\/p>\n<p>&nbsp;<\/p>\n<p>&nbsp;<\/p>\n<p>&nbsp;<\/p>\n<p>&nbsp;<\/p>\n","protected":false},"excerpt":{"rendered":"<p>Arnsberg, den 23.5.22<\/p>\n<p>Ein straffes Programm absolvierten die Rennfahrer und Betreuer des SARIS ROUVY Sauerland Team in den vergangenen Tagen. Nachdem die Sauerl\u00e4nder am 15. Mai ihre F\u00fchrung in der Radbundesliga erfolgreich im Erzgebirge verteidigen konnten, stand am vergangenen Wochenende ein weiterer Lauf zur Bundesliga in S\u00fcdbaden und der Klassiker &#8222;Rund um K\u00f6ln&#8220; auf dem &hellip; <\/p>\n<p><a class=\"more-link btn\" href=\"https:\/\/radsportbezirk-westfalen-mitte.de\/wordpress\/16875\/\">Weiterlesen<\/a><\/p>\n","protected":false},"author":1,"featured_media":0,"comment_status":"closed","ping_status":"closed","sticky":false,"template":"","format":"standard","meta":{"footnotes":""},"categories":[28,33],"tags":[1270,1333,1349,1386,1387,1412,218,278,337,1269],"class_list":["post-16875","post","type-post","status-publish","format-standard","hentry","category-strassenrennsport","category-rennsport","tag-michiel-stockman","tag-tim-neffgen","tag-1349","tag-saris-rouvy-sauerland-team","tag-max-briese","tag-rund-um-koeln","tag-strasse","tag-rad-bundesliga","tag-jon-knolle","tag-abram-stockman","wp-image-borders","item-wrap"],"_links":{"self":[{"href":"https:\/\/radsportbezirk-westfalen-mitte.de\/wordpress\/wp-json\/wp\/v2\/posts\/16875","targetHints":{"allow":["GET"]}}],"collection":[{"href":"https:\/\/radsportbezirk-westfalen-mitte.de\/wordpress\/wp-json\/wp\/v2\/posts"}],"about":[{"href":"https:\/\/radsportbezirk-westfalen-mitte.de\/wordpress\/wp-json\/wp\/v2\/types\/post"}],"author":[{"embeddable":true,"href":"https:\/\/radsportbezirk-westfalen-mitte.de\/wordpress\/wp-json\/wp\/v2\/users\/1"}],"replies":[{"embeddable":true,"href":"https:\/\/radsportbezirk-westfalen-mitte.de\/wordpress\/wp-json\/wp\/v2\/comments?post=16875"}],"version-history":[{"count":2,"href":"https:\/\/radsportbezirk-westfalen-mitte.de\/wordpress\/wp-json\/wp\/v2\/posts\/16875\/revisions"}],"predecessor-version":[{"id":16878,"href":"https:\/\/radsportbezirk-westfalen-mitte.de\/wordpress\/wp-json\/wp\/v2\/posts\/16875\/revisions\/16878"}],"wp:attachment":[{"href":"https:\/\/radsportbezirk-westfalen-mitte.de\/wordpress\/wp-json\/wp\/v2\/media?parent=16875"}],"wp:term":[{"taxonomy":"category","embeddable":true,"href":"https:\/\/radsportbezirk-westfalen-mitte.de\/wordpress\/wp-json\/wp\/v2\/categories?post=16875"},{"taxonomy":"post_tag","embeddable":true,"href":"https:\/\/radsportbezirk-westfalen-mitte.de\/wordpress\/wp-json\/wp\/v2\/tags?post=16875"}],"curies":[{"name":"wp","href":"https:\/\/api.w.org\/{rel}","templated":true}]}}