{"id":16625,"date":"2021-09-06T09:12:39","date_gmt":"2021-09-06T07:12:39","guid":{"rendered":"https:\/\/radsportbezirk-westfalen-mitte.de\/wordpress\/?p=16625"},"modified":"2021-09-06T10:41:04","modified_gmt":"2021-09-06T08:41:04","slug":"team-sks-sauerland-nrw-gewinnt-deutsche-meisterschaft-im-mannschaftszeitfahren-michiel-stockmann-wird-2-in-italien-und-holt-das-sprint-trikot","status":"publish","type":"post","link":"https:\/\/radsportbezirk-westfalen-mitte.de\/wordpress\/16625\/","title":{"rendered":"Team SKS Sauerland NRW gewinnt Deutsche Meisterschaft im Mannschaftszeitfahren\/ Michiel Stockmann wird 2. in Italien und holt das Sprint-Trikot"},"content":{"rendered":"<p><em>Genthin\/ Pordone, den 5.9.21<\/em><\/p>\n<p><strong>Giro della Regione Friuli: Michiel Stockmann in Italien zum Abschluss auf Platz <\/strong><strong>zwei und gewinnt das Sprint Trikot<\/strong><\/p>\n<p>Michiel Stockmann hat beim Giro della Friuli das begehrte rote Sprint-Trikot gewonnen. Auf der letzten Etappe wurde der Sauerl\u00e4nder zweiter und rauschte knapp hinter dem \u00d6sterreicher Daniel Auer am Etappensieg vorbei. <!--more-->Der belgische Allrounder in Sauerl\u00e4nder Diensten war auf der letzten Etappe Teil einer<br \/>\n11-k\u00f6pfigen Spitzengruppe. Diese rettete nach 156 Kilometern einen kleinen Vorsprung vor dem jagenden Hauptfeld ins Ziel. Der Giro della Friuli ging \u00fcber drei Etappen. Die beiden ersten Abschnitte f\u00fchrten die 27 Mannschaften aus ganz Europa durch die italienischen Alpen, verlangten den Sauerl\u00e4ndern alles ab.<br \/>\nBereits am ersten Tag konnte sich Stockman das rote Trikot mit allen gewonnen Zwischensprints erk\u00e4mpfen und gab es bis zum Ende nicht mehr ab. \u201eDie Rundfahrt war f\u00fcr uns ein super Erfolg. Vor allem hat Michiel Stockman den Sieg in der Punktwertung seiner Mannschaft zu verdienen\u201c, so der sportliche Leiter und Italien-Experte Markus Mooser.<\/p>\n<p>&nbsp;<\/p>\n<p><strong>DM im Mannschaftszeitfahren: Team SKS Sauerland NRW holt den Titel und baut <\/strong><strong>Vorsprung in der Bundesliga aus<\/strong><\/p>\n<p>Nachdem ein Teil der Sauerl\u00e4nder in Italien gl\u00e4nzen konnte, landeten die Zeitfahr-Asse Jon Knolle, Julian Borresch, Ole Theiler, Per Christian M\u00fcnstermann, Julian Braun und Johannes Hodapp in Genthin einen Volltreffer! Bei der DM im Mannschaftszeitfahren \u00fcber 50 Kilometer gewannen die Tempo-Bolzer vor<br \/>\nden Bundesligateams Rose RadNet und P&amp;S Th\u00fcringen. Damit festigten die SKS-Piloten auch die F\u00fchrung in der Radbundesliga. \u201eWir haben uns schon in einer der vorderen Positionen gesehen. In den letzten Wochen haben wir uns mehrmals zum Training getroffen und diese Disziplin trainiert. Das ganze war<br \/>\nneben der Vorbereitung zur Deutschland Tour sehr stressig, hat sich aber jetzt ausgezahlt!\u201c, jubelt Team Coach Wolfgang Oschwald. Die fast flache Strecke absolvierten die Mannschaft in einer durchschnittlichen Geschwindigkeit von 57 km\/h und hatte 20 Sekunden Vorsprung auf das zweite Team.<\/p>\n<p>&nbsp;<\/p>\n<p style=\"text-align: center;\"><img loading=\"lazy\" decoding=\"async\" src=\"https:\/\/radsportbezirk-westfalen-mitte.de\/wordpress\/wp-content\/uploads\/2021\/09\/4b3a8b63-3597-45de-a18c-0ccd9628876f-min.jpg\" alt=\"Michiel Stockmann im roten Sprintertrikot (Quelle: Tomasso Fontana)\" width=\"500\" height=\"375\" border=\"1\" \/><br \/>\n<i>Michiel Stockmann im roten Sprinttrikot<br \/>\n(Quelle: Tomasso Fontana)<\/i><\/p>\n<p>&nbsp;<\/p>\n<p>&nbsp;<\/p>\n<p style=\"text-align: center;\"><img loading=\"lazy\" decoding=\"async\" src=\"https:\/\/radsportbezirk-westfalen-mitte.de\/wordpress\/wp-content\/uploads\/2021\/09\/f31a8763-f6bf-4ced-8e9b-4fed2ce4e4b7-min.jpg\" alt=\"Team SKS Sauerland NRW im Deutschern Meistertrikot (Quelle: Heinz K\u00f6rper)\" width=\"500\" height=\"375\" border=\"1\" \/><br \/>\n<i>Team SKS Sauerland NRW im Deutschen Meister- Trikot<br \/>\n(Quelle: Heinz K\u00f6rper)<\/i><\/p>\n<p>&nbsp;<\/p>\n<p>&nbsp;<\/p>\n<p>&nbsp;<\/p>\n<p>&nbsp;<\/p>\n<p>&nbsp;<\/p>\n<p>kind regards \/ C \u043d\u0430\u0438\u043b\u0443\u0447\u0448\u0438\u043c\u0438 \u043f\u043e\u0436\u0435\u043b\u0430\u043d\u0438\u044f\u043c\u0438!\/ mit sportlichen Gr\u00fc\u00dfen \/ met vriendelijke groet<\/p>\n<p>&nbsp;<\/p>\n<p><strong>J\u00f6rg Scherf<\/strong><br \/>\n<em>gesch\u00e4ftsf\u00fchrender Gesellschafter\/ CEO<\/em><\/p>\n<p>&nbsp;<\/p>\n<p>&nbsp;<\/p>\n<p>&nbsp;<\/p>\n<p>&nbsp;<\/p>\n<p>&nbsp;<\/p>\n","protected":false},"excerpt":{"rendered":"<p>Genthin\/ Pordone, den 5.9.21<\/p>\n<p>Giro della Regione Friuli: Michiel Stockmann in Italien zum Abschluss auf Platz zwei und gewinnt das Sprint Trikot<\/p>\n<p>Michiel Stockmann hat beim Giro della Friuli das begehrte rote Sprint-Trikot gewonnen. Auf der letzten Etappe wurde der Sauerl\u00e4nder zweiter und rauschte knapp hinter dem \u00d6sterreicher Daniel Auer am Etappensieg vorbei. <\/p><p><a class=\"more-link btn\" href=\"https:\/\/radsportbezirk-westfalen-mitte.de\/wordpress\/16625\/\">Weiterlesen<\/a><\/p>\n","protected":false},"author":1,"featured_media":0,"comment_status":"closed","ping_status":"closed","sticky":false,"template":"","format":"standard","meta":{"footnotes":""},"categories":[28,33],"tags":[1267,1270,1332,1336,1338,1362,218,256,337,1233,1235,1266],"class_list":["post-16625","post","type-post","status-publish","format-standard","hentry","category-strassenrennsport","category-rennsport","tag-team-sks-sauerland-nrw","tag-michiel-stockman","tag-ole-theiler","tag-1336","tag-julian-borresch","tag-mannschaftszeitfahren","tag-strasse","tag-dm","tag-jon-knolle","tag-per-christian-muenstermann","tag-johannes-hodapp","tag-julian-braun","wp-image-borders","item-wrap"],"_links":{"self":[{"href":"https:\/\/radsportbezirk-westfalen-mitte.de\/wordpress\/wp-json\/wp\/v2\/posts\/16625","targetHints":{"allow":["GET"]}}],"collection":[{"href":"https:\/\/radsportbezirk-westfalen-mitte.de\/wordpress\/wp-json\/wp\/v2\/posts"}],"about":[{"href":"https:\/\/radsportbezirk-westfalen-mitte.de\/wordpress\/wp-json\/wp\/v2\/types\/post"}],"author":[{"embeddable":true,"href":"https:\/\/radsportbezirk-westfalen-mitte.de\/wordpress\/wp-json\/wp\/v2\/users\/1"}],"replies":[{"embeddable":true,"href":"https:\/\/radsportbezirk-westfalen-mitte.de\/wordpress\/wp-json\/wp\/v2\/comments?post=16625"}],"version-history":[{"count":1,"href":"https:\/\/radsportbezirk-westfalen-mitte.de\/wordpress\/wp-json\/wp\/v2\/posts\/16625\/revisions"}],"predecessor-version":[{"id":16628,"href":"https:\/\/radsportbezirk-westfalen-mitte.de\/wordpress\/wp-json\/wp\/v2\/posts\/16625\/revisions\/16628"}],"wp:attachment":[{"href":"https:\/\/radsportbezirk-westfalen-mitte.de\/wordpress\/wp-json\/wp\/v2\/media?parent=16625"}],"wp:term":[{"taxonomy":"category","embeddable":true,"href":"https:\/\/radsportbezirk-westfalen-mitte.de\/wordpress\/wp-json\/wp\/v2\/categories?post=16625"},{"taxonomy":"post_tag","embeddable":true,"href":"https:\/\/radsportbezirk-westfalen-mitte.de\/wordpress\/wp-json\/wp\/v2\/tags?post=16625"}],"curies":[{"name":"wp","href":"https:\/\/api.w.org\/{rel}","templated":true}]}}