{"id":16445,"date":"2021-01-26T06:55:52","date_gmt":"2021-01-26T05:55:52","guid":{"rendered":"https:\/\/radsportbezirk-westfalen-mitte.de\/wordpress\/?p=16445"},"modified":"2021-01-26T07:00:45","modified_gmt":"2021-01-26T06:00:45","slug":"virtuelle-radbundesliga-mit-dem-team-sks-sauerland-nrw-ab-30-januar-hobbyfahrer-koennen-gegen-bundesligafahrer-fahren","status":"publish","type":"post","link":"https:\/\/radsportbezirk-westfalen-mitte.de\/wordpress\/16445\/","title":{"rendered":"Virtuelle Radbundesliga mit dem Team SKS Sauerland NRW ab 30. Januar- Hobbyfahrer k\u00f6nnen gegen Bundesligafahrer fahren"},"content":{"rendered":"<p><i>Eslohe den 25.1.2021<\/i><\/p>\n<p>Die virtuelle Radbundesliga geht in die n\u00e4chste Runde. Unter dem Namen \u201eGCA eSports Liga\u201c werden vom 30.1. bis 27.2. f\u00fcnf Rennen auf wechselnden Kursen der Online-Platform \u201eZwift\u201c ausgefahren. <!--more-->Mit am Start sind auch einige Fahrer vom Team SKS Sauerland NRW. Besonders motiviert zeigt sich Julian Braun. Der Zeitfahrexperte sammelte beim ersten &#8222;e-Rennen&#8220; am vergangenen Samstag mit einem dritten Platz schon ein erstes Resultat im noch jungen Jahr.<\/p>\n<p>Neben Lizenz- und Nachwuchsfahrern k\u00f6nnen diesmal auch Hobby-Sportlerinnen und Sportler\u00a0 teilnehmen. Mitmachen kann jeder, der \u00fcber ein \u201eZwift&#8220; Abo verf\u00fcgt. In die Gesamtwertung der Serie kommen jedoch nur BDR-Lizenz Inhaber. Wer noch keine f\u00fcr 2021 hat, kann jetzt noch eine Eillizenz beantragen oder eine Online-Lizenz f\u00fcr die gesamte Serie l\u00f6sen.<\/p>\n<p>&nbsp;<\/p>\n<p>&nbsp;<\/p>\n<p style=\"text-align: center;\"><i><strong>Weitere Infos unter: <span style=\"color: #0000ff;\"><a style=\"color: #0000ff;\" title=\"https:\/\/www.germancyclingacademy.de\" href=\"https:\/\/www.germancyclingacademy.de\/\" target=\"_blank\" rel=\"noopener noreferrer\">https:\/\/www.germancyclingacademy.de<\/a><\/span><\/strong><br \/>\n<\/i><\/p>\n<p>&nbsp;<\/p>\n<p>&nbsp;<\/p>\n<p align=\"center\"><img loading=\"lazy\" decoding=\"async\" class=\"aligncenter\" src=\"https:\/\/radsportbezirk-westfalen-mitte.de\/wordpress\/wp-content\/uploads\/2021\/01\/IMG_2894-min-scaled.jpg\" alt=\"Julian Braun\" width=\"375\" height=\"500\" border=\"1\" \/><i>Julian Braun<br \/>\n[Quelle TS]<\/i><\/p>\n<p>&nbsp;<\/p>\n<p>&nbsp;<\/p>\n<p>&nbsp;<\/p>\n<p>&nbsp;<\/p>\n<p>kind regards \/ C \u043d\u0430\u0438\u043b\u0443\u0447\u0448\u0438\u043c\u0438 \u043f\u043e\u0436\u0435\u043b\u0430\u043d\u0438\u044f\u043c\u0438!\/ mit sportlichen Gr\u00fc\u00dfen \/ met vriendelijke groet<\/p>\n<p><b>J\u00f6rg Scherf<\/b><br \/>\n<i>gesch\u00e4ftsf\u00fchrender Gesellschafter\/ CEO<\/i><\/p>\n<p>&nbsp;<\/p>\n<p>&nbsp;<\/p>\n<p>&nbsp;<\/p>\n<p>&nbsp;<\/p>\n<p>&nbsp;<\/p>\n","protected":false},"excerpt":{"rendered":"<p><i>Eslohe den 25.1.2021<\/i><\/p>\n<p>Die virtuelle Radbundesliga geht in die n\u00e4chste Runde. Unter dem Namen \u201eGCA eSports Liga\u201c werden vom 30.1. bis 27.2. f\u00fcnf Rennen auf wechselnden Kursen der Online-Platform \u201eZwift\u201c ausgefahren. <\/p><p><a class=\"more-link btn\" href=\"https:\/\/radsportbezirk-westfalen-mitte.de\/wordpress\/16445\/\">Weiterlesen<\/a><\/p>\n","protected":false},"author":1,"featured_media":0,"comment_status":"closed","ping_status":"closed","sticky":false,"template":"","format":"standard","meta":{"footnotes":""},"categories":[33],"tags":[],"class_list":["post-16445","post","type-post","status-publish","format-standard","hentry","category-rennsport","wp-image-borders","item-wrap"],"_links":{"self":[{"href":"https:\/\/radsportbezirk-westfalen-mitte.de\/wordpress\/wp-json\/wp\/v2\/posts\/16445","targetHints":{"allow":["GET"]}}],"collection":[{"href":"https:\/\/radsportbezirk-westfalen-mitte.de\/wordpress\/wp-json\/wp\/v2\/posts"}],"about":[{"href":"https:\/\/radsportbezirk-westfalen-mitte.de\/wordpress\/wp-json\/wp\/v2\/types\/post"}],"author":[{"embeddable":true,"href":"https:\/\/radsportbezirk-westfalen-mitte.de\/wordpress\/wp-json\/wp\/v2\/users\/1"}],"replies":[{"embeddable":true,"href":"https:\/\/radsportbezirk-westfalen-mitte.de\/wordpress\/wp-json\/wp\/v2\/comments?post=16445"}],"version-history":[{"count":4,"href":"https:\/\/radsportbezirk-westfalen-mitte.de\/wordpress\/wp-json\/wp\/v2\/posts\/16445\/revisions"}],"predecessor-version":[{"id":16451,"href":"https:\/\/radsportbezirk-westfalen-mitte.de\/wordpress\/wp-json\/wp\/v2\/posts\/16445\/revisions\/16451"}],"wp:attachment":[{"href":"https:\/\/radsportbezirk-westfalen-mitte.de\/wordpress\/wp-json\/wp\/v2\/media?parent=16445"}],"wp:term":[{"taxonomy":"category","embeddable":true,"href":"https:\/\/radsportbezirk-westfalen-mitte.de\/wordpress\/wp-json\/wp\/v2\/categories?post=16445"},{"taxonomy":"post_tag","embeddable":true,"href":"https:\/\/radsportbezirk-westfalen-mitte.de\/wordpress\/wp-json\/wp\/v2\/tags?post=16445"}],"curies":[{"name":"wp","href":"https:\/\/api.w.org\/{rel}","templated":true}]}}