{"id":16387,"date":"2020-10-07T10:13:15","date_gmt":"2020-10-07T08:13:15","guid":{"rendered":"https:\/\/radsportbezirk-westfalen-mitte.de\/wordpress\/?p=16387"},"modified":"2020-10-07T10:14:30","modified_gmt":"2020-10-07T08:14:30","slug":"ein-beitrag-zur-verkehrssicherheit-e-bike-kurs-fuer-senioren-in-kreuztal-2","status":"publish","type":"post","link":"https:\/\/radsportbezirk-westfalen-mitte.de\/wordpress\/16387\/","title":{"rendered":"Ein Beitrag zur Verkehrssicherheit \u2013 E-Bike-Kurs f\u00fcr Senioren in Kreuztal"},"content":{"rendered":"<p>Der RSV Osthelden veranstaltete im Rahmen der Europ\u00e4ischen Mobilit\u00e4tswoche 2020 einen E-Bike-Kurs speziell f\u00fcr Senioren. Dies erfolgte in Zusammenarbeit mit der Seniorenberatung der Stiftung Diakoniestation Kreuztal &#8211; Sozialstation f\u00fcr die Stadt Kreuztal. Aufgrund der positiven Resonanz im letzten Jahr konnte dieser aufgrund der Pandemie erst im Herbst durchgef\u00fchrt werden. Unter Einhaltung der aktuellen\u00a0 Coronaschutzverordnung war dies m\u00f6glich.<\/p>\n<p><!--more--><\/p>\n<p>Auf das Gel\u00e4nde der Dreifachturnhalle in Kreuztal waren 14 Pedelec-Fahrerinnen und -Fahrer gekommen, um im Umgang mit dem eigenen Fahrrad sicherer zu werden, sich Tipps und Kniffe daf\u00fcr zeigen zu lassen und auch zu erlernen. Nach einem theoretischen Einblick zu Antriebs-, Fahr- und Akkutechnik ging es anschlie\u00dfend an den praktischen Teil. Auf einem abgesperrten Bereich rund um die Dreifach-Turnhalle wurden entsprechende \u00dcbungsstrecken mit Pylonen, H\u00fctchen u. \u00e4. abgesteckt. Auch hier wurden die coronabedingten Abstandsregeln eingehalten.<\/p>\n<p>Dirk Schleifenbaum und Klaus Jung, zwei erfahrene und ausgebildete E-Bike-Instruktoren (BDR) des RSV Osthelden, erkl\u00e4rten die einzelnen \u00dcbungsaufgaben und f\u00fchrten sie zun\u00e4chst vor. Anschlie\u00dfend durften die Teilnehmerinnen und Teilnehmer aufgeteilt auf zwei Gruppen die \u00dcbungen dann unter fachkundiger Anleitung nachmachen.<\/p>\n<p>Das Gel\u00e4nde bot ideale Voraussetzungen, um die verschiedenen Fahrtechniken und Koordinations-\u00dcbungen ausgiebig auszuprobieren, zu testen und zu versuchen, sie zu beherrschen.\u00a0 Dabei ging es u. a. um Losfahren, Anhalten, Bremsverhalten, Kurvenfahren und das richtige Anfahren am Berg. Zwischendurch gab es eine kurze Pause im Foyer der Dreifachhalle.<br \/>\nDie Einnahme aus der von den Teilnehmern gezahlten Teilnahmegeb\u00fchr wurde nat\u00fcrlich an die Diakoniestation Kreuztal gespendet.<\/p>\n<p>Die Teilnehmer kamen aus dem ganzen Siegerland, der \u00e4lteste Teilnehmer war bereits 83 Jahre. Die R\u00fcckmeldungen nach dem dreist\u00fcndigen Kurs waren allesamt positiv. Man f\u00fchlte sich nach den praktischen \u00dcbungen zun\u00e4chst ersch\u00f6pft aber wesentlich sicherer auf dem eigenen Rad.<\/p>\n<p>\u201eDer RSV Osthelden m\u00f6chte auch weiterhin solche Kurs anbieten, um die Fahrsicherheit der Fahrerinnen und Fahrer auf ihren Pedelecs zu erh\u00f6hen\u201c, so Klaus Irle, Vorsitzender des RSV Osthelden.<\/p>\n<p>&nbsp;<\/p>\n<p>&nbsp;<\/p>\n<p align=\"center\"><img loading=\"lazy\" decoding=\"async\" class=\"aligncenter wp-image-16388\" src=\"https:\/\/radsportbezirk-westfalen-mitte.de\/wordpress\/wp-content\/uploads\/2020\/10\/RSV-031020-min-scaled.jpg\" alt=\"\" width=\"500\" height=\"375\" border=\"1\" srcset=\"https:\/\/radsportbezirk-westfalen-mitte.de\/wordpress\/wp-content\/uploads\/2020\/10\/RSV-031020-min-scaled.jpg 2560w, https:\/\/radsportbezirk-westfalen-mitte.de\/wordpress\/wp-content\/uploads\/2020\/10\/RSV-031020-min-300x225.jpg 300w, https:\/\/radsportbezirk-westfalen-mitte.de\/wordpress\/wp-content\/uploads\/2020\/10\/RSV-031020-min-1024x768.jpg 1024w, https:\/\/radsportbezirk-westfalen-mitte.de\/wordpress\/wp-content\/uploads\/2020\/10\/RSV-031020-min-768x576.jpg 768w, https:\/\/radsportbezirk-westfalen-mitte.de\/wordpress\/wp-content\/uploads\/2020\/10\/RSV-031020-min-1536x1152.jpg 1536w, https:\/\/radsportbezirk-westfalen-mitte.de\/wordpress\/wp-content\/uploads\/2020\/10\/RSV-031020-min-2048x1536.jpg 2048w\" sizes=\"auto, (max-width: 500px) 100vw, 500px\" \/><i>Die Teilnehmer bei der praktischen \u00dcbung<\/i><\/p>\n<p>&nbsp;<\/p>\n<p>&nbsp;<\/p>\n<p>&nbsp;<\/p>\n<p>&nbsp;<\/p>\n<p>&nbsp;<\/p>\n<h2 align=\"center\"><b><i>Text und Foto: RSV Osthelden<\/i><\/b><\/h2>\n<p>&nbsp;<\/p>\n<p>&nbsp;<\/p>\n<p>&nbsp;<\/p>\n<p>&nbsp;<\/p>\n<p>&nbsp;<\/p>\n","protected":false},"excerpt":{"rendered":"<p>Der RSV Osthelden veranstaltete im Rahmen der Europ\u00e4ischen Mobilit\u00e4tswoche 2020 einen E-Bike-Kurs speziell f\u00fcr Senioren. Dies erfolgte in Zusammenarbeit mit der Seniorenberatung der Stiftung Diakoniestation Kreuztal &#8211; Sozialstation f\u00fcr die Stadt Kreuztal. Aufgrund der positiven Resonanz im letzten Jahr konnte dieser aufgrund der Pandemie erst im Herbst durchgef\u00fchrt werden. Unter Einhaltung der aktuellen\u00a0 Coronaschutzverordnung war &hellip; <\/p>\n<p><a class=\"more-link btn\" href=\"https:\/\/radsportbezirk-westfalen-mitte.de\/wordpress\/16387\/\">Weiterlesen<\/a><\/p>\n","protected":false},"author":1,"featured_media":0,"comment_status":"closed","ping_status":"closed","sticky":false,"template":"","format":"standard","meta":{"footnotes":""},"categories":[32,34],"tags":[171,1251,1274,1335],"class_list":["post-16387","post","type-post","status-publish","format-standard","hentry","category-vereine","category-breitensport","tag-rsv-osthelden","tag-e-bike","tag-1274","tag-e-bike-kurs","wp-image-borders","item-wrap"],"_links":{"self":[{"href":"https:\/\/radsportbezirk-westfalen-mitte.de\/wordpress\/wp-json\/wp\/v2\/posts\/16387","targetHints":{"allow":["GET"]}}],"collection":[{"href":"https:\/\/radsportbezirk-westfalen-mitte.de\/wordpress\/wp-json\/wp\/v2\/posts"}],"about":[{"href":"https:\/\/radsportbezirk-westfalen-mitte.de\/wordpress\/wp-json\/wp\/v2\/types\/post"}],"author":[{"embeddable":true,"href":"https:\/\/radsportbezirk-westfalen-mitte.de\/wordpress\/wp-json\/wp\/v2\/users\/1"}],"replies":[{"embeddable":true,"href":"https:\/\/radsportbezirk-westfalen-mitte.de\/wordpress\/wp-json\/wp\/v2\/comments?post=16387"}],"version-history":[{"count":4,"href":"https:\/\/radsportbezirk-westfalen-mitte.de\/wordpress\/wp-json\/wp\/v2\/posts\/16387\/revisions"}],"predecessor-version":[{"id":16392,"href":"https:\/\/radsportbezirk-westfalen-mitte.de\/wordpress\/wp-json\/wp\/v2\/posts\/16387\/revisions\/16392"}],"wp:attachment":[{"href":"https:\/\/radsportbezirk-westfalen-mitte.de\/wordpress\/wp-json\/wp\/v2\/media?parent=16387"}],"wp:term":[{"taxonomy":"category","embeddable":true,"href":"https:\/\/radsportbezirk-westfalen-mitte.de\/wordpress\/wp-json\/wp\/v2\/categories?post=16387"},{"taxonomy":"post_tag","embeddable":true,"href":"https:\/\/radsportbezirk-westfalen-mitte.de\/wordpress\/wp-json\/wp\/v2\/tags?post=16387"}],"curies":[{"name":"wp","href":"https:\/\/api.w.org\/{rel}","templated":true}]}}