{"id":16348,"date":"2020-09-18T10:40:53","date_gmt":"2020-09-18T08:40:53","guid":{"rendered":"https:\/\/radsportbezirk-westfalen-mitte.de\/wordpress\/?p=16348"},"modified":"2020-09-18T10:45:24","modified_gmt":"2020-09-18T08:45:24","slug":"deutsche-meisterschaft-berg-sauerlandrundfahrt-p-b-krombacher-ohne-zuschauer-vor-ort-livestream-sendet-die-kompletten-rennen","status":"publish","type":"post","link":"https:\/\/radsportbezirk-westfalen-mitte.de\/wordpress\/16348\/","title":{"rendered":"&#8222;Deutsche Meisterschaft Berg&#8220; &#038; &#8222;Sauerlandrundfahrt p\/b Krombacher&#8220; ohne Zuschauer vor Ort- Livestream sendet die kompletten Rennen"},"content":{"rendered":"<p><i>Wenholthausen, den 16.9.2020<\/i><\/p>\n<p><b>Sauerl\u00e4nder Bergpreis &amp; Sauerlandrundfahrt p\/b Krombacher o,O% findet ohne Zuschauer vor Ort statt- Hinweis auf Livestream<\/b><\/p>\n<p>Die Junioren und Frauen k\u00e4mpfen ohne Zuschauer vor Ort um den &#8222;Deutschen Meister\u201c Titel am Berg, die M\u00e4nner fahren ebenfalls ohne Fans an der Strecke um den Tagessieg der Radbundesliga. Das sind die Vorzeichen des spannenden Renntags im Sauerland.<\/p>\n<p><!--more--><\/p>\n<p>Wegen des Zuschauerverbots entlang der Strecke werden die Rennen komplett im Livestream \u00fcbertragen. Im Einsatz sind zwei Kameramotorr\u00e4der und mehrere station\u00e4ren Kameras. Moderiert wird die \u00dcbertragung von Sebastian Paddags (Streckensprecher &amp; Entertainer) und Bastian Marks (Besenwagen Podcast).<br \/>\nAn Start und Ziel sprechen die Sauerl\u00e4nder Originale Paul Senske und Michael K\u00fcsgen. Die \u00dcbertragung des Junioren und Damen Rennens startet um 9 Uhr, die M\u00e4nner werden ab 14:30 Uhr gestreamt. Den Link zur \u00dcbertragung k\u00f6nnen Fans auf\u00a0 der Veranstaltungs-Homepage <span style=\"color: #ff0000;\"><strong><em><a style=\"color: #ff0000;\" title=\"www.sauerlandrundfahrt.de\" href=\"http:\/\/www.sauerlandrundfahrt.de\/\" target=\"_blank\" rel=\"noopener noreferrer\">www.sauerlandrundfahrt.de<\/a><\/em><\/strong><\/span> und alternativ bei <span style=\"color: #ff0000;\"><strong><em><a style=\"color: #ff0000;\" title=\"www.sportdeutschland.tv\" href=\"http:\/\/www.sportdeutschland.tv\/\" target=\"_blank\" rel=\"noopener noreferrer\">www.sportdeutschland.tv<\/a><\/em><\/strong><\/span> finden.<\/p>\n<p><b>DM Berg\/ Sauerl\u00e4nder Bergpreis Junioren &amp; Frauen<\/b><\/p>\n<p>Die Deutsche Berg-Meisterschaften der Frauen, Juniorinnen und Junioren finden am kommenden Samstag, den 19.9. in Wenholthausen statt. Im Rahmen des Sauerl\u00e4nder Bergpreises werden die Titelk\u00e4mpfe\u00a0 zus\u00e4tzlich als Wertungsrennens zur \u00abM\u00fcller \u2013 Die lila Logistik Rad-Bundesliga\u00bb ausgetragen. Urspr\u00fcnglich war die Berg-DM am 28. Juni in G\u00f6ttingen geplant, musste aber aufgrund der Corona-Pandemie abgesagt werden. \u00abWir freuen uns, dass wir in Wenholthausen die M\u00f6glichkeit haben, die Berg-Titel zu vergeben. Der Ausrichter hat bereits im letzten Jahr die Berg-Meisterschaft der Junioren durchgef\u00fchrt und eine sehr gute Visitenkarte abgegeben\u00bb lobte G\u00fcnter Schabel, Vizepr\u00e4sident Leistungssport im Bund Deutscher Radfahrer (BDR) die Veranstalter. Organisiert wird das Rennen von der Wenholthauser Dorfgemeinschaft, Renndirektor Heiko Volkert (SVL Sports GmbH) und dem RC Victoria Neheim.<\/p>\n<p>Vor knapp einem Jahr gewann der Berliner Hannes Wilksch vor Georg Steinhauser und Tim Torn Teutenberg. Bei den Frauen und Juniorinnen, die ihre Berg-Meisterschaft 2019 in Ilsfeld-Auenstein ausgefahren haben, siegten Carolin Schiff beziehungsweise Anna-Helene Zdun.<br \/>\nAls Favoriten gelten bei den Junioren die Fahrer der Bora hansgrohe Nachwuchsmannschaft \u201eAuto Eder Bayern\u201c und des Teams \u201eRose NRW\u201c. Hier ist man aus Sauerl\u00e4nder Sicht gespannt wie sich die\u00a0 Neuverpflichtungen f\u00fcr das Jahr 2021 schlagen. Mit Julian Boresch, Ole Theiler und Tim Neffgen hat sich das Team SKS Sauerland NRW drei Top Junioren Talente aus NRW geangelt.<\/p>\n<p>&nbsp;<\/p>\n<p><b>Sauerlandrundfahrt p\/b Krombacher o,O%<\/b><\/p>\n<p>Auch die Sauerlandrundfahrt p\/b Krombacher o,O% wird in diesem Jahr am 19.9. auf der bew\u00e4hrten Strecke bei Wenholthausen gefahren. Die urspr\u00fcnglich geplante Strecke vom Neheimer Marktplatz in Arnsberg bis zum Kahlen Asten in Winterberg ist den derzeit geltenden Hygiene Ma\u00dfnahmen zum Opfer gefallen. In Abstimmung mit den Beh\u00f6rden haben wir gl\u00fccklicherweise das OK f\u00fcr die Rennstrecke in Wenholthausen bekommen. \u201eEs war in den letzten Wochen nicht selbstverst\u00e4ndlich gr\u00fcnes Licht f\u00fcr so ein Rennen zu bekommen. Wir mussten den Beh\u00f6rden versprechen unsere Veranstaltung auf das sportliche zu beschr\u00e4nken.<br \/>\nVolksfestcharakter wird es im Sauerland hoffentlich kommendes Jahr wieder geben. Die Zuschauer und Fans in der Region bitten wir um Verst\u00e4ndnis\u201c, so Renndirektor Heiko Volkert.\u201c<\/p>\n<p>Die Radbundesliga, welche in der letzten Woche mit den Deutschen Zeitfahrmeisterschaften in Genthin gestartet wurde, geht im Sauerland in die zweite Runde. Dort erk\u00e4mpfte sich das Team SKS Sauerland NRW einen guten 3. Platz und liegt vor seinem Heimspiel in guter Ausgangsposition. Besonders mit dem P&amp;S Team aus Th\u00fcringen, Team Lotto Kern Haus aus Rheinland Pfalz und dem Rose Radnet Team muss gerechnet werden.<br \/>\nIm vergangenen Jahr dominierte das Rennen von Neheim nach Winterberg Jonas Rutsch, der mittlerweile beim World Tour Team Education First gelandet ist.<\/p>\n<p><b>Heimische Starter<\/b><\/p>\n<p>F\u00fcr das Team SKS Sauerland NRW starten die Lokalmatadoren Joann und Louis Leinau, Lars Kulbe, Abram und Michiel Stockman, Johannes Adamietz, Michel Giesselmann und Johannes Hodapp. Weiter werden Jannis Heidbredder und Andreas Kemper vom ausrichtenden RC Victoria Neheim \u201e Bundesligarennluft&#8220; schnuppern. Beide bilden zusammen mit Lennart Voege aus Nordenau und Lukas L\u00f6er aus Warstein ein Mixed Team unter Neheimer Flagge.<\/p>\n<p><b>Anwohner und Tagestouristen m\u00fcssen mit Verkehrsbehinderungen rechnen<\/b><\/p>\n<p>Aufgrund der weitr\u00e4umigen Sperrung der Rennstrecke zwischen Wenholthausen, Oesterberg, B\u00fcenfeld und B\u00fcemke m\u00fcssen Anwohner und Tagestouristen mit Verkehrsbehinderungen rechnen. W\u00e4hrend der Wettbewerbe ist der Kurs f\u00fcr die \u00d6ffentlichkeit zwischen 8:30 Uhr und 18:00 Uhr abgeriegelt. In der Rennpause zwischen 12 Uhr und 13:30 Uhr wird die Sperrung kurzzeitig aufgehoben.<\/p>\n<p>&nbsp;<\/p>\n<p><b>Aktuelle Startlisten und Infos zur Bundesliga unter<\/b><br \/>\n<em><a title=\"https:\/\/www.rad-bundesliga.net\" href=\"https:\/\/www.rad-bundesliga.net\/\" target=\"_blank\" rel=\"noopener noreferrer\">https:\/\/www.rad-bundesliga.net<\/a><\/em><\/p>\n<p>&nbsp;<\/p>\n<p align=\"center\"><img loading=\"lazy\" decoding=\"async\" class=\"aligncenter wp-image-16349\" src=\"https:\/\/radsportbezirk-westfalen-mitte.de\/wordpress\/wp-content\/uploads\/2020\/09\/TCS_Stage1_112-min-scaled.jpg\" alt=\"\" width=\"500\" height=\"333\" border=\"1\" srcset=\"https:\/\/radsportbezirk-westfalen-mitte.de\/wordpress\/wp-content\/uploads\/2020\/09\/TCS_Stage1_112-min-scaled.jpg 2560w, https:\/\/radsportbezirk-westfalen-mitte.de\/wordpress\/wp-content\/uploads\/2020\/09\/TCS_Stage1_112-min-300x200.jpg 300w, https:\/\/radsportbezirk-westfalen-mitte.de\/wordpress\/wp-content\/uploads\/2020\/09\/TCS_Stage1_112-min-1024x683.jpg 1024w, https:\/\/radsportbezirk-westfalen-mitte.de\/wordpress\/wp-content\/uploads\/2020\/09\/TCS_Stage1_112-min-768x512.jpg 768w, https:\/\/radsportbezirk-westfalen-mitte.de\/wordpress\/wp-content\/uploads\/2020\/09\/TCS_Stage1_112-min-1536x1024.jpg 1536w, https:\/\/radsportbezirk-westfalen-mitte.de\/wordpress\/wp-content\/uploads\/2020\/09\/TCS_Stage1_112-min-2048x1365.jpg 2048w\" sizes=\"auto, (max-width: 500px) 100vw, 500px\" \/><i>Quelle: Team SKS Sauerland NRW<\/i><\/p>\n<p>&nbsp;<\/p>\n<p>&nbsp;<\/p>\n<p>kind regards \/ C \u043d\u0430\u0438\u043b\u0443\u0447\u0448\u0438\u043c\u0438 \u043f\u043e\u0436\u0435\u043b\u0430\u043d\u0438\u044f\u043c\u0438!\/ mit sportlichen Gr\u00fc\u00dfen \/ met vriendelijke groet<\/p>\n<p>&nbsp;<\/p>\n<p><strong>J\u00f6rg Scherf<\/strong><\/p>\n<p>&nbsp;<\/p>\n<p>&nbsp;<\/p>\n<p>&nbsp;<\/p>\n<p>&nbsp;<\/p>\n<p>&nbsp;<\/p>\n","protected":false},"excerpt":{"rendered":"<p><i>Wenholthausen, den 16.9.2020<\/i><\/p>\n<p><b>Sauerl\u00e4nder Bergpreis &amp; Sauerlandrundfahrt p\/b Krombacher o,O% findet ohne Zuschauer vor Ort statt- Hinweis auf Livestream<\/b><\/p>\n<p>Die Junioren und Frauen k\u00e4mpfen ohne Zuschauer vor Ort um den &#8222;Deutschen Meister\u201c Titel am Berg, die M\u00e4nner fahren ebenfalls ohne Fans an der Strecke um den Tagessieg der Radbundesliga. Das sind die Vorzeichen des spannenden &hellip; <\/p>\n<p><a class=\"more-link btn\" href=\"https:\/\/radsportbezirk-westfalen-mitte.de\/wordpress\/16348\/\">Weiterlesen<\/a><\/p>\n","protected":false},"author":1,"featured_media":0,"comment_status":"closed","ping_status":"closed","sticky":false,"template":"","format":"standard","meta":{"footnotes":""},"categories":[33,28],"tags":[278,1332,342,1333,558,1003,1235,1242,1249,1250,1256,1258,1267,1269,1270,1274,1327,218,1331],"class_list":["post-16348","post","type-post","status-publish","format-standard","hentry","category-rennsport","category-strassenrennsport","tag-rad-bundesliga","tag-ole-theiler","tag-rc-victoria-neheim","tag-tim-neffgen","tag-louis-leinau","tag-andreas-kemper","tag-johannes-hodapp","tag-dm-berg","tag-joann-leinau","tag-michel-giesselmann","tag-lars-kulbe","tag-johannes-adamietz","tag-team-sks-sauerland-nrw","tag-abram-stockman","tag-michiel-stockman","tag-1274","tag-jannis-heidbredder","tag-strasse","tag-julian-boresch","wp-image-borders","item-wrap"],"_links":{"self":[{"href":"https:\/\/radsportbezirk-westfalen-mitte.de\/wordpress\/wp-json\/wp\/v2\/posts\/16348","targetHints":{"allow":["GET"]}}],"collection":[{"href":"https:\/\/radsportbezirk-westfalen-mitte.de\/wordpress\/wp-json\/wp\/v2\/posts"}],"about":[{"href":"https:\/\/radsportbezirk-westfalen-mitte.de\/wordpress\/wp-json\/wp\/v2\/types\/post"}],"author":[{"embeddable":true,"href":"https:\/\/radsportbezirk-westfalen-mitte.de\/wordpress\/wp-json\/wp\/v2\/users\/1"}],"replies":[{"embeddable":true,"href":"https:\/\/radsportbezirk-westfalen-mitte.de\/wordpress\/wp-json\/wp\/v2\/comments?post=16348"}],"version-history":[{"count":7,"href":"https:\/\/radsportbezirk-westfalen-mitte.de\/wordpress\/wp-json\/wp\/v2\/posts\/16348\/revisions"}],"predecessor-version":[{"id":16356,"href":"https:\/\/radsportbezirk-westfalen-mitte.de\/wordpress\/wp-json\/wp\/v2\/posts\/16348\/revisions\/16356"}],"wp:attachment":[{"href":"https:\/\/radsportbezirk-westfalen-mitte.de\/wordpress\/wp-json\/wp\/v2\/media?parent=16348"}],"wp:term":[{"taxonomy":"category","embeddable":true,"href":"https:\/\/radsportbezirk-westfalen-mitte.de\/wordpress\/wp-json\/wp\/v2\/categories?post=16348"},{"taxonomy":"post_tag","embeddable":true,"href":"https:\/\/radsportbezirk-westfalen-mitte.de\/wordpress\/wp-json\/wp\/v2\/tags?post=16348"}],"curies":[{"name":"wp","href":"https:\/\/api.w.org\/{rel}","templated":true}]}}