{"id":16241,"date":"2020-05-19T11:34:11","date_gmt":"2020-05-19T09:34:11","guid":{"rendered":"https:\/\/radsportbezirk-westfalen-mitte.de\/wordpress\/?p=16241"},"modified":"2020-05-19T11:34:11","modified_gmt":"2020-05-19T09:34:11","slug":"louis-leinau-vom-team-sks-sauerland-beendet-die-gca-bundesliga-auf-dem-8-platz-der-gesamtwertung","status":"publish","type":"post","link":"https:\/\/radsportbezirk-westfalen-mitte.de\/wordpress\/16241\/","title":{"rendered":"Louis Leinau vom Team SKS Sauerland beendet die GCA Bundesliga auf dem 8. Platz der Gesamtwertung"},"content":{"rendered":"<p>Beim Deb\u00fct der virtuellen Radbundesliga belegte der H\u00fcstener Louis Leinau einen beachtlichen 8. Platz. Im abschlie\u00dfenden Rennen am vergangenen Wochenende sprintete Leinau auf den 15. Platz.<br \/>\nTagesbester Sauerl\u00e4nder war hier Jon Knolle auf Platz 13.<\/p>\n<p><!--mopre--><\/p>\n<p><!--more--><\/p>\n<p>Das Rennen wurde auf dem nachgebildeten Kurs der Rad Weltmeisterschaft 2019 in Harrogate\u00a0 ausgetragen. Es herrschte vom Start weg ein hohes Tempo und am Ende k\u00e4mpften nur noch 30 Fahrer um den Sieg. Sieger des letzten Laufs und der Gesamtwertung wurde Lucas Carstensen aus Hamburg.<\/p>\n<p>Insgesamt nahmen \u00fcber 300 Sportler und Sportlerinnen aus 39 Teams an der E-Liga teil. In der Mannschaftswertung landete das Team SKS Sauerland NRW auf dem 4. Platz hinter den Teams Sportforum(D\u00fcsseldorf), Leopard (Luxemburg) und Bike Aid (Saarland). Eine bessere Platzierung Leinaus verhinderte ein technisches Problem beim vorletzten Lauf. Bei der eigentlichen flachen Strecke bekam Leinaus System pl\u00f6tzlich einige Anstiege eingespielt. Diese Fehlermeldungen machte dem Studenten wichtige Punkte zunichte.<\/p>\n<p>Die f\u00fcnfteilige Rennserie wurde von den Sportlern sehr gut angenommen. Sie bot eine gute Alternative zu den derzeit fehlenden Rennen auf der Stra\u00dfe. Die Akteure boten in den letzten Wochen einen harten Fight . Gefahren werden diese Rennen zu Hause auf der Rolle und man ben\u00f6tigt einen \u201eZwift\u201c Account. Fans<br \/>\nkonnten die Rennen live verfolgen. Leistungsdaten der Rennfahrer wurden angezeigt, die Strecke und Fahrer in der k\u00fcnstlichen \u201eZwiftwelt\u201c mit sogenannten Avartaren dargestellt.<br \/>\nAufgrund der guten Resonanz plant man beim Bund Deutscher Radfahrer und der German Cycling Academy bereits die n\u00e4chste virtuelle Rennserie.<\/p>\n<p>&nbsp;<\/p>\n<p><b>Gesamtwertung &#8222;GCA Liga powered by M\u00fcller- die Lila Logistik&#8220;:<\/b><\/p>\n<p>1. Platz Lucas Carstensen (Bike Aid)<br \/>\n.<br \/>\n.<\/p>\n<p>8. Platz Louis Leinau<\/p>\n<p>18. Platz Johannes Adamietz<\/p>\n<p>29. Platz Michel Gie\u00dfelmann<\/p>\n<p>41. Julian Braun<\/p>\n<p>65. Jon Knolle<\/p>\n<p>82. Johannes Hodapp (alle Team SKS Sauerland NRW)<\/p>\n<p>&nbsp;<\/p>\n<p align=\"center\"><img loading=\"lazy\" decoding=\"async\" class=\"aligncenter wp-image-16242\" src=\"https:\/\/radsportbezirk-westfalen-mitte.de\/wordpress\/wp-content\/uploads\/2020\/05\/IMG_5053-min-scaled.jpg\" alt=\"\" width=\"418\" height=\"500\" srcset=\"https:\/\/radsportbezirk-westfalen-mitte.de\/wordpress\/wp-content\/uploads\/2020\/05\/IMG_5053-min-scaled.jpg 2140w, https:\/\/radsportbezirk-westfalen-mitte.de\/wordpress\/wp-content\/uploads\/2020\/05\/IMG_5053-min-251x300.jpg 251w, https:\/\/radsportbezirk-westfalen-mitte.de\/wordpress\/wp-content\/uploads\/2020\/05\/IMG_5053-min-856x1024.jpg 856w, https:\/\/radsportbezirk-westfalen-mitte.de\/wordpress\/wp-content\/uploads\/2020\/05\/IMG_5053-min-768x919.jpg 768w, https:\/\/radsportbezirk-westfalen-mitte.de\/wordpress\/wp-content\/uploads\/2020\/05\/IMG_5053-min-1284x1536.jpg 1284w, https:\/\/radsportbezirk-westfalen-mitte.de\/wordpress\/wp-content\/uploads\/2020\/05\/IMG_5053-min-1712x2048.jpg 1712w\" sizes=\"auto, (max-width: 418px) 100vw, 418px\" \/><i>Louis Leinau zusammen mit seinem Betreuer und Bruder Joann.<\/i><\/p>\n<p>&nbsp;<\/p>\n<p>&nbsp;<\/p>\n<p>&nbsp;<\/p>\n<p>&nbsp;<\/p>\n<p>kind regards \/ C \u043d\u0430\u0438\u043b\u0443\u0447\u0448\u0438\u043c\u0438 \u043f\u043e\u0436\u0435\u043b\u0430\u043d\u0438\u044f\u043c\u0438!\/ mit sportlichen Gr\u00fc\u00dfen \/ met vriendelijke groet<\/p>\n<p>&nbsp;<\/p>\n<p><b>J\u00f6rg Scherf<\/b><br \/>\n<i>gesch\u00e4ftsf\u00fchrender Gesellschafter\/ CEO<\/i><\/p>\n<p>&nbsp;<\/p>\n<p>&nbsp;<\/p>\n<p>&nbsp;<\/p>\n<p>&nbsp;<\/p>\n<p>&nbsp;<\/p>\n","protected":false},"excerpt":{"rendered":"<p>Beim Deb\u00fct der virtuellen Radbundesliga belegte der H\u00fcstener Louis Leinau einen beachtlichen 8. Platz. Im abschlie\u00dfenden Rennen am vergangenen Wochenende sprintete Leinau auf den 15. Platz. Tagesbester Sauerl\u00e4nder war hier Jon Knolle auf Platz 13.<\/p><\/p><p><a class=\"more-link btn\" href=\"https:\/\/radsportbezirk-westfalen-mitte.de\/wordpress\/16241\/\">Weiterlesen<\/a><\/p>\n","protected":false},"author":1,"featured_media":0,"comment_status":"closed","ping_status":"closed","sticky":false,"template":"","format":"standard","meta":{"footnotes":""},"categories":[28,32,33],"tags":[278,337,558,1235,1250,1258,1266,1267,1274,1294],"class_list":["post-16241","post","type-post","status-publish","format-standard","hentry","category-strassenrennsport","category-vereine","category-rennsport","tag-rad-bundesliga","tag-jon-knolle","tag-louis-leinau","tag-johannes-hodapp","tag-michel-giesselmann","tag-johannes-adamietz","tag-julian-braun","tag-team-sks-sauerland-nrw","tag-1274","tag-online-rennen","wp-image-borders","item-wrap"],"_links":{"self":[{"href":"https:\/\/radsportbezirk-westfalen-mitte.de\/wordpress\/wp-json\/wp\/v2\/posts\/16241","targetHints":{"allow":["GET"]}}],"collection":[{"href":"https:\/\/radsportbezirk-westfalen-mitte.de\/wordpress\/wp-json\/wp\/v2\/posts"}],"about":[{"href":"https:\/\/radsportbezirk-westfalen-mitte.de\/wordpress\/wp-json\/wp\/v2\/types\/post"}],"author":[{"embeddable":true,"href":"https:\/\/radsportbezirk-westfalen-mitte.de\/wordpress\/wp-json\/wp\/v2\/users\/1"}],"replies":[{"embeddable":true,"href":"https:\/\/radsportbezirk-westfalen-mitte.de\/wordpress\/wp-json\/wp\/v2\/comments?post=16241"}],"version-history":[{"count":1,"href":"https:\/\/radsportbezirk-westfalen-mitte.de\/wordpress\/wp-json\/wp\/v2\/posts\/16241\/revisions"}],"predecessor-version":[{"id":16243,"href":"https:\/\/radsportbezirk-westfalen-mitte.de\/wordpress\/wp-json\/wp\/v2\/posts\/16241\/revisions\/16243"}],"wp:attachment":[{"href":"https:\/\/radsportbezirk-westfalen-mitte.de\/wordpress\/wp-json\/wp\/v2\/media?parent=16241"}],"wp:term":[{"taxonomy":"category","embeddable":true,"href":"https:\/\/radsportbezirk-westfalen-mitte.de\/wordpress\/wp-json\/wp\/v2\/categories?post=16241"},{"taxonomy":"post_tag","embeddable":true,"href":"https:\/\/radsportbezirk-westfalen-mitte.de\/wordpress\/wp-json\/wp\/v2\/tags?post=16241"}],"curies":[{"name":"wp","href":"https:\/\/api.w.org\/{rel}","templated":true}]}}